{"id":407108,"date":"2025-09-08T18:21:14","date_gmt":"2025-09-08T18:21:14","guid":{"rendered":"https:\/\/www.europesays.com\/de\/407108\/"},"modified":"2025-09-08T18:21:14","modified_gmt":"2025-09-08T18:21:14","slug":"richtfest-fuer-neues-gruenderzentrum-am-weinberg-campus-halle","status":"publish","type":"post","link":"https:\/\/www.europesays.com\/de\/407108\/","title":{"rendered":"Richtfest f\u00fcr neues Gr\u00fcnderzentrum am Weinberg Campus Halle"},"content":{"rendered":"<p class=\"fp-paragraph\"><strong>Halle (Saale)\/MZ<\/strong> &#8211; Die ersten Mieter stehen schon fest, auch wenn das neue Haus l\u00e4ngst noch nicht bezugsfertig ist. Die Norcsi GmbH will sich im Weinbergweg 23 ansiedeln, ein hallesches Start up, das sich auf die Entwicklung von Technik f\u00fcr reichweitenstarke Batterien spezialisiert hat. In gut einem Jahr soll das neue Geb\u00e4ude im Weinberg Campus, f\u00fcr das am Montag Richtfest gefeiert wurde, fertiggestellt sein.<\/p>\n","protected":false},"excerpt":{"rendered":"Halle (Saale)\/MZ &#8211; Die ersten Mieter stehen schon fest, auch wenn das neue Haus l\u00e4ngst noch nicht bezugsfertig&hellip;\n","protected":false},"author":2,"featured_media":407109,"comment_status":"","ping_status":"","sticky":false,"template":"","format":"standard","meta":{"footnotes":""},"categories":[1860],"tags":[3364,29,548,663,3934,30,4062,17332,13,14,15,17331,860,12],"class_list":{"0":"post-407108","1":"post","2":"type-post","3":"status-publish","4":"format-standard","5":"has-post-thumbnail","7":"category-halle-saale","8":"tag-de","9":"tag-deutschland","10":"tag-eu","11":"tag-europa","12":"tag-europe","13":"tag-germany","14":"tag-halle","15":"tag-halle-saale","16":"tag-headlines","17":"tag-nachrichten","18":"tag-news","19":"tag-saale","20":"tag-sachsen-anhalt","21":"tag-schlagzeilen"},"share_on_mastodon":{"url":"https:\/\/pubeurope.com\/@de\/115170068700141515","error":""},"_links":{"self":[{"href":"https:\/\/www.europesays.com\/de\/wp-json\/wp\/v2\/posts\/407108","targetHints":{"allow":["GET"]}}],"collection":[{"href":"https:\/\/www.europesays.com\/de\/wp-json\/wp\/v2\/posts"}],"about":[{"href":"https:\/\/www.europesays.com\/de\/wp-json\/wp\/v2\/types\/post"}],"author":[{"embeddable":true,"href":"https:\/\/www.europesays.com\/de\/wp-json\/wp\/v2\/users\/2"}],"replies":[{"embeddable":true,"href":"https:\/\/www.europesays.com\/de\/wp-json\/wp\/v2\/comments?post=407108"}],"version-history":[{"count":0,"href":"https:\/\/www.europesays.com\/de\/wp-json\/wp\/v2\/posts\/407108\/revisions"}],"wp:featuredmedia":[{"embeddable":true,"href":"https:\/\/www.europesays.com\/de\/wp-json\/wp\/v2\/media\/407109"}],"wp:attachment":[{"href":"https:\/\/www.europesays.com\/de\/wp-json\/wp\/v2\/media?parent=407108"}],"wp:term":[{"taxonomy":"category","embeddable":true,"href":"https:\/\/www.europesays.com\/de\/wp-json\/wp\/v2\/categories?post=407108"},{"taxonomy":"post_tag","embeddable":true,"href":"https:\/\/www.europesays.com\/de\/wp-json\/wp\/v2\/tags?post=407108"}],"curies":[{"name":"wp","href":"https:\/\/api.w.org\/{rel}","templated":true}]}}