{"id":407738,"date":"2025-09-09T00:28:17","date_gmt":"2025-09-09T00:28:17","guid":{"rendered":"https:\/\/www.europesays.com\/de\/407738\/"},"modified":"2025-09-09T00:28:17","modified_gmt":"2025-09-09T00:28:17","slug":"richtet-sich-an-brics-staaten-xi-jinping-ruft-zum-widerstand-gegen-us-protektionismus-auf","status":"publish","type":"post","link":"https:\/\/www.europesays.com\/de\/407738\/","title":{"rendered":"Richtet sich an Brics-Staaten: Xi Jinping ruft zum Widerstand gegen US-Protektionismus auf"},"content":{"rendered":"<p>                    Richtet sich an Brics-Staaten<br \/>\n                Xi Jinping ruft zum Widerstand gegen US-Protektionismus auf<\/p>\n<p>\t\t\t\t              08.09.2025, 19:05 Uhr<\/p>\n<p><b>Angesichts der Zollpolitik von US-Pr\u00e4sident Donald Trump hat Chinas Pr\u00e4sident Xi Jinping die Mitgliedstaaten der Brics-Gruppe dazu aufgerufen, sich gegen Protektionismus zur Wehr zu setzen. &#8222;Wir m\u00fcssen das multilaterale Handelssystem mit der Welthandelsorganisation als Kernst\u00fcck aufrechterhalten und allen Formen des Protektionismus widerstehen&#8220;, sagte Xi am Montag bei einem virtuellen Gipfeltreffen der Brics-Staaten.<\/b><\/p>\n<p>Unabh\u00e4ngig davon, wie sich die internationale Lage ver\u00e4ndere, &#8222;m\u00fcssen wir weiterhin standhaft f\u00fcr den Aufbau einer offenen Weltwirtschaft eintreten, Chancen teilen und durch Offenheit Win-Win-Ergebnisse erzielen&#8220;, f\u00fcgte Xi hinzu. Brasiliens Staatschef Luiz In\u00e1cio Lula da Silva hatte das Brics-Treffen einberufen, das den Charakter einer Krisensitzung hatte. &#8222;Unsere L\u00e4nder sind Opfer ungerechtfertigter und illegaler Handelspraktiken geworden&#8220;, sagte Lula mit Blick auf Z\u00f6lle der US-Regierung. &#8222;Zoll-Erpressung wird derzeit als Mittel zur Eroberung von M\u00e4rkten und zur Einmischung in innere Angelegenheiten normalisiert&#8220;, f\u00fcgte er hinzu.<\/p>\n<p>Bei ihrem j\u00e4hrlichen Gipfeltreffen im Juli in Rio de Janeiro hatte die Gruppe der Schwellenl\u00e4nder bereits &#8222;ernsthafte Bedenken&#8220; gegen die Zunahme einseitiger Z\u00f6lle und anderer Ma\u00dfnahmen, &#8222;die den Handel verzerren und unvereinbar mit den Regeln der Welthandelsorganisation sind&#8220;, ge\u00e4u\u00dfert. Trump warf den Brics-Mitgliedsl\u00e4ndern daraufhin USA-Feindlichkeit vor und drohte mit zus\u00e4tzlichen Strafz\u00f6llen.<\/p>\n<p>Zur Gruppe der Brics-Staaten geh\u00f6ren neben den namensgebenden L\u00e4ndern Brasilien, Russland, Indien, China und S\u00fcdafrika seit 2023 auch \u00c4gypten, \u00c4thiopien, Indonesien, der Iran, Saudi-Arabien und die Vereinigten Arabischen Emirate. Der Brics-Staatenbund wurde 2009 gegr\u00fcndet, um die geopolitische Dominanz der USA und Europas zu verringern und eine multipolare Weltordnung zu schaffen. Die Brics-Staaten machen rund die H\u00e4lfte der Weltbev\u00f6lkerung und 40 Prozent der weltweiten Wirtschaftsleistung aus.<\/p>\n","protected":false},"excerpt":{"rendered":"Richtet sich an Brics-Staaten Xi Jinping ruft zum Widerstand gegen US-Protektionismus auf 08.09.2025, 19:05 Uhr Angesichts der Zollpolitik&hellip;\n","protected":false},"author":2,"featured_media":407739,"comment_status":"","ping_status":"","sticky":false,"template":"","format":"standard","meta":{"footnotes":"","_share_on_mastodon":"0"},"categories":[3977],"tags":[331,332,76022,13,85552,14,15,18354,12,4017,4018,4016,107927,64,4019,4020,13467,105224],"class_list":["post-407738","post","type-post","status-publish","format-standard","has-post-thumbnail","category-usa","tag-aktuelle-nachrichten","tag-aktuelle-news","tag-brics-staaten","tag-headlines","tag-jinping","tag-nachrichten","tag-news","tag-richtet","tag-schlagzeilen","tag-united-states","tag-united-states-of-america","tag-us","tag-us-protektionismus","tag-usa","tag-vereinigte-staaten","tag-vereinigte-staaten-von-amerika","tag-widerstand","tag-xi"],"share_on_mastodon":{"url":"https:\/\/pubeurope.com\/@de\/115171512125037412","error":""},"_links":{"self":[{"href":"https:\/\/www.europesays.com\/de\/wp-json\/wp\/v2\/posts\/407738","targetHints":{"allow":["GET"]}}],"collection":[{"href":"https:\/\/www.europesays.com\/de\/wp-json\/wp\/v2\/posts"}],"about":[{"href":"https:\/\/www.europesays.com\/de\/wp-json\/wp\/v2\/types\/post"}],"author":[{"embeddable":true,"href":"https:\/\/www.europesays.com\/de\/wp-json\/wp\/v2\/users\/2"}],"replies":[{"embeddable":true,"href":"https:\/\/www.europesays.com\/de\/wp-json\/wp\/v2\/comments?post=407738"}],"version-history":[{"count":0,"href":"https:\/\/www.europesays.com\/de\/wp-json\/wp\/v2\/posts\/407738\/revisions"}],"wp:featuredmedia":[{"embeddable":true,"href":"https:\/\/www.europesays.com\/de\/wp-json\/wp\/v2\/media\/407739"}],"wp:attachment":[{"href":"https:\/\/www.europesays.com\/de\/wp-json\/wp\/v2\/media?parent=407738"}],"wp:term":[{"taxonomy":"category","embeddable":true,"href":"https:\/\/www.europesays.com\/de\/wp-json\/wp\/v2\/categories?post=407738"},{"taxonomy":"post_tag","embeddable":true,"href":"https:\/\/www.europesays.com\/de\/wp-json\/wp\/v2\/tags?post=407738"}],"curies":[{"name":"wp","href":"https:\/\/api.w.org\/{rel}","templated":true}]}}