{"id":408004,"date":"2025-09-09T02:56:13","date_gmt":"2025-09-09T02:56:13","guid":{"rendered":"https:\/\/www.europesays.com\/de\/408004\/"},"modified":"2025-09-09T02:56:13","modified_gmt":"2025-09-09T02:56:13","slug":"das-femailab-lernlabor-fuer-frauen-geht-in-die-zweite-runde","status":"publish","type":"post","link":"https:\/\/www.europesays.com\/de\/408004\/","title":{"rendered":"Das FemAILab Lernlabor f\u00fcr Frauen geht in die zweite Runde"},"content":{"rendered":"<p>Frauen entdecken, forschen und gestalten: Das FemAILab l\u00e4dt zu offenen KI-Sessions ins Zukunftswerk ein.<\/p>\n<p>Ab dem 6. Oktober wird in Wiesbaden wieder programmiert, diskutiert, gelernt \u2013 aber eben nicht irgendwo, sondern im\u00a0<strong>FemAILab<\/strong>. Der offene Lernraum f\u00fcr Frauen rund um K\u00fcnstliche Intelligenz geht in die zweite Runde. Bis zum 10. November trifft sich die Community jeden Montag im\u00a0<strong>Zukunftswerk<\/strong>, um gemeinsam \u00fcber KI nachzudenken, sie auszuprobieren und eigene Ideen weiterzutreiben.<\/p>\n<blockquote class=\"eventblock\"><p>\nZukunftswerk, kurz gefasst<br \/>\n<strong>Workshops\u00a0<\/strong>\u2013\u00a0ChatGPT besser kennenlernen<br \/>\n<strong>Wann:<\/strong>\u00a0Montag, 06. Oktober 2025, 16:00 bis 20:00 Uhr<br \/>\nbis zum 10. November 2025 jeden Montag.<br \/>\n<strong>Wo: <\/strong>Zukunftswerk im LuisenForum, Kirchgasse 6, 65185 Wiesbaden<\/p>\n<\/blockquote>\n<p>Das Konzept ist so einfach wie wirkungsvoll: Am Anfang jedes Treffens stehen kurze Inputs \u2013 kompakt, verst\u00e4ndlich, direkt. Danach bestimmen die Teilnehmerinnen den Kurs. Ob Grundlagen oder konkrete Projekte: <strong>Jede bringt ihre Fragen, ihre Themen und ihre Ger\u00e4te mit<\/strong>. Gearbeitet wird in kleinen Gruppen oder individuell, begleitet von einer erfahrenen KI-Coachin.<\/p>\n<p>So entsteht mehr als nur ein Kurs: ein lebendiges Lernlabor, das gleichzeitig als\u00a0<strong>Community of Practice<\/strong>\u00a0funktioniert. Frauen helfen einander, teilen Wissen und entwickeln eigene Ans\u00e4tze f\u00fcr den Einsatz von KI.<\/p>\n<p>Warum ein Raum nur f\u00fcr Frauen?<\/p>\n<p>\u201eGleichberechtigung beginnt mit Repr\u00e4sentation \u2013 doch Frauen sind in der KI-Entwicklung nach wie vor unterrepr\u00e4sentiert\u201c, erkl\u00e4rt <strong>Maral Koohestanian<\/strong>, Dezernentin f\u00fcr Smart City, Europa und Ordnung. Mit dem FemAILab soll sich das \u00e4ndern: Ein Raum, der Frauen st\u00e4rkt, inspiriert und vernetzt.<\/p>\n<p>Auch Karin Siepmann von\u00a0<strong>BerufsWege f\u00fcr Frauen e. V.<\/strong>\u00a0unterstreicht die Bedeutung: \u201eHier entsteht ein Lern\u00f6kosystem mitten in der Stadt, mitten im Leben. Jede Frau findet ihren eigenen Weg mit KI \u2013 und gestaltet Zukunft aktiv mit.\u201c<\/p>\n<p>Offen, kostenfrei, mitten in Wiesbaden<\/p>\n<p>Das\u00a0<strong>Zukunftswerk im Luisenforum<\/strong>\u00a0wird zum Treffpunkt. Von 16 bis 20 Uhr laufen die Sessions, die Teilnahme ist kostenfrei. Eine Anmeldung bis Freitagmittag gen\u00fcgt \u2013 und wer Laptop, Tablet oder Smartphone mitbringt, kann sofort loslegen.<\/p>\n<p>Symbolfoto \u00a9 2025 AI-generiert<\/p>\n<p>Weitere Nachrichten aus dem <strong>Stadtteil Mitte<\/strong> <a href=\"http:\/\/wiesbaden-lebt.de\/tag\/mitte\" target=\"_blank\" rel=\"noopener\">lesen Sie hier<\/a><\/p>\n<p>Mehr vom <strong><a href=\"https:\/\/zukunftswerk.wiesbaden.de\/\" target=\"_blank\" rel=\"noopener\">Zukunftswerk<\/a><\/strong><\/p>\n<p><img loading=\"lazy\" decoding=\"async\" id=\"metis-img-pixel\" src=\"https:\/\/www.europesays.com\/de\/wp-content\/uploads\/2025\/09\/19f77a47e83f418a9fccdd15cf7d8a34.gif\" width=\"1\" height=\"1\" alt=\"\"\/><\/p>\n","protected":false},"excerpt":{"rendered":"Frauen entdecken, forschen und gestalten: Das FemAILab l\u00e4dt zu offenen KI-Sessions ins Zukunftswerk ein. Ab dem 6. Oktober&hellip;\n","protected":false},"author":2,"featured_media":408005,"comment_status":"","ping_status":"","sticky":false,"template":"","format":"standard","meta":{"footnotes":""},"categories":[1847],"tags":[3364,29,548,663,3934,108003,30,13,2052,108004,525,14,15,12,4544,108005],"class_list":{"0":"post-408004","1":"post","2":"type-post","3":"status-publish","4":"format-standard","5":"has-post-thumbnail","7":"category-wiesbaden","8":"tag-de","9":"tag-deutschland","10":"tag-eu","11":"tag-europa","12":"tag-europe","13":"tag-femailab","14":"tag-germany","15":"tag-headlines","16":"tag-hessen","17":"tag-luisenforum","18":"tag-mitte","19":"tag-nachrichten","20":"tag-news","21":"tag-schlagzeilen","22":"tag-wiesbaden","23":"tag-zukunftswerk"},"share_on_mastodon":{"url":"https:\/\/pubeurope.com\/@de\/115172093762755672","error":""},"_links":{"self":[{"href":"https:\/\/www.europesays.com\/de\/wp-json\/wp\/v2\/posts\/408004","targetHints":{"allow":["GET"]}}],"collection":[{"href":"https:\/\/www.europesays.com\/de\/wp-json\/wp\/v2\/posts"}],"about":[{"href":"https:\/\/www.europesays.com\/de\/wp-json\/wp\/v2\/types\/post"}],"author":[{"embeddable":true,"href":"https:\/\/www.europesays.com\/de\/wp-json\/wp\/v2\/users\/2"}],"replies":[{"embeddable":true,"href":"https:\/\/www.europesays.com\/de\/wp-json\/wp\/v2\/comments?post=408004"}],"version-history":[{"count":0,"href":"https:\/\/www.europesays.com\/de\/wp-json\/wp\/v2\/posts\/408004\/revisions"}],"wp:featuredmedia":[{"embeddable":true,"href":"https:\/\/www.europesays.com\/de\/wp-json\/wp\/v2\/media\/408005"}],"wp:attachment":[{"href":"https:\/\/www.europesays.com\/de\/wp-json\/wp\/v2\/media?parent=408004"}],"wp:term":[{"taxonomy":"category","embeddable":true,"href":"https:\/\/www.europesays.com\/de\/wp-json\/wp\/v2\/categories?post=408004"},{"taxonomy":"post_tag","embeddable":true,"href":"https:\/\/www.europesays.com\/de\/wp-json\/wp\/v2\/tags?post=408004"}],"curies":[{"name":"wp","href":"https:\/\/api.w.org\/{rel}","templated":true}]}}