{"id":408163,"date":"2025-09-09T04:23:10","date_gmt":"2025-09-09T04:23:10","guid":{"rendered":"https:\/\/www.europesays.com\/de\/408163\/"},"modified":"2025-09-09T04:23:10","modified_gmt":"2025-09-09T04:23:10","slug":"in-muenster-ist-zeit-stifte-tag-antenne-muenster","status":"publish","type":"post","link":"https:\/\/www.europesays.com\/de\/408163\/","title":{"rendered":"In M\u00fcnster ist &#8222;Zeit-Stifte-Tag&#8220; &#8211; Antenne M\u00fcnster"},"content":{"rendered":"<p>&#8222;Ich engagiere mich beim ZeitStifteTag, weil ich etwas Sinnvolles bewirken und zu einer starken, solidarischen Gemeinschaft beitragen m\u00f6chte.&#8220; So sieht es Yannick Evenkamp (r.), Auszubildender der Sparkasse M\u00fcnsterland Ost. F\u00fcr ihn ist es selbstverst\u00e4ndlich, dabei zu sein, wenn heute der diesj\u00e4hrige ZeitStifteTag der Freiwilligenagentur M\u00fcnster \u00fcber die B\u00fchne geht. Mehr als 100 Azubis von BASF Coatings, der Sparkasse M\u00fcnsterland Ost, der Stadtwerke M\u00fcnster und der Stadt M\u00fcnster werden von ihren Arbeitgebern freigestellt, um sich einen Tag lang freiwillig zu engagieren. Am ZeitStifteTag haben die Auszubildenden die M\u00f6glichkeit, Gutes zu tun, andere Lebenswelten kennenzulernen und Engagement auszuprobieren.<\/p>\n<p>Insgesamt 17 Projekte in gemeinn\u00fctzigen Einrichtungen bekommen tatkr\u00e4ftige Unterst\u00fctzung von den jungen Leuten. Die Azubis streichen einen Treffpunkt f\u00fcr wohnungslose Menschen, pflegen Biotope, in denen gef\u00e4hrdete Arten einen Lebensraum finden, oder bringen mit Spielen und Ausfl\u00fcgen Abwechslung in M\u00fcnsters Altenheime. Eva V\u00f6lker (l.), Dual Studierende bei der Stadt M\u00fcnster, freut sich schon auf den Tag. &#8222;Als Auszubildende bei der Stadt M\u00fcnster lerne ich, die Stadt mitzugestalten&#8220;, erz\u00e4hlt V\u00f6lker. &#8222;Beim ZeitStifteTag setze ich mich pers\u00f6nlich f\u00fcr Menschen vor Ort ein.&#8220; Emery Cage (2.v.r.) macht eine Ausbildung bei den Stadtwerken M\u00fcnster und erg\u00e4nzt: &#8222;Ich finde die Unterst\u00fctzung gemeinn\u00fctziger Organisationen wichtig, weil sie, trotz ihrer gro\u00dfen Bedeutung, oft nicht genug Ressourcen oder Personal haben.&#8220; Der ZeitStifteTag spricht die Auszubildenden insbesondere auch deshalb an, weil sie neue Erfahrungen au\u00dferhalb des Ausbildungsalltags sammeln k\u00f6nnen. Marlene Arlt (2.v.l.) , Auszubildende bei BASF Coatings, best\u00e4tigt das: &#8222;Der Tag motiviert mich, weil ich mich sozial engagieren und gleichzeitig Neues lernen kann.&#8220;\u00a0<\/p>\n<p>Die Freiwilligenagentur M\u00fcnster der kommunalen Stiftung Siverdes organisiert den Tag bereits zum siebten Mal. Daniel Gro\u00dfbr\u00f6hmer, Leiter der Gesch\u00e4ftsstelle Kommunale Stiftungen M\u00fcnster betont: &#8222;Der ZeitStifteTag ist f\u00fcr uns eine Chance, junge Menschen f\u00fcr Engagement zu begeistern. Es ist sch\u00f6n zu sehen, wie die Azubis mit Herz und Tatkraft bei der Sache sind und dabei neue Einblicke erhalten.&#8220; Das sieht Projektleiterin Nicole Lau ganz genauso. &#8222;Au\u00dferdem gilt: Der ZeitStifteTag wirkt nicht nur am Tag selbst, sondern auch dar\u00fcber hinaus.&#8220;<\/p>\n<p>\u00dcber die Freiwilligenagentur<\/p>\n<p>Die Freiwilligenagentur M\u00fcnster ist eine Einrichtung der kommunal verwalteten Stiftung Siverdes. Die Freiwilligenagentur erm\u00f6glicht und st\u00e4rkt freiwilliges Engagement in M\u00fcnster. Sie ist individuelle Anlaufstelle f\u00fcr alle, die sich engagieren m\u00f6chten. Die Freiwilligenagentur ber\u00e4t Freiwillige sowie Einrichtungen, Vereine und Initiativen, die mit Freiwilligen arbeiten, und bietet in ihrer Freiwilligenakademie Fortbildungen an. Weitere Informationen gibt es unter der Telefonnummer 0251\/492-5970 oder im Netz unter <a href=\"http:\/\/www.freiwilligenagentur-muenster.de\" rel=\"noopener noreferrer nofollow\" target=\"_blank\">www.freiwilligenagentur-muenster.de<\/a>.<\/p>\n","protected":false},"excerpt":{"rendered":"&#8222;Ich engagiere mich beim ZeitStifteTag, weil ich etwas Sinnvolles bewirken und zu einer starken, solidarischen Gemeinschaft beitragen m\u00f6chte.&#8220;&hellip;\n","protected":false},"author":2,"featured_media":408164,"comment_status":"","ping_status":"","sticky":false,"template":"","format":"standard","meta":{"footnotes":""},"categories":[1843],"tags":[5677,108028,3364,29,5393,14967,30,8970,1209],"class_list":{"0":"post-408163","1":"post","2":"type-post","3":"status-publish","4":"format-standard","5":"has-post-thumbnail","7":"category-muenster","8":"tag-munster","9":"tag-zeitstifte","10":"tag-de","11":"tag-deutschland","12":"tag-ehrenamt","13":"tag-engagement","14":"tag-germany","15":"tag-muenster","16":"tag-nordrhein-westfalen"},"share_on_mastodon":{"url":"https:\/\/pubeurope.com\/@de\/115172436242816986","error":""},"_links":{"self":[{"href":"https:\/\/www.europesays.com\/de\/wp-json\/wp\/v2\/posts\/408163","targetHints":{"allow":["GET"]}}],"collection":[{"href":"https:\/\/www.europesays.com\/de\/wp-json\/wp\/v2\/posts"}],"about":[{"href":"https:\/\/www.europesays.com\/de\/wp-json\/wp\/v2\/types\/post"}],"author":[{"embeddable":true,"href":"https:\/\/www.europesays.com\/de\/wp-json\/wp\/v2\/users\/2"}],"replies":[{"embeddable":true,"href":"https:\/\/www.europesays.com\/de\/wp-json\/wp\/v2\/comments?post=408163"}],"version-history":[{"count":0,"href":"https:\/\/www.europesays.com\/de\/wp-json\/wp\/v2\/posts\/408163\/revisions"}],"wp:featuredmedia":[{"embeddable":true,"href":"https:\/\/www.europesays.com\/de\/wp-json\/wp\/v2\/media\/408164"}],"wp:attachment":[{"href":"https:\/\/www.europesays.com\/de\/wp-json\/wp\/v2\/media?parent=408163"}],"wp:term":[{"taxonomy":"category","embeddable":true,"href":"https:\/\/www.europesays.com\/de\/wp-json\/wp\/v2\/categories?post=408163"},{"taxonomy":"post_tag","embeddable":true,"href":"https:\/\/www.europesays.com\/de\/wp-json\/wp\/v2\/tags?post=408163"}],"curies":[{"name":"wp","href":"https:\/\/api.w.org\/{rel}","templated":true}]}}