{"id":408282,"date":"2025-09-09T05:37:36","date_gmt":"2025-09-09T05:37:36","guid":{"rendered":"https:\/\/www.europesays.com\/de\/408282\/"},"modified":"2025-09-09T05:37:36","modified_gmt":"2025-09-09T05:37:36","slug":"21-millionen-euro-fuer-die-bogestra","status":"publish","type":"post","link":"https:\/\/www.europesays.com\/de\/408282\/","title":{"rendered":"21 Millionen Euro f\u00fcr die Bogestra"},"content":{"rendered":"<p class=\"small date article__date\">Ver\u00f6ffentlicht:\u00a0Montag, 08.09.2025 12:12<\/p>\n<p>Mit dem Geld von Land und Bund sollen Haltestellen und Schienen der Stra\u00dfenbahnen in Gelsenkirchen und Bochum erneuert werden. <\/p>\n<p><img decoding=\"async\" alt=\"\" src=\"https:\/\/www.europesays.com\/de\/wp-content\/uploads\/2025\/09\/tunnel1.jpg&#038;crop=0x317x4031x2520&#038;resize=1280x800&#038;dt=202403081426500.jpeg\" data-size=\"1280x800\"\/>\u00a9 Radio Emscher Lippe<\/p>\n<ul>\n<li><strong>Aufz\u00fcge und Rolltreppen sollen erneuert werden<\/strong><\/li>\n<li><strong>Stellwerk in Gelsenkirchen wird digitalisiert<\/strong><\/li>\n<\/ul>\n<p>Die Bogestra hat von Land und Bund einen Scheck \u00fcber 21 Millionen Euro bekommen. Das Geld wird zum Beispiel in neue Aufz\u00fcge und Rolltreppen an den Stra\u00dfenbahnhaltestellen bei uns gesteckt. Au\u00dferdem will das Nahverkehrsunternehmen mit den Millionen Gleise und Weichen erneuern &#8211; das soll daf\u00fcr sorgen, <a href=\"https:\/\/www.radioemscherlippe.de\/artikel\/gelsenkirchen-302-faehrt-wieder-durch-buer-2395502.html\" rel=\"noopener noreferrer nofollow\" target=\"_blank\">dass die Stra\u00dfenbahnen insgesamt verl\u00e4sslicher unterwegs sind<\/a>. Ein gro\u00dfes Projekt l\u00e4uft im Gelsenkirchener Stadtbahntunnel: Da wird mit dem Geld von Land und Bund das komplette Stellwerk neu gemacht und digitalisiert.<\/p>\n<p>Die 21 Millionen kommen nicht ganz \u00fcberraschend f\u00fcr die Bogestra: Sie sind Teil des F\u00f6rderprogramms &#8222;Kommunale Schiene&#8220;. Darin haben Land und Bund bis 2031 insgesamt eine Milliarde Euro zugesagt, um die Verkehrsunternehmen in NRW fit f\u00fcr die Zukunft zu machen. Dieses Geld flie\u00dft jetzt St\u00fcck f\u00fcr St\u00fcck.<\/p>\n","protected":false},"excerpt":{"rendered":"Ver\u00f6ffentlicht:\u00a0Montag, 08.09.2025 12:12 Mit dem Geld von Land und Bund sollen Haltestellen und Schienen der Stra\u00dfenbahnen in Gelsenkirchen&hellip;\n","protected":false},"author":2,"featured_media":408283,"comment_status":"","ping_status":"","sticky":false,"template":"","format":"standard","meta":{"footnotes":""},"categories":[1848],"tags":[20997,3364,29,548,663,3934,3658,30,13,14,4186,15,1209,12,12923],"class_list":{"0":"post-408282","1":"post","2":"type-post","3":"status-publish","4":"format-standard","5":"has-post-thumbnail","7":"category-gelsenkirchen","8":"tag-bogestra","9":"tag-de","10":"tag-deutschland","11":"tag-eu","12":"tag-europa","13":"tag-europe","14":"tag-gelsenkirchen","15":"tag-germany","16":"tag-headlines","17":"tag-nachrichten","18":"tag-nahverkehr","19":"tag-news","20":"tag-nordrhein-westfalen","21":"tag-schlagzeilen","22":"tag-straenbahn"},"share_on_mastodon":{"url":"https:\/\/pubeurope.com\/@de\/115172726803387639","error":""},"_links":{"self":[{"href":"https:\/\/www.europesays.com\/de\/wp-json\/wp\/v2\/posts\/408282","targetHints":{"allow":["GET"]}}],"collection":[{"href":"https:\/\/www.europesays.com\/de\/wp-json\/wp\/v2\/posts"}],"about":[{"href":"https:\/\/www.europesays.com\/de\/wp-json\/wp\/v2\/types\/post"}],"author":[{"embeddable":true,"href":"https:\/\/www.europesays.com\/de\/wp-json\/wp\/v2\/users\/2"}],"replies":[{"embeddable":true,"href":"https:\/\/www.europesays.com\/de\/wp-json\/wp\/v2\/comments?post=408282"}],"version-history":[{"count":0,"href":"https:\/\/www.europesays.com\/de\/wp-json\/wp\/v2\/posts\/408282\/revisions"}],"wp:featuredmedia":[{"embeddable":true,"href":"https:\/\/www.europesays.com\/de\/wp-json\/wp\/v2\/media\/408283"}],"wp:attachment":[{"href":"https:\/\/www.europesays.com\/de\/wp-json\/wp\/v2\/media?parent=408282"}],"wp:term":[{"taxonomy":"category","embeddable":true,"href":"https:\/\/www.europesays.com\/de\/wp-json\/wp\/v2\/categories?post=408282"},{"taxonomy":"post_tag","embeddable":true,"href":"https:\/\/www.europesays.com\/de\/wp-json\/wp\/v2\/tags?post=408282"}],"curies":[{"name":"wp","href":"https:\/\/api.w.org\/{rel}","templated":true}]}}