{"id":408297,"date":"2025-09-09T05:47:11","date_gmt":"2025-09-09T05:47:11","guid":{"rendered":"https:\/\/www.europesays.com\/de\/408297\/"},"modified":"2025-09-09T05:47:11","modified_gmt":"2025-09-09T05:47:11","slug":"der-frust-in-wuppertal-waechst","status":"publish","type":"post","link":"https:\/\/www.europesays.com\/de\/408297\/","title":{"rendered":"Der Frust in Wuppertal w\u00e4chst"},"content":{"rendered":"<p class=\"initial richtext text-em-55 !leading-serif mx-6 desktop:mx-0\">Die Stadt hat ein Autoproblem. Dennoch gibt es Politiker, die gerne mehr Platz f\u00fcr die Fahrzeuge schaffen m\u00f6chten, die Stadt attraktiver f\u00fcr Autofahrende machen wollen. Aber braucht es das wirklich? Ja, es ist bequem, direkt vor der Haust\u00fcr zu parken, ja, es nervt, Ewigkeiten im Kreis zu fahren auf der Suche nach einem Parkplatz. Aber ist das ein Grund, den kompletten Gehweg zuzuparken, noch dazu vor einer Grundschule und direkt an der Bushaltestelle? Wie unverfroren \u2013 oder reich \u2013 kann man sein, wenn einem etliche Kn\u00f6llchen scheinbar egal sind und man trotzdem weiter dort parkt? Handlungsspielraum gibt es scheinbar kaum. Die Stadt verweist wie immer auf das Parkraumkonzept, auf das seit geraumer Zeit gewartet wird . <\/p>\n<p class=\"initial richtext text-em-55 !leading-serif mx-6 desktop:mx-0\">Aber die aktuelle Situation verbessert sich dadurch \u00fcberhaupt nicht. Das Problem wird weiter nach hinten geschoben. Klar, ein durchdachtes und gut umsetzbares Konzept k\u00f6nnte Gold Wert sein \u2013 aber bei vielen Menschen steigt einfach nur der Frust. Bei denjenigen, die Sorge um Kinder haben, die nicht mehr sicher zur Schule kommen, aber auch bei denen, die dann doch den B\u00fcrgersteig oder Rettungsweg zuparken. Eine Ver\u00e4nderung ist dringend notwendig \u2013 und an der Stelle wird es Alternativen geben m\u00fcssen: Mehr Quartiersgaragen, Anwohnerparken, besseren \u00d6PNV. Das ist teuer und vermutlich nicht popul\u00e4r, aber notwendig f\u00fcr eine gute Zukunft.<\/p>\n","protected":false},"excerpt":{"rendered":"Die Stadt hat ein Autoproblem. Dennoch gibt es Politiker, die gerne mehr Platz f\u00fcr die Fahrzeuge schaffen m\u00f6chten,&hellip;\n","protected":false},"author":2,"featured_media":408298,"comment_status":"","ping_status":"","sticky":false,"template":"","format":"standard","meta":{"footnotes":""},"categories":[1840],"tags":[3364,29,5913,30,1209,92643,108064,4418],"class_list":{"0":"post-408297","1":"post","2":"type-post","3":"status-publish","4":"format-standard","5":"has-post-thumbnail","7":"category-wuppertal","8":"tag-de","9":"tag-deutschland","10":"tag-frust","11":"tag-germany","12":"tag-nordrhein-westfalen","13":"tag-notwendig","14":"tag-scheinbar","15":"tag-wuppertal"},"share_on_mastodon":{"url":"https:\/\/pubeurope.com\/@de\/115172766119298923","error":""},"_links":{"self":[{"href":"https:\/\/www.europesays.com\/de\/wp-json\/wp\/v2\/posts\/408297","targetHints":{"allow":["GET"]}}],"collection":[{"href":"https:\/\/www.europesays.com\/de\/wp-json\/wp\/v2\/posts"}],"about":[{"href":"https:\/\/www.europesays.com\/de\/wp-json\/wp\/v2\/types\/post"}],"author":[{"embeddable":true,"href":"https:\/\/www.europesays.com\/de\/wp-json\/wp\/v2\/users\/2"}],"replies":[{"embeddable":true,"href":"https:\/\/www.europesays.com\/de\/wp-json\/wp\/v2\/comments?post=408297"}],"version-history":[{"count":0,"href":"https:\/\/www.europesays.com\/de\/wp-json\/wp\/v2\/posts\/408297\/revisions"}],"wp:featuredmedia":[{"embeddable":true,"href":"https:\/\/www.europesays.com\/de\/wp-json\/wp\/v2\/media\/408298"}],"wp:attachment":[{"href":"https:\/\/www.europesays.com\/de\/wp-json\/wp\/v2\/media?parent=408297"}],"wp:term":[{"taxonomy":"category","embeddable":true,"href":"https:\/\/www.europesays.com\/de\/wp-json\/wp\/v2\/categories?post=408297"},{"taxonomy":"post_tag","embeddable":true,"href":"https:\/\/www.europesays.com\/de\/wp-json\/wp\/v2\/tags?post=408297"}],"curies":[{"name":"wp","href":"https:\/\/api.w.org\/{rel}","templated":true}]}}