{"id":408821,"date":"2025-09-09T10:35:16","date_gmt":"2025-09-09T10:35:16","guid":{"rendered":"https:\/\/www.europesays.com\/de\/408821\/"},"modified":"2025-09-09T10:35:16","modified_gmt":"2025-09-09T10:35:16","slug":"stromausfall-in-berlin-war-anschlag-50-000-menschen-und-s-bahn-betroffen-regional","status":"publish","type":"post","link":"https:\/\/www.europesays.com\/de\/408821\/","title":{"rendered":"Stromausfall in Berlin war Anschlag: 50.000 Menschen und S-Bahn betroffen | Regional"},"content":{"rendered":"<p>Berlin \u2013 <b>Schwerer Stromausfall am Dienstagmorgen im S\u00fcdosten Berlins! Seit den fr\u00fchen Morgenstunden sitzen 50.000 Haushalte im Dunkeln. Das hat auch Auswirkungen auf den Notruf von Feuerwehr und Polizei! Die Notrufnummern 110 und 112 sind teilweise ausgefallen, warnt die Berliner Feuerwehr.<\/b><\/p>\n<p>Gegen 3.30 Uhr sei Stromnetz Berlin der Brand von zwei Masten in Johannisthal gemeldet worden, teilte ein Sprecher am Morgen BILD mit. Das Feuer konnte gel\u00f6scht werden, doch durch den Brand seien Stromleitungen ausgefallen. <\/p>\n<p>Die Polizei ist vor Ort und hat den K\u00f6nigsheideweg weitr\u00e4umig f\u00fcr die Ermittlungen abgesperrt. \u201eNach derzeitigem Stand ist von einer <a href=\"https:\/\/www.bild.de\/themen\/ereignisse\/brandstiftung\/news-nachrichten-news-fotos-videos-19795804.bild.html\" class=\"text-link\" rel=\"nofollow noopener\" target=\"_blank\">Brandstiftung<\/a> auszugehen\u201c, so ein Polizeisprecher. <\/p>\n<p><img decoding=\"async\" width=\"992\" height=\"558\" alt=\"Ermittler untersuchen den Strommast auf Spuren\" src=\"https:\/\/www.europesays.com\/de\/wp-content\/uploads\/2025\/09\/3f35479600321dabd420d22d262eeddc,7ea4c1ce\"   class=\"landscape\" loading=\"lazy\"\/><\/p>\n<p class=\"fig__caption__text\">Ermittler untersuchen den Strommast auf Spuren<\/p>\n<p>Foto: Olaf Wagner<\/p>\n<p>Hinweise darauf seien die Wahl der beiden Strommasten als Anschlagsziel und das Vorgehen der T\u00e4ter, hie\u00df es von der Polizei. Die Ermittlungen nach dem Stromausfall hat der f\u00fcr politisch motivierte Straftaten zust\u00e4ndige Staatsschutz des Landeskriminalamts \u00fcbernommen.<\/p>\n<p><img decoding=\"async\" width=\"992\" height=\"558\" alt=\"Ein Wagen der Polizei am Anschlagsort\" src=\"https:\/\/www.europesays.com\/de\/wp-content\/uploads\/2025\/09\/fd16637e3a775cb66433ad6bebee33fa,96dc3ebb\"   class=\"landscape\" loading=\"lazy\"\/><\/p>\n<p class=\"fig__caption__text\">Ein Wagen der Polizei am Anschlagsort<\/p>\n<p>Foto: Olaf Wagner<\/p>\n<p>Wen der Stromausfall in Berlin betrifft<\/p>\n<p><b>\u201eRund 50.000 Kunden sind betroffen\u201c, hei\u00dft es. Dazu z\u00e4hlen Haushalte und Gewerbe. Etwa sieben Stunden nach dem Brandanschlag konnten 15.000 von knapp 50.000 betroffenen Kunden wieder mit Energie versorgt werden. Man habe Leitungen umgeschaltet, so dass die Versorgung bestimmter Gegenden ab dem sp\u00e4ten Vormittag wieder m\u00f6glich gewesen sei, sagte ein Sprecher von Stromnetz Berlin.<\/b><\/p>\n<p>Wie lange die anderen Haushalte noch auf <a href=\"https:\/\/www.bild.de\/ratgeber\/geld\/strom\/strom-und-energiepreise-alle-infos-78276768.bild.html\" class=\"text-link\" rel=\"nofollow noopener\" target=\"_blank\">Strom<\/a> warten m\u00fcssen, sei unklar. Reparaturen seien so schnell noch nicht m\u00f6glich gewesen.<\/p>\n<p>Um 5.09 Uhr war es nach BILD-Informationen infolge des Brandes in den Umspannwerken Moissistra\u00dfe, Wegedornstra\u00dfe und Fernheizkraft Neuk\u00f6lln zu einem Ausfall der gesamten Umspannwerke gekommen.<\/p>\n<p>Nahverkehr betroffen<\/p>\n<p>Betroffen sind <a href=\"https:\/\/www.bild.de\/themen\/specials\/oeffentliche-verkehrsmittel\/news-fotos-videos-17021172.bild.html\" class=\"text-link\" rel=\"nofollow noopener\" target=\"_blank\">\u00f6ffentliche Verkehrsmittel<\/a> und der Stra\u00dfenverkehr: \u201eDie S-Bahnen und Stra\u00dfenbahnen fahren nicht, Ampeln sind ausgefallen\u201c, so die Mitteilung der VIZ <a href=\"https:\/\/www.bild.de\/regional\/berlin\/berlin-regional\/home-15823246.bild.html\" class=\"text-link\" rel=\"nofollow noopener\" target=\"_blank\">Berlin<\/a> via Bluesky am fr\u00fchen Morgen. <\/p>\n<p><img decoding=\"async\" width=\"992\" height=\"558\" alt=\"Ein Polizist regelt den Verkehr, die Ampeln sind ausgefallen\" src=\"https:\/\/www.europesays.com\/de\/wp-content\/uploads\/2025\/09\/70f0c41d6c918339475a55aaf37385c2,fdf62f32\"   class=\"landscape\" loading=\"lazy\"\/><\/p>\n<p class=\"fig__caption__text\">Ein Polizist regelt den Verkehr, die Ampeln sind ausgefallen<\/p>\n<p>Foto: Jens Kalaene\/dpa<\/p>\n<p>Der Stromausfall treffe Teile von Altglienicke, Gr\u00fcnau, Adlershof, Spindlersfeld, Alt-Johannisthal und Obersch\u00f6neweide, teilte die Polizei auf der Plattform X mit.<\/p>\n<p><img decoding=\"async\" width=\"992\" height=\"558\" alt=\"Blick auf einen der Strommasten, der durch die Flammen besch\u00e4digt wurde\" src=\"https:\/\/www.europesays.com\/de\/wp-content\/uploads\/2025\/09\/c7d3147223b151a5ad98174e7bf93abe,756d3820\"   class=\"landscape\" loading=\"lazy\"\/><\/p>\n<p class=\"fig__caption__text\">Blick auf einen der Strommasten, der durch die Flammen besch\u00e4digt wurde<\/p>\n<p>Foto: Axel Billig \/ Pressefoto Wagner <\/p>\n<p>Ausf\u00e4lle und Versp\u00e4tungen bei der S-Bahn<\/p>\n<p>Die S-Bahn teilte bei X mit: \u201eWegen des Ausfalls der Energieversorgung im Bereich Sch\u00f6neweide kann es zu Versp\u00e4tungen und Ausf\u00e4llen kommen.\u201c Betroffen davon sind die Linien S8, S9, S45, S46, S47 und S85.<\/p>\n<p>Gegen 7.30 Uhr teilte die S-Bahn mit, dass die Z\u00fcge \u201eohne Einschr\u00e4nkungen\u201c fahren w\u00fcrden. Lautsprecheransagen, Anzeigen und Fahrkartenautomaten seien aber wegen des Stromausfalls noch au\u00dfer Betrieb.<\/p>\n<p>Am Morgen war die Feuerwehr zum Pflegeheim in der Semmelweisstra\u00dfe im Einsatz: Dort waren infolge des Stromausfalls bei einigen Patienten \u2013 wie viele ist noch unklar \u2013 die Beatmungsger\u00e4te ausgefallen. Ausschlie\u00dfen wollte ein Feuerwehrsprecher am Dienstagmorgen nicht, dass f\u00fcr die betroffenen Patienten Lebensgefahr besteht. Vier Menschen wurden in Krankenh\u00e4user transportiert. Ein Feuerwehrsprecher sagte auf Anfrage, dass es zun\u00e4chst in der Nacht keine Eins\u00e4tze wegen des Stromausfalls gegeben habe.<\/p>\n<p><img decoding=\"async\" width=\"992\" height=\"558\" alt=\"Im Eingang eines Supermarkts steht ein Einkaufswagen mit einer Pappe mit der Aufschrift \u201eGeschlossen Stromausfall\u201c\" src=\"https:\/\/www.europesays.com\/de\/wp-content\/uploads\/2025\/09\/1ea5568af185bb84604ede38584c8596,a82d4e87\"   class=\"landscape\" loading=\"lazy\"\/><\/p>\n<p class=\"fig__caption__text\"> Im Eingang eines Supermarkts steht ein Einkaufswagen mit einer Pappe mit der Aufschrift \u201eGeschlossen Stromausfall\u201c<\/p>\n<p>Foto: Julius-Christian Schreiner\/dpa<\/p>\n<p>Aus Feuerwehrkreisen erfuhr BILD, dass das Schadensbild in etwa vergleichbar mit dem Stromausfall von K\u00f6penick sein soll. 2019 waren damals <a href=\"https:\/\/www.bild.de\/regional\/berlin\/berlin-aktuell\/stromausfall-seit-dienstag-in-berlin-koepenick-gehen-erste-lichter-an-60261260.bild.html\" class=\"text-link\" rel=\"nofollow noopener\" target=\"_blank\">Zehntausende \u00fcber 30 Stunden ohne Strom.<\/a> Daher wurde Stabs-Alarm ausgerufen, was sonst nur z.B. bei schweren Unwettern passiert.<\/p>\n","protected":false},"excerpt":{"rendered":"Berlin \u2013 Schwerer Stromausfall am Dienstagmorgen im S\u00fcdosten Berlins! Seit den fr\u00fchen Morgenstunden sitzen 50.000 Haushalte im Dunkeln.&hellip;\n","protected":false},"author":2,"featured_media":408822,"comment_status":"","ping_status":"","sticky":false,"template":"","format":"standard","meta":{"footnotes":""},"categories":[1825],"tags":[13774,296,1950,2919,12941,4852,2236,29,985,30,4746,121,1949,4900,2185,5667,45],"class_list":{"0":"post-408821","1":"post","2":"type-post","3":"status-publish","4":"format-standard","5":"has-post-thumbnail","7":"category-berlin","8":"tag-anschlag","9":"tag-berlin","10":"tag-blaulicht","11":"tag-brand","12":"tag-brandanschlag","13":"tag-brandstiftung","14":"tag-bvg","15":"tag-deutschland","16":"tag-feuerwehr","17":"tag-germany","18":"tag-oeffentliche-verkehrsmittel","19":"tag-polizei","20":"tag-s-bahn","21":"tag-strassenbahn","22":"tag-strom","23":"tag-stromausfall","24":"tag-texttospeech"},"share_on_mastodon":{"url":"https:\/\/pubeurope.com\/@de\/115173898763883833","error":""},"_links":{"self":[{"href":"https:\/\/www.europesays.com\/de\/wp-json\/wp\/v2\/posts\/408821","targetHints":{"allow":["GET"]}}],"collection":[{"href":"https:\/\/www.europesays.com\/de\/wp-json\/wp\/v2\/posts"}],"about":[{"href":"https:\/\/www.europesays.com\/de\/wp-json\/wp\/v2\/types\/post"}],"author":[{"embeddable":true,"href":"https:\/\/www.europesays.com\/de\/wp-json\/wp\/v2\/users\/2"}],"replies":[{"embeddable":true,"href":"https:\/\/www.europesays.com\/de\/wp-json\/wp\/v2\/comments?post=408821"}],"version-history":[{"count":0,"href":"https:\/\/www.europesays.com\/de\/wp-json\/wp\/v2\/posts\/408821\/revisions"}],"wp:featuredmedia":[{"embeddable":true,"href":"https:\/\/www.europesays.com\/de\/wp-json\/wp\/v2\/media\/408822"}],"wp:attachment":[{"href":"https:\/\/www.europesays.com\/de\/wp-json\/wp\/v2\/media?parent=408821"}],"wp:term":[{"taxonomy":"category","embeddable":true,"href":"https:\/\/www.europesays.com\/de\/wp-json\/wp\/v2\/categories?post=408821"},{"taxonomy":"post_tag","embeddable":true,"href":"https:\/\/www.europesays.com\/de\/wp-json\/wp\/v2\/tags?post=408821"}],"curies":[{"name":"wp","href":"https:\/\/api.w.org\/{rel}","templated":true}]}}