{"id":408851,"date":"2025-09-09T10:50:11","date_gmt":"2025-09-09T10:50:11","guid":{"rendered":"https:\/\/www.europesays.com\/de\/408851\/"},"modified":"2025-09-09T10:50:11","modified_gmt":"2025-09-09T10:50:11","slug":"nepals-regierungschef-oli-nach-toedlichen-protesten-zurueckgetreten","status":"publish","type":"post","link":"https:\/\/www.europesays.com\/de\/408851\/","title":{"rendered":"Nepals Regierungschef Oli nach t\u00f6dlichen Protesten zur\u00fcckgetreten"},"content":{"rendered":"<p class=\"metatextline\">Stand: 09.09.2025 11:49 Uhr<\/p>\n<p class=\"textabsatz columns twelve  m-ten  m-offset-one l-eight l-offset-two\">\n        <strong>Nepals Regierungschef Oli ist nach den t\u00f6dlichen Protesten im Land zur\u00fcckgetreten. Zuvor hatte seine Regierung das umstrittenen Social-Media-Gesetz zur\u00fcckgenommen. Demonstranten setzten unterdessen H\u00e4user mehrerer Politiker in Brand.<\/strong>\n    <\/p>\n<p class=\"textabsatz m-ten m-offset-one l-eight l-offset-two columns twelve\">\nNach mehreren Toten bei Protesten in Nepal ist Premier Khadga Prasad Oli zur\u00fcckgetreten.<\/p>\n<p class=\"textabsatz m-ten m-offset-one l-eight l-offset-two columns twelve\">\nEr gebe sein Amt mit sofortiger Wirkung auf, erkl\u00e4rte der 73-J\u00e4hrige. Regierungssprecher und Kommunikationsminister Prithvi Subba Gurung hatte zuvor das umstrittene <a href=\"https:\/\/www.tagesschau.de\/ausland\/asien\/nepal-social-media-regierung-100.html\" title=\"Nepals Regierung hebt nach Protesten Social Media-Sperre auf\" rel=\"nofollow noopener\" target=\"_blank\">Social-Media-Verbot wieder zur\u00fcckgenommen<\/a>. Alle betroffenen Apps konnten laut der Nachrichtenagentur Reuters am Dienstagmorgen wieder benutzt werden.<\/p>\n<p class=\"textabsatz m-ten m-offset-one l-eight l-offset-two columns twelve\">\nBei Protesten gegen die Sperrung von Social-Media-Plattformen und gegen die Korruption im Land waren nach Angaben der Beh\u00f6rden am Montag 19 Menschen ums Leben gekommen.<\/p>\n<p class=\"absatzbild__info__text\">\n                        Bei den gewaltsamen Protesten in Nepal sind mindestens 19 Menschen get\u00f6tet worden.\n                    <\/p>\n<p>    H\u00e4user von Politikern angez\u00fcndet<\/p>\n<p class=\"textabsatz m-ten m-offset-one l-eight l-offset-two columns twelve\">\nTrotz einer Ausgangssperre war es auch heute zu Protesten gekommen, bei denen aufgebrachte Menschen die H\u00e4user von Spitzenpolitikern anz\u00fcndeten. Medienberichten zufolge war unter anderem das Haus von Pr\u00e4sident Ram Chandra Poudel angez\u00fcndet worden. &#8222;Bestraft die M\u00f6rder in der Regierung. H\u00f6rt auf, Kinder zu t\u00f6ten&#8220;, skandierten die Demonstranten.<\/p>\n<p class=\"textabsatz m-ten m-offset-one l-eight l-offset-two columns twelve\">\nAuch die H\u00e4user des mittlerweile ebenfalls zur\u00fcckgetretenen Innenministers Ramesh Lekhak sowie der fr\u00fcheren Ministerpr\u00e4sidenten Pushpa Kamal Dahal und Sher Bahadur Deuba sind laut Angaben der Nachrichtenagentur AP in Brand gesetzt worden. Und auch eine Privatschule, die Deubas Frau, der derzeitigen Au\u00dfenministerin Arzu Deuba Rana geh\u00f6rt, ging in Flammen auf.<\/p>\n<p>    Mindestens 19 Tote<\/p>\n<p class=\"textabsatz m-ten m-offset-one l-eight l-offset-two columns twelve\">\nAm Montag hatten Zehntausende gegen die Entscheidung der Regierung protestiert, die meisten sozialen Medien zu blockieren, darunter Facebook, X und YouTube. Einige drangen auf das Parlamentsgel\u00e4nde vor. Die Polizei er\u00f6ffnete das Feuer. Nach ihren Angaben wurden mindestens 19 Menschen get\u00f6tet und mindestens 145 verletzt, darunter 28 Beamte.<\/p>\n<p class=\"textabsatz m-ten m-offset-one l-eight l-offset-two columns twelve\">\nDie Regierung wollte mit dem Social-Media-Gesetz sicherstellen, dass die sozialen Medien &#8222;ordnungsgem\u00e4\u00df verwaltet werden, verantwortlich und rechenschaftspflichtig sind&#8220;. Daf\u00fcr sollen sie sich registrieren. Kritiker sehen darin ein Instrument f\u00fcr Zensur.<\/p>\n<p class=\"textabsatz m-ten m-offset-one l-eight l-offset-two columns twelve\">\nDie Demonstranten hatten neben dem Gesetz auch die verbreitete Korruption kritisiert und den R\u00fccktritt Olis gefordert. &#8222;Wir sind hier, um zu fordern, dass der Gerechtigkeit Gen\u00fcge getan wird und das derzeitige Regime gest\u00fcrzt wird. K.P. Oli sollte verjagt werden&#8220;, sagte der Demonstrant Narayan Acharya gegen\u00fcber AP.<\/p>\n","protected":false},"excerpt":{"rendered":"Stand: 09.09.2025 11:49 Uhr Nepals Regierungschef Oli ist nach den t\u00f6dlichen Protesten im Land zur\u00fcckgetreten. Zuvor hatte seine&hellip;\n","protected":false},"author":2,"featured_media":408852,"comment_status":"","ping_status":"","sticky":false,"template":"","format":"standard","meta":{"footnotes":""},"categories":[3],"tags":[13,14,16410,15,12,10,8,9,11,103,104],"class_list":{"0":"post-408851","1":"post","2":"type-post","3":"status-publish","4":"format-standard","5":"has-post-thumbnail","7":"category-welt","8":"tag-headlines","9":"tag-nachrichten","10":"tag-nepal","11":"tag-news","12":"tag-schlagzeilen","13":"tag-top-news","14":"tag-top-meldungen","15":"tag-topmeldungen","16":"tag-topnews","17":"tag-welt","18":"tag-world"},"share_on_mastodon":{"url":"https:\/\/pubeurope.com\/@de\/115173957664856825","error":""},"_links":{"self":[{"href":"https:\/\/www.europesays.com\/de\/wp-json\/wp\/v2\/posts\/408851","targetHints":{"allow":["GET"]}}],"collection":[{"href":"https:\/\/www.europesays.com\/de\/wp-json\/wp\/v2\/posts"}],"about":[{"href":"https:\/\/www.europesays.com\/de\/wp-json\/wp\/v2\/types\/post"}],"author":[{"embeddable":true,"href":"https:\/\/www.europesays.com\/de\/wp-json\/wp\/v2\/users\/2"}],"replies":[{"embeddable":true,"href":"https:\/\/www.europesays.com\/de\/wp-json\/wp\/v2\/comments?post=408851"}],"version-history":[{"count":0,"href":"https:\/\/www.europesays.com\/de\/wp-json\/wp\/v2\/posts\/408851\/revisions"}],"wp:featuredmedia":[{"embeddable":true,"href":"https:\/\/www.europesays.com\/de\/wp-json\/wp\/v2\/media\/408852"}],"wp:attachment":[{"href":"https:\/\/www.europesays.com\/de\/wp-json\/wp\/v2\/media?parent=408851"}],"wp:term":[{"taxonomy":"category","embeddable":true,"href":"https:\/\/www.europesays.com\/de\/wp-json\/wp\/v2\/categories?post=408851"},{"taxonomy":"post_tag","embeddable":true,"href":"https:\/\/www.europesays.com\/de\/wp-json\/wp\/v2\/tags?post=408851"}],"curies":[{"name":"wp","href":"https:\/\/api.w.org\/{rel}","templated":true}]}}