{"id":409021,"date":"2025-09-09T12:19:16","date_gmt":"2025-09-09T12:19:16","guid":{"rendered":"https:\/\/www.europesays.com\/de\/409021\/"},"modified":"2025-09-09T12:19:16","modified_gmt":"2025-09-09T12:19:16","slug":"oeffentliche-fahndung-in-gelsenkirchen-zeugen-nach-diebstahl-gesucht","status":"publish","type":"post","link":"https:\/\/www.europesays.com\/de\/409021\/","title":{"rendered":"\u00d6ffentliche Fahndung in Gelsenkirchen: Zeugen nach Diebstahl gesucht"},"content":{"rendered":"<p><b>\u00d6ffentliche Fahndung in Gelsenkirchen: Zwei M\u00e4nner stehen im Verdacht, einen Senior bestohlen und mit seiner Debitkarte Betrug begangen zu haben. Die Polizei bittet um Hinweise und ver\u00f6ffentlicht Bilder der Tatverd\u00e4chtigen.<\/b>\n<\/p>\n<p>Die Polizei in Gelsenkirchen fahndet \u00f6ffentlich nach zwei M\u00e4nnern, die im Verdacht stehen, einen Diebstahl und anschlie\u00dfenden Computerbetrug begangen zu haben. Die Tat ereignete sich am Freitag, 1. August 2025, in einer Bankfiliale an der Kanzlerstra\u00dfe im Stadtteil He\u00dfler.<\/p>\n<p>Nach Angaben der Polizei lenkten die beiden Tatverd\u00e4chtigen einen 80-j\u00e4hrigen Mann ab und gelangten so in den Besitz seiner Debitkarte. Mit der gestohlenen Karte wurden anschlie\u00dfend Bargeld abgehoben und mehrere Eink\u00e4ufe get\u00e4tigt.<\/p>\n<p>Da die bisherigen Ermittlungen keine weiteren erfolgversprechenden Ans\u00e4tze ergeben haben, hat das zust\u00e4ndige Amtsgericht die Ver\u00f6ffentlichung von Bildern der Tatverd\u00e4chtigen aus einer \u00dcberwachungskamera angeordnet.<\/p>\n<p>Die Bilder sowie weitere Informationen sind im Fahndungsportal der Polizei Nordrhein-Westfalen unter folgendem Link abrufbar: <a href=\"https:\/\/polizei.nrw\/fahndung\/179910\" onclick=\"window.open(this.href); return false;\" rel=\"nofollow noopener\" target=\"_blank\">polizei.nrw\/fahndung\/179910<\/a>. Hinweise zu den gesuchten Personen nimmt das Kriminalkommissariat 21 unter der Telefonnummer 0209 365 8112 oder die Kriminalwache unter der Telefonnummer 0209 365 8240 entgegen.<\/p>\n<p>Dieser Beitrag stammt von presseportal.de und wurde mit Hilfe von KI erstellt.<\/p>\n<p>                <a id=\"like-anchor\"\/><\/p>\n<p>                    Dieser Inhalt gef\u00e4llt Ihnen?<\/p>\n<p>Melden Sie sich an, um diesen Inhalt mit \u00abGef\u00e4llt mir\u00bb zu markieren.<\/p>\n<p>            \u00d7<\/p>\n<p>        <a href=\"#\" data-trigger-click-on-space-or-enter=\"\" class=\"button ggm-like-button hollow\" title=\"Gef\u00e4llt mir\" data-open=\"like-conversion-68c01b432460c\"><\/p>\n<p>        <\/a><\/p>\n<p>\n        Gef\u00e4llt <strong>0<\/strong> mal<br \/>\n        0\n    <\/p>\n<p>                    Sie m\u00f6chten diesem Profil folgen?<\/p>\n<p>Verpassen Sie nicht die neuesten Inhalte von diesem Profil: Melden Sie sich an, um neuen Inhalten von Profilen und Orten in Ihrem <strong>pers\u00f6nlichen Feed<\/strong> zu folgen.<\/p>\n<p>            \u00d7<\/p>\n<p>\n            <strong>7<\/strong> folgen diesem Profil\n        <\/p>\n","protected":false},"excerpt":{"rendered":"\u00d6ffentliche Fahndung in Gelsenkirchen: Zwei M\u00e4nner stehen im Verdacht, einen Senior bestohlen und mit seiner Debitkarte Betrug begangen&hellip;\n","protected":false},"author":2,"featured_media":409022,"comment_status":"","ping_status":"","sticky":false,"template":"","format":"standard","meta":{"footnotes":""},"categories":[1848],"tags":[3364,29,548,663,3934,3658,30,13,14,15,1209,12],"class_list":{"0":"post-409021","1":"post","2":"type-post","3":"status-publish","4":"format-standard","5":"has-post-thumbnail","7":"category-gelsenkirchen","8":"tag-de","9":"tag-deutschland","10":"tag-eu","11":"tag-europa","12":"tag-europe","13":"tag-gelsenkirchen","14":"tag-germany","15":"tag-headlines","16":"tag-nachrichten","17":"tag-news","18":"tag-nordrhein-westfalen","19":"tag-schlagzeilen"},"share_on_mastodon":{"url":"https:\/\/pubeurope.com\/@de\/115174307540789940","error":""},"_links":{"self":[{"href":"https:\/\/www.europesays.com\/de\/wp-json\/wp\/v2\/posts\/409021","targetHints":{"allow":["GET"]}}],"collection":[{"href":"https:\/\/www.europesays.com\/de\/wp-json\/wp\/v2\/posts"}],"about":[{"href":"https:\/\/www.europesays.com\/de\/wp-json\/wp\/v2\/types\/post"}],"author":[{"embeddable":true,"href":"https:\/\/www.europesays.com\/de\/wp-json\/wp\/v2\/users\/2"}],"replies":[{"embeddable":true,"href":"https:\/\/www.europesays.com\/de\/wp-json\/wp\/v2\/comments?post=409021"}],"version-history":[{"count":0,"href":"https:\/\/www.europesays.com\/de\/wp-json\/wp\/v2\/posts\/409021\/revisions"}],"wp:featuredmedia":[{"embeddable":true,"href":"https:\/\/www.europesays.com\/de\/wp-json\/wp\/v2\/media\/409022"}],"wp:attachment":[{"href":"https:\/\/www.europesays.com\/de\/wp-json\/wp\/v2\/media?parent=409021"}],"wp:term":[{"taxonomy":"category","embeddable":true,"href":"https:\/\/www.europesays.com\/de\/wp-json\/wp\/v2\/categories?post=409021"},{"taxonomy":"post_tag","embeddable":true,"href":"https:\/\/www.europesays.com\/de\/wp-json\/wp\/v2\/tags?post=409021"}],"curies":[{"name":"wp","href":"https:\/\/api.w.org\/{rel}","templated":true}]}}