{"id":409270,"date":"2025-09-09T14:31:14","date_gmt":"2025-09-09T14:31:14","guid":{"rendered":"https:\/\/www.europesays.com\/de\/409270\/"},"modified":"2025-09-09T14:31:14","modified_gmt":"2025-09-09T14:31:14","slug":"118-langfilme-aus-55-laendern-am-25-september-startet-das-filmfest-hamburg","status":"publish","type":"post","link":"https:\/\/www.europesays.com\/de\/409270\/","title":{"rendered":"118 Langfilme aus 55 L\u00e4ndern: Am 25. September startet das Filmfest Hamburg"},"content":{"rendered":"<p _ngcontent-sc113=\"\"> 09. September 2025 \u2013 Mira Oetinger <\/p>\n<p _ngcontent-sc113=\"\">Der rote Teppich wird wieder ausgerollt: Gleich 118 Filme aus 55 L\u00e4ndern werden beim Filmfest Hamburg Ende September gezeigt. Auch eine deutsche Nordseeinsel ist dabei.<\/p>\n<p _ngcontent-sc85=\"\" align=\"false\">Beim Filmfest Hamburg wird die Hansestadt vom 25. September bis zum 4. Oktober wieder zur Filmstadt. Filmbegeisterte und Kinofans k\u00f6nnen zehn Tage lang eintauchen in andere Welten und zahlreiche Produktionen des diesj\u00e4hrigen Filmjahres in 15 teilnehmenden Kinos erleben, teilten die Veranstalter mit. Auf dem Programm stehen insgesamt 118 Langfilme aus 55 L\u00e4ndern, darunter &#8222;Jeunes m\u00e8res \u2013 Junge M\u00fctter&#8220; von Jean-Pierre Dardenne und Luc Dardenne. Die belgischen Regisseure werden in Hamburg mit dem Douglas-Sirk-Preis geehrt.<\/p>\n<p _ngcontent-sc85=\"\" align=\"false\">&#8222;Drei thematische Str\u00f6mungen ziehen sich wie rote F\u00e4den durch die verschiedenen Sektionen des diesj\u00e4hrigen Festivalprogramms: Zusammenhalt, Humor und Widerst\u00e4ndigkeit&#8220;, sagte Festivalleiterin Malika Rabahallah. Sie spiegelten sich in zahlreichen Filmen wider \u2013 mal leise und subtil, mal kraftvoll und pointiert. Schon der Er\u00f6ffnungsfilm &#8222;Lovely Day&#8220; des kanadischen Regisseurs Philippe Falardeau erz\u00e4hle mit feinem Humor \u00fcber Hoffnung, Heilung und die Zerbrechlichkeit des Gl\u00fccks.<\/p>\n<p>Gewinner der Goldenen Palme von Cannes ist dabei<\/p>\n<p _ngcontent-sc85=\"\" align=\"false\">Zum vierten Mal in Folge zeigt das Filmfest einen mit der Goldenen Palme von Cannes pr\u00e4mierten Film. Dieses Jahr ist es der neue Film des iranischen Regisseurs Jafar Panahi. In &#8222;Ein einfacher Unfall&#8220; erkennt ein Automechaniker seinen mutma\u00dflichen Folterer, und aus dem geplanten Racheakt wird eine existenzielle Pr\u00fcfung. Panahi verbinde in seinem Film politische Anklage mit packendem Thrillerkino.<\/p>\n<p _ngcontent-sc85=\"\" align=\"false\">Auf dem roten Teppich werden zahlreiche internationale Regie- und Schauspielgr\u00f6\u00dfen erwartet, unter anderem Julia Ducournau, Tarik Saleh, Kleber Mendon\u00e7a Filho und Sergei Loznitsa.<\/p>\n<p _ngcontent-sc85=\"\" align=\"false\">Die deutschen Schauspielstars Anke Engelke und Ulrich Tukur pr\u00e4sentieren ihren neuen Film &#8222;Und dann passiert das Leben&#8220; von Neele Leana Vollmars, Matthias Schweigh\u00f6fer zeigt Erik Schmitts neuen Film &#8222;Das Leben der W\u00fcnsche&#8220; und Laura Tonke, Detlev Buck, Jasper Billerbeck und Kian K\u00f6ppke sind bei der Deutschlandpremiere von &#8222;Amrum&#8220; dabei, dem neuen Film des Hamburger Regisseurs Fatih Akin nach den Erinnerungen von Hark Bohm.<\/p>\n<p>Freier Eintritt am 3. Oktober<\/p>\n<p _ngcontent-sc85=\"\" align=\"false\">Nach dem gro\u00dfen Erfolg im vergangenen Jahr werde es auch in diesem Jahr am 3. Oktober wieder den &#8222;Tag des freien Eintritts&#8220; beim Filmfest Hamburg geben. In den f\u00fcnf Festivalkinos Abaton, Studio-Kino, Metropolis, CinemaxX Dammtor und Passage sind an diesem Tag s\u00e4mtliche Festivalfilme f\u00fcr das Publikum frei zug\u00e4nglich. Auch die diesj\u00e4hrigen Filmfest-ums-Eck-Kinos beteiligen sich mit jeweils einer kostenfreien Filmvorf\u00fchrung. Neu beim Filmfest ist der stark erweiterte Branchenpart &#8222;Industry Days&#8220;.<\/p>\n<p>Weitere News On Air<\/p>\n<p _ngcontent-sc85=\"\" align=\"false\">Weitere Nachrichten aus Hamburg, Deutschland und der Welt h\u00f6rt ihr immer zur vollen Stunde bei uns im Programm. Holt euch einfach unsere <a _ngcontent-sc133=\"\" href=\"https:\/\/www.radiohamburg.de\/programm\/frequenzen\/Streamen-%C3%BCber-die-App-id388032.html\" rel=\"nofollow noopener\" target=\"_blank\">kostenlose App<\/a>, h\u00f6rt uns \u00fcber euren <a _ngcontent-sc133=\"\" href=\"https:\/\/www.radiohamburg.de\/programm\/frequenzen\/Alexa-spiele-Radio-Hamburg-id387722.html\" rel=\"nofollow noopener\" target=\"_blank\">Smartspeaker<\/a> oder schaltet mit einem Klick unten auf den Playbutton das Webradio ein. Zum Nachh\u00f6ren gibt\u2019s das Ganze nat\u00fcrlich auch noch mal als <a _ngcontent-sc133=\"\" href=\"https:\/\/www.radiohamburg.de\/hoeren\/podcasts\/Radio-Hamburg-Nachrichten-id388455.html\" rel=\"nofollow noopener\" target=\"_blank\">Podcastangebot<\/a>.<\/p>\n<p><img decoding=\"async\" _ngcontent-sc130=\"\" class=\"\" src=\"https:\/\/www.europesays.com\/de\/wp-content\/uploads\/2025\/04\/app.jpg\" alt=\"App, App Store, iOS, Play Store, Google\" title=\"App, App Store, iOS, Play Store, Google\"\/><\/p>\n<p>Foto: Bloomicon \/ Shutterstock.com<\/p>\n<p> F\u00fcr iOS &amp; Android <\/p>\n<p>Holt euch die kostenlose Radio Hamburg App<\/p>\n<p _ngcontent-sc85=\"\" align=\"false\">H\u00f6rt uns an jedem Ort auf der Welt in bester Qualit\u00e4t &amp; st\u00f6rungsfrei \u00fcber unsere kostenlose App. Holt sie euch jetzt f\u00fcr Android oder iOS.<\/p>\n","protected":false},"excerpt":{"rendered":"09. September 2025 \u2013 Mira Oetinger Der rote Teppich wird wieder ausgerollt: Gleich 118 Filme aus 55 L\u00e4ndern&hellip;\n","protected":false},"author":2,"featured_media":409271,"comment_status":"","ping_status":"","sticky":false,"template":"","format":"standard","meta":{"footnotes":"","_share_on_mastodon":"0"},"categories":[1826],"tags":[108326,108316,51975,108314,108329,108319,29,108322,54249,108317,45277,54248,108305,108306,108332,108338,108337,108336,30,50013,692,108304,108307,47187,108342,108331,108308,108334,108315,108313,108320,108309,108321,108333,108324,95191,108318,108311,108310,75212,108328,108339,108330,108312,108341,108323,108335,108327,108325,108340,33237,108344,108343],"class_list":["post-409270","post","type-post","status-publish","format-standard","has-post-thumbnail","category-hamburg","tag-abaton-kino","tag-amrum-film","tag-anke-engelke","tag-cannes-gewinner","tag-cinemaxx-dammtor","tag-detlev-buck","tag-deutschland","tag-deutschlandpremiere","tag-douglas-sirk-preis","tag-erik-schmitt","tag-fatih-akin","tag-filmfest-hamburg","tag-filmfest-hamburg-2025","tag-filmfestival-deutschland","tag-filmfestival-hamburg-tickets","tag-filmfestival-programm","tag-filmfestival-september-oktober","tag-filmvorfuehrungen-hamburg","tag-germany","tag-goldene-palme","tag-hamburg","tag-hamburg-filmfestival","tag-hamburger-kinos","tag-hark-bohm","tag-humor-im-film","tag-industry-days-filmfest","tag-internationale-filme","tag-internationale-regisseure-hamburg","tag-iranischer-film","tag-jafar-panahi","tag-jasper-billerbeck","tag-jean-pierre-dardenne","tag-kian-koeppke","tag-kino-highlights-hamburg","tag-kinoevents-hamburg","tag-langfilme-hamburg","tag-laura-tonke","tag-lovely-day-film","tag-luc-dardenne","tag-matthias-schweighoefer","tag-metropolis-kino","tag-nordseeinsel-film","tag-passage-kino","tag-philippe-falardeau","tag-politisches-kino","tag-roter-teppich-hamburg","tag-schauspielstars-hamburg","tag-studio-kino-hamburg","tag-tag-des-freien-eintritts","tag-thriller-kino","tag-ulrich-tukur","tag-widerstaendigkeit-im-film","tag-zusammenhalt-im-film"],"share_on_mastodon":{"url":"","error":"Validation failed: Text character limit of 500 exceeded"},"_links":{"self":[{"href":"https:\/\/www.europesays.com\/de\/wp-json\/wp\/v2\/posts\/409270","targetHints":{"allow":["GET"]}}],"collection":[{"href":"https:\/\/www.europesays.com\/de\/wp-json\/wp\/v2\/posts"}],"about":[{"href":"https:\/\/www.europesays.com\/de\/wp-json\/wp\/v2\/types\/post"}],"author":[{"embeddable":true,"href":"https:\/\/www.europesays.com\/de\/wp-json\/wp\/v2\/users\/2"}],"replies":[{"embeddable":true,"href":"https:\/\/www.europesays.com\/de\/wp-json\/wp\/v2\/comments?post=409270"}],"version-history":[{"count":0,"href":"https:\/\/www.europesays.com\/de\/wp-json\/wp\/v2\/posts\/409270\/revisions"}],"wp:featuredmedia":[{"embeddable":true,"href":"https:\/\/www.europesays.com\/de\/wp-json\/wp\/v2\/media\/409271"}],"wp:attachment":[{"href":"https:\/\/www.europesays.com\/de\/wp-json\/wp\/v2\/media?parent=409270"}],"wp:term":[{"taxonomy":"category","embeddable":true,"href":"https:\/\/www.europesays.com\/de\/wp-json\/wp\/v2\/categories?post=409270"},{"taxonomy":"post_tag","embeddable":true,"href":"https:\/\/www.europesays.com\/de\/wp-json\/wp\/v2\/tags?post=409270"}],"curies":[{"name":"wp","href":"https:\/\/api.w.org\/{rel}","templated":true}]}}