{"id":410144,"date":"2025-09-09T22:28:13","date_gmt":"2025-09-09T22:28:13","guid":{"rendered":"https:\/\/www.europesays.com\/de\/410144\/"},"modified":"2025-09-09T22:28:13","modified_gmt":"2025-09-09T22:28:13","slug":"esther-pfeiffer-von-duesseldorf-athletics-kroent-ihr-comeback-mit-meistertitel","status":"publish","type":"post","link":"https:\/\/www.europesays.com\/de\/410144\/","title":{"rendered":"Esther Pfeiffer von D\u00fcsseldorf Athletics kr\u00f6nt ihr Comeback mit Meistertitel."},"content":{"rendered":"<p class=\"text_ohne_einzug richtext text-em-55 !leading-serif mx-6 desktop:mx-0\">Was f\u00fcr ein Jahr f\u00fcr Esther Pfeiffer! Die Langstreckenl\u00e4uferin von D\u00fcsseldorf Athletics pr\u00e4sentiert sich 2025 in bestechender Form. Bereits im Fr\u00fchjahr hatte sie beim Paderborner Osterlauf mit einem souver\u00e4nen Start-Ziel-Sieg die Deutsche Meisterschaft im Halbmarathon gewonnen. In starken 1:10:01 Stunden \u00fcber die 21,1 Kilometer verteidigte die 28-J\u00e4hrige nicht nur ihren Titel aus dem Vorjahr, sondern holte zugleich ihren dritten nationalen Titel. Nun folgte Nummer vier: Auch bei der Deutschen Meisterschaft \u00fcber zehn Kilometer auf der Stra\u00dfe war ihr niemand gewachsen.<\/p>\n","protected":false},"excerpt":{"rendered":"Was f\u00fcr ein Jahr f\u00fcr Esther Pfeiffer! Die Langstreckenl\u00e4uferin von D\u00fcsseldorf Athletics pr\u00e4sentiert sich 2025 in bestechender Form.&hellip;\n","protected":false},"author":2,"featured_media":410145,"comment_status":"","ping_status":"","sticky":false,"template":"","format":"standard","meta":{"footnotes":"","_share_on_mastodon":"0"},"categories":[1831],"tags":[3364,3280,29,3405,108529,30,5946,29896,108530,79064,4082,18826,20080,3480,1209,24142],"class_list":["post-410144","post","type-post","status-publish","format-standard","has-post-thumbnail","category-duesseldorf","tag-de","tag-deutsche","tag-deutschland","tag-duesseldorf","tag-esther","tag-germany","tag-halbmarathon","tag-kilometer","tag-klosterhalfen","tag-koenigstein","tag-marathon","tag-meisterschaft","tag-meter","tag-minuten","tag-nordrhein-westfalen","tag-pfeiffer"],"share_on_mastodon":{"url":"https:\/\/pubeurope.com\/@de\/115176702499661025","error":""},"_links":{"self":[{"href":"https:\/\/www.europesays.com\/de\/wp-json\/wp\/v2\/posts\/410144","targetHints":{"allow":["GET"]}}],"collection":[{"href":"https:\/\/www.europesays.com\/de\/wp-json\/wp\/v2\/posts"}],"about":[{"href":"https:\/\/www.europesays.com\/de\/wp-json\/wp\/v2\/types\/post"}],"author":[{"embeddable":true,"href":"https:\/\/www.europesays.com\/de\/wp-json\/wp\/v2\/users\/2"}],"replies":[{"embeddable":true,"href":"https:\/\/www.europesays.com\/de\/wp-json\/wp\/v2\/comments?post=410144"}],"version-history":[{"count":0,"href":"https:\/\/www.europesays.com\/de\/wp-json\/wp\/v2\/posts\/410144\/revisions"}],"wp:featuredmedia":[{"embeddable":true,"href":"https:\/\/www.europesays.com\/de\/wp-json\/wp\/v2\/media\/410145"}],"wp:attachment":[{"href":"https:\/\/www.europesays.com\/de\/wp-json\/wp\/v2\/media?parent=410144"}],"wp:term":[{"taxonomy":"category","embeddable":true,"href":"https:\/\/www.europesays.com\/de\/wp-json\/wp\/v2\/categories?post=410144"},{"taxonomy":"post_tag","embeddable":true,"href":"https:\/\/www.europesays.com\/de\/wp-json\/wp\/v2\/tags?post=410144"}],"curies":[{"name":"wp","href":"https:\/\/api.w.org\/{rel}","templated":true}]}}