{"id":410209,"date":"2025-09-09T23:03:13","date_gmt":"2025-09-09T23:03:13","guid":{"rendered":"https:\/\/www.europesays.com\/de\/410209\/"},"modified":"2025-09-09T23:03:13","modified_gmt":"2025-09-09T23:03:13","slug":"land-investiert-in-krankenhaeuser-braunschweig-und-koenigslutter-profitieren","status":"publish","type":"post","link":"https:\/\/www.europesays.com\/de\/410209\/","title":{"rendered":"Land investiert in Krankenh\u00e4user: Braunschweig und K\u00f6nigslutter profitieren"},"content":{"rendered":"<p class=\"datum\">09.09.2025, 17:50 Uhr,<br \/>zuletzt aktualisiert: 09.09.2025, 17:50 Uhr<\/p>\n<p><strong>Braunschweig\/K\u00f6nigslutter. Die Landesregierung hat am Dienstag das Investitionsprogramm f\u00fcr Krankenhausbauma\u00dfnahmen 2025 sowie die Fortschreibung des Krankenhausplanes beschlossen. Das Programm geht nun dem Landtag zu. Mit einem Gesamtvolumen von 316 Millionen Euro sollen in den kommenden Jahren zahlreiche Krankenhausprojekte in Niedersachsen umgesetzt werden. Auch Krankenh\u00e4user in der Region sollen profitieren. Das geht aus einer Pressemitteilung der Nieders\u00e4chsischen Landesregierung hervor. <br \/><\/strong><br \/>\n<\/p>\n<p>Davon profitieren auch zwei Einrichtungen in der Region: Das St\u00e4dtische Klinikum Braunschweig erh\u00e4lt 15 Millionen Euro f\u00fcr die Zusammenf\u00fchrung von Betriebsstellen auf zwei Standorte (2. und 3. Bauabschnitt). Zudem wird das AWO Psychiatriezentrum in K\u00f6nigslutter bei der Erweiterung der Kinder- und Jugendpsychiatrie unterst\u00fctzt.<\/p>\n<p>30 Projekte werden gef\u00f6rdert<\/p>\n<p>Das Investitionsprogramm 2025 umfasst insgesamt 30 gro\u00dfe Bauprojekte, diverse kleinere Ma\u00dfnahmen sowie den Erwerb medizinisch-technischer Gro\u00dfger\u00e4te. Etwa sieben Millionen Euro sind bereits f\u00fcr Baukostensteigerungen laufender Ma\u00dfnahmen vorgesehen. Weitere 7,5 Millionen Euro flie\u00dfen in kleinere Bauvorhaben und die Erstanschaffung technischer Ger\u00e4te an verschiedenen Standorten in Niedersachsen.<\/p>\n<p>\nGesundheitsminister Philippi betont den regionalen Nutzen: \u201eMit diesen Investitionen f\u00f6rdern wir gezielt die Weiterentwicklung der Krankenhauslandschaft und sichern eine moderne, gut aufeinander abgestimmte station\u00e4re Versorgung. Dies kommt allen Patientinnen und Patienten in Niedersachsen zugute.\u201c<\/p>\n<p>Hintergrund<\/p>\n<p>Das Investitionsprogramm wird j\u00e4hrlich vom Fachministerium nach Beratung durch den Krankenhaus-Planungsausschuss aufgestellt und von der Landesregierung beschlossen. Ziel ist es, die fl\u00e4chendeckende Versorgung in Niedersachsen zu st\u00e4rken und zeitgem\u00e4\u00dfe Krankenhausinfrastruktur zu gew\u00e4hrleisten.<\/p>\n","protected":false},"excerpt":{"rendered":"09.09.2025, 17:50 Uhr,zuletzt aktualisiert: 09.09.2025, 17:50 Uhr Braunschweig\/K\u00f6nigslutter. Die Landesregierung hat am Dienstag das Investitionsprogramm f\u00fcr Krankenhausbauma\u00dfnahmen 2025&hellip;\n","protected":false},"author":2,"featured_media":316569,"comment_status":"","ping_status":"","sticky":false,"template":"","format":"standard","meta":{"footnotes":""},"categories":[1850],"tags":[6429,3364,29,548,663,3934,30,13,14,15,1411,12],"class_list":{"0":"post-410209","1":"post","2":"type-post","3":"status-publish","4":"format-standard","5":"has-post-thumbnail","7":"category-braunschweig","8":"tag-braunschweig","9":"tag-de","10":"tag-deutschland","11":"tag-eu","12":"tag-europa","13":"tag-europe","14":"tag-germany","15":"tag-headlines","16":"tag-nachrichten","17":"tag-news","18":"tag-niedersachsen","19":"tag-schlagzeilen"},"share_on_mastodon":{"url":"https:\/\/pubeurope.com\/@de\/115176839880922514","error":""},"_links":{"self":[{"href":"https:\/\/www.europesays.com\/de\/wp-json\/wp\/v2\/posts\/410209","targetHints":{"allow":["GET"]}}],"collection":[{"href":"https:\/\/www.europesays.com\/de\/wp-json\/wp\/v2\/posts"}],"about":[{"href":"https:\/\/www.europesays.com\/de\/wp-json\/wp\/v2\/types\/post"}],"author":[{"embeddable":true,"href":"https:\/\/www.europesays.com\/de\/wp-json\/wp\/v2\/users\/2"}],"replies":[{"embeddable":true,"href":"https:\/\/www.europesays.com\/de\/wp-json\/wp\/v2\/comments?post=410209"}],"version-history":[{"count":0,"href":"https:\/\/www.europesays.com\/de\/wp-json\/wp\/v2\/posts\/410209\/revisions"}],"wp:featuredmedia":[{"embeddable":true,"href":"https:\/\/www.europesays.com\/de\/wp-json\/wp\/v2\/media\/316569"}],"wp:attachment":[{"href":"https:\/\/www.europesays.com\/de\/wp-json\/wp\/v2\/media?parent=410209"}],"wp:term":[{"taxonomy":"category","embeddable":true,"href":"https:\/\/www.europesays.com\/de\/wp-json\/wp\/v2\/categories?post=410209"},{"taxonomy":"post_tag","embeddable":true,"href":"https:\/\/www.europesays.com\/de\/wp-json\/wp\/v2\/tags?post=410209"}],"curies":[{"name":"wp","href":"https:\/\/api.w.org\/{rel}","templated":true}]}}