{"id":410221,"date":"2025-09-09T23:10:19","date_gmt":"2025-09-09T23:10:19","guid":{"rendered":"https:\/\/www.europesays.com\/de\/410221\/"},"modified":"2025-09-09T23:10:19","modified_gmt":"2025-09-09T23:10:19","slug":"karlsruhe-lehnt-anfrage-zu-karfreitags-tanzverbot-ab","status":"publish","type":"post","link":"https:\/\/www.europesays.com\/de\/410221\/","title":{"rendered":"Karlsruhe lehnt Anfrage zu Karfreitags-Tanzverbot ab"},"content":{"rendered":"<p>Das Bundesverfassungsgericht hat eine Richtervorlage abgewiesen, die das Tanzverbot an Karfreitag f\u00fcr rechtswidrig hielt. Die Vorlage des Amtsgerichts G\u00f6ttingen sei unzul\u00e4ssig, weil sie sich nicht ausreichend mit der bisherigen Rechtsprechung des Bundesverfassungsgerichts auseinandersetze, teilte die 3. Kammer des Ersten Senats des Verfassungsgerichts am Dienstag in Karlsruhe mit.<\/p>\n<p>Die Karlsruher Richter konnten weder eine Verletzung der negativen Religionsfreiheit noch der Berufsfreiheit erkennen. Sie erinnerten daran, dass das Tanzverbot gerechtfertigt sei, um den \u00e4u\u00dferen Charakter von Feiertagen als Ruhetage sicherzustellen. Das Tanzverbot zwinge niemanden dazu, sich an Karfreitag wie ein gl\u00e4ubiger Christ zu verhalten.<\/p>\n<p>In der Abweisung der Richtervorlage erinnerte die Kammer auch daran, dass sich das Tanzverbot auf sehr wenige Tage im Jahr beziehe und eine Vielzahl anderer Vergn\u00fcgungsveranstaltungen immer erlaubt bleibe. Insofern sei auch keine Verletzung der Berufsfreiheit zu erkennen.<\/p>\n<p>Ausgangspunkt des Verfahrens war eine Tanzveranstaltung in G\u00f6ttingen. In einem Club hatten in der Nacht von Gr\u00fcndonnerstag auf Karfreitag rund 100 G\u00e4ste getanzt. Die Stadt verh\u00e4ngte ein Bu\u00dfgeld von 1.700 Euro, gegen das sich die Diskothek wehrte. Das zust\u00e4ndige Amtsgericht wandte sich an das Verfassungsgerichts, weil es das Tanzverbot f\u00fcr verfassungswidrig hielt. Die Ablehnung der Vorlage durch das Verfassungsgericht ist unanfechtbar. 2016 hatte Karlsruhe ein Grundsatzurteil zum Karfreitags-Feiertagsschutz gef\u00e4llt.<\/p>\n<p>    <a href=\"https:\/\/www.domradio.de\/glossar\/karfreitag\" rel=\"nofollow noopener\" target=\"_blank\"><\/p>\n<p>      Karfreitag<\/p>\n<p>      <\/a><\/p>\n<p>An Karfreitag herrscht in Deutschland Tanzverbot. Allerdings nicht in allen Bundesl\u00e4ndern gleich lang. Welche Regeln gelten wo.<\/p>\n","protected":false},"excerpt":{"rendered":"Das Bundesverfassungsgericht hat eine Richtervorlage abgewiesen, die das Tanzverbot an Karfreitag f\u00fcr rechtswidrig hielt. Die Vorlage des Amtsgerichts&hellip;\n","protected":false},"author":2,"featured_media":410222,"comment_status":"","ping_status":"","sticky":false,"template":"","format":"standard","meta":{"footnotes":""},"categories":[1844],"tags":[1634,3364,29,30,8903],"class_list":{"0":"post-410221","1":"post","2":"type-post","3":"status-publish","4":"format-standard","5":"has-post-thumbnail","7":"category-karlsruhe","8":"tag-baden-wuerttemberg","9":"tag-de","10":"tag-deutschland","11":"tag-germany","12":"tag-karlsruhe"},"share_on_mastodon":{"url":"https:\/\/pubeurope.com\/@de\/115176867347694491","error":""},"_links":{"self":[{"href":"https:\/\/www.europesays.com\/de\/wp-json\/wp\/v2\/posts\/410221","targetHints":{"allow":["GET"]}}],"collection":[{"href":"https:\/\/www.europesays.com\/de\/wp-json\/wp\/v2\/posts"}],"about":[{"href":"https:\/\/www.europesays.com\/de\/wp-json\/wp\/v2\/types\/post"}],"author":[{"embeddable":true,"href":"https:\/\/www.europesays.com\/de\/wp-json\/wp\/v2\/users\/2"}],"replies":[{"embeddable":true,"href":"https:\/\/www.europesays.com\/de\/wp-json\/wp\/v2\/comments?post=410221"}],"version-history":[{"count":0,"href":"https:\/\/www.europesays.com\/de\/wp-json\/wp\/v2\/posts\/410221\/revisions"}],"wp:featuredmedia":[{"embeddable":true,"href":"https:\/\/www.europesays.com\/de\/wp-json\/wp\/v2\/media\/410222"}],"wp:attachment":[{"href":"https:\/\/www.europesays.com\/de\/wp-json\/wp\/v2\/media?parent=410221"}],"wp:term":[{"taxonomy":"category","embeddable":true,"href":"https:\/\/www.europesays.com\/de\/wp-json\/wp\/v2\/categories?post=410221"},{"taxonomy":"post_tag","embeddable":true,"href":"https:\/\/www.europesays.com\/de\/wp-json\/wp\/v2\/tags?post=410221"}],"curies":[{"name":"wp","href":"https:\/\/api.w.org\/{rel}","templated":true}]}}