{"id":410244,"date":"2025-09-09T23:23:14","date_gmt":"2025-09-09T23:23:14","guid":{"rendered":"https:\/\/www.europesays.com\/de\/410244\/"},"modified":"2025-09-09T23:23:14","modified_gmt":"2025-09-09T23:23:14","slug":"britische-vize-premierministerin-tritt-wegen-steueraffaere-zurueck","status":"publish","type":"post","link":"https:\/\/www.europesays.com\/de\/410244\/","title":{"rendered":"Britische Vize-Premierministerin tritt wegen Steueraff\u00e4re zur\u00fcck"},"content":{"rendered":"<p class=\"metatextline\">Stand: 05.09.2025 14:54 Uhr<\/p>\n<p class=\"textabsatz columns twelve  m-ten  m-offset-one l-eight l-offset-two\">\n        <strong>Die britische Vize-Regierungschefin Rayner hat ihren R\u00fccktritt angek\u00fcndigt. Die Hoffnungstr\u00e4gerin des linken Fl\u00fcgels hatte beim Immobilienkauf zu wenig Grunderwerbssteuer gezahlt. F\u00fcr Premierminister Starmer ist das ein herber R\u00fcckschlag.<\/strong>\n    <\/p>\n<p class=\"textabsatz m-ten m-offset-one l-eight l-offset-two columns twelve\">\nDie britische Vizepremierministerin Angela Rayner will wegen einer Kontroverse \u00fcber zu geringe Steuerzahlungen zur\u00fccktreten. Die Labour-Politikerin erkl\u00e4rte, sie habe sich &#8222;angesichts der Ergebnisse&#8220; einer unabh\u00e4ngigen Untersuchung zu einem m\u00f6glichen Steuervergehen zum R\u00fccktritt entschlossen. Dies betreffe sowohl ihr Amt als Vize-Regierungschefin als auch das Amt als Ministerin f\u00fcr Wohnungswesen und den Vize-Vorsitz der Labour-Partei.<\/p>\n<p class=\"textabsatz m-ten m-offset-one l-eight l-offset-two columns twelve\">\nRayner war in den vergangenen Tagen erheblich unter Druck geraten. Sie hatte einger\u00e4umt, beim Kauf einer Wohnung zu wenig Steuern gezahlt zu haben. Sie habe sich bei der Frage nach der H\u00f6he der Grunderwerbssteuer auf einen Rat verlassen, der sich als falsch herausstellte, sagte Rayner.<\/p>\n<p>    Ministerin bat selbst um Untersuchung<\/p>\n<p class=\"textabsatz m-ten m-offset-one l-eight l-offset-two columns twelve\">\nDie Labour-Politikerin hatte anschlie\u00dfend selbst um eine Untersuchung gebeten. Die entsprechende Kommission kam zu dem Schluss, dass Rayner gegen die Verhaltensstandards f\u00fcr Kabinettsmitglieder versto\u00dfen hat. &#8222;Ich \u00fcbernehme die volle Verantwortung f\u00fcr diesen Fehler&#8220;, erkl\u00e4rte sie in ihrem R\u00fccktrittsschreiben an Premierminister Keir Starmer.<\/p>\n<p>    Profiteur der Krise ist Rechtspopulist Farage<\/p>\n<p class=\"textabsatz m-ten m-offset-one l-eight l-offset-two columns twelve\">\nRayner galt als Galionsfigur des linken Parteifl\u00fcgels und als Hoffnungstr\u00e4gerin einer Partei, die in landesweiten Umfragen derzeit schw\u00e4chelt.\u00a0Starmer steht insbesondere unter dem Druck der in Umfragen aufstrebenden rechtspopulistischen Partei Reform UK.<\/p>\n<p class=\"textabsatz m-ten m-offset-one l-eight l-offset-two columns twelve\">\nDer R\u00fccktritt Rayners kommt zu einem denkbar ung\u00fcnstigen Zeitpunkt ausgerechnet am ersten Tag der Parteikonferenz der Rechtspopulisten von Nigel Farages Reform-Partei. Der Brexit-Vork\u00e4mpfer treibt die Regierung vor sich her und gilt als gr\u00f6\u00dfter Profiteur der Labour-Krise. Reform liegt in Umfragen seit Monaten vor der Regierungspartei und den noch weiter abgeschlagenen Konservativen von Oppositionsf\u00fchrerin Kemi Badenoch.<\/p>\n<p class=\"textabsatz m-ten m-offset-one l-eight l-offset-two columns twelve\">\nFarage spielt mit der Angst der britischen Bev\u00f6lkerung, insbesondere beim Thema Migration und hatte Starmers Regierungskurs immer wieder scharf kritisiert oder ins L\u00e4cherliche gezogen. Die Nachricht von Rayners R\u00fccktritt l\u00f6ste bei der Reform-Jahreskonferenz am Freitag in Birmingham gro\u00dfe Freude aus. Etliche Reform-Unterst\u00fctzer \u00fcbernehmen Farages Narrativ einer unf\u00e4higen Labour-Regierung, die die Probleme in Gro\u00dfbritannien angeblich nicht l\u00f6sen kann.\u00a0<\/p>\n","protected":false},"excerpt":{"rendered":"Stand: 05.09.2025 14:54 Uhr Die britische Vize-Regierungschefin Rayner hat ihren R\u00fccktritt angek\u00fcndigt. Die Hoffnungstr\u00e4gerin des linken Fl\u00fcgels hatte&hellip;\n","protected":false},"author":2,"featured_media":410245,"comment_status":"","ping_status":"","sticky":false,"template":"","format":"standard","meta":{"footnotes":""},"categories":[3976],"tags":[331,332,106717,551,13,14,15,1763,12,3992,3993,3994,3995,3996,3997],"class_list":{"0":"post-410244","1":"post","2":"type-post","3":"status-publish","4":"format-standard","5":"has-post-thumbnail","7":"category-vereinigtes-koenigreich","8":"tag-aktuelle-nachrichten","9":"tag-aktuelle-news","10":"tag-angela-rayner","11":"tag-grossbritannien","12":"tag-headlines","13":"tag-nachrichten","14":"tag-news","15":"tag-ruecktritt","16":"tag-schlagzeilen","17":"tag-uk","18":"tag-united-kingdom","19":"tag-united-kingdom-of-great-britain-and-northern-ireland","20":"tag-vereinigtes-koenigreich","21":"tag-vereinigtes-koenigreich-grossbritannien-und-nordirland","22":"tag-vereinigtes-koenigreich-von-grossbritannien-und-nordirland"},"share_on_mastodon":{"url":"https:\/\/pubeurope.com\/@de\/115176918456523980","error":""},"_links":{"self":[{"href":"https:\/\/www.europesays.com\/de\/wp-json\/wp\/v2\/posts\/410244","targetHints":{"allow":["GET"]}}],"collection":[{"href":"https:\/\/www.europesays.com\/de\/wp-json\/wp\/v2\/posts"}],"about":[{"href":"https:\/\/www.europesays.com\/de\/wp-json\/wp\/v2\/types\/post"}],"author":[{"embeddable":true,"href":"https:\/\/www.europesays.com\/de\/wp-json\/wp\/v2\/users\/2"}],"replies":[{"embeddable":true,"href":"https:\/\/www.europesays.com\/de\/wp-json\/wp\/v2\/comments?post=410244"}],"version-history":[{"count":0,"href":"https:\/\/www.europesays.com\/de\/wp-json\/wp\/v2\/posts\/410244\/revisions"}],"wp:featuredmedia":[{"embeddable":true,"href":"https:\/\/www.europesays.com\/de\/wp-json\/wp\/v2\/media\/410245"}],"wp:attachment":[{"href":"https:\/\/www.europesays.com\/de\/wp-json\/wp\/v2\/media?parent=410244"}],"wp:term":[{"taxonomy":"category","embeddable":true,"href":"https:\/\/www.europesays.com\/de\/wp-json\/wp\/v2\/categories?post=410244"},{"taxonomy":"post_tag","embeddable":true,"href":"https:\/\/www.europesays.com\/de\/wp-json\/wp\/v2\/tags?post=410244"}],"curies":[{"name":"wp","href":"https:\/\/api.w.org\/{rel}","templated":true}]}}