{"id":410248,"date":"2025-09-09T23:25:21","date_gmt":"2025-09-09T23:25:21","guid":{"rendered":"https:\/\/www.europesays.com\/de\/410248\/"},"modified":"2025-09-09T23:25:21","modified_gmt":"2025-09-09T23:25:21","slug":"etrit-gashi-wird-bei-der-gala-the-best-of-europe-awards-geehrt","status":"publish","type":"post","link":"https:\/\/www.europesays.com\/de\/410248\/","title":{"rendered":"Etrit Gashi wird bei der Gala &#8222;The Best of Europe Awards&#8220; geehrt."},"content":{"rendered":"<p class=\"intro\">Aus dem Kosovo nach Europa: Etrit Gashi setzt neue Standards in der Kreativbranche<\/p>\n<p>\n                    Dienstag, 9 September 2025 &#8211; 17:41<br \/>\n                    albinfo.ch\n                <\/p>\n<p>                                                    <img width=\"511\" height=\"396\" src=\"https:\/\/www.europesays.com\/de\/wp-content\/uploads\/2025\/09\/img_2435-511x396.jpeg\" class=\"attachment-single-article size-single-article wp-post-image\" alt=\"\" decoding=\"async\" fetchpriority=\"high\"  \/>                                                                        <\/p>\n<p data-start=\"1335\" data-end=\"1658\">Etrit Gashi aus Lipjan hat sich mit seiner Firma \u201cFoto Vjosa\u201d auf internationaler Ebene hervorgetan. Bei der Gala \u201cTHE BEST OF EUROPE AWARDS\u201d in Istanbul wurden seine Kunst und Arbeit hoch gesch\u00e4tzt und mit dem renommierten Preis \u201cThe Best International Wedding Video Company\u201d\u00a0ausgezeichnet, berichtet albinfo.ch.<\/p>\n<p data-start=\"1660\" data-end=\"2058\">Diese Auszeichnung zeigt, dass Gashis Kreativit\u00e4t die Grenzen seiner Heimat \u00fcberwunden hat und zu einem Vorbild f\u00fcr die Kreativbranche in Europa geworden ist. Der Preis ist nicht nur ein pers\u00f6nlicher Erfolg, sondern auch eine Anerkennung f\u00fcr das gesamte Team von \u201cFoto Vjosa\u201d, das seit Jahren mit Professionalit\u00e4t und Kunstfertigkeit die sch\u00f6nsten Momente zahlreicher Familien und Paare festh\u00e4lt.<\/p>\n<p><a href=\"https:\/\/www.swissalbs.ch\/details-registrierung\/swissalbs-award-gala-night-2025\" target=\"_blank\" rel=\"nofollow noopener\"><img decoding=\"async\" src=\"https:\/\/www.europesays.com\/de\/wp-content\/uploads\/2025\/09\/0051.2025012_sa_banner_albinfo_300x250px_d_web.jpg\"\/><\/a><\/p>\n<p data-start=\"2060\" data-end=\"2365\">Jedes Projekt von Etrit Gashi zeichnet sich durch technisches K\u00f6nnen und einen k\u00fcnstlerischen Blick aus, der Emotion, Gef\u00fchl und die Seele des Ereignisses einf\u00e4ngt. Dieser internationale Preis ist ein Beweis daf\u00fcr, dass harte Arbeit, klare Vision und Vertrauen in das eigene Talent an die Spitze f\u00fchren.<\/p>\n<p data-start=\"2367\" data-end=\"2570\">Etrit Gashi und \u201cFoto Vjosa\u201d sind ein inspirierendes Beispiel f\u00fcr junge Menschen, die ihre Tr\u00e4ume verwirklichen wollen, und zeigen, dass auch aus einer kleinen Stadt internationaler Erfolg m\u00f6glich ist.<\/p>\n<p>                            <a href=\"http:\/\/www.greencoast.al\/\" target=\"_blank\" rel=\"nofollow noopener\"><img decoding=\"async\" src=\"https:\/\/www.europesays.com\/de\/wp-content\/uploads\/2025\/08\/300x250.gif\"\/><\/a><\/p>\n<p>                            <a target=\"_blank\" href=\"https:\/\/www.benedict.ch\/\" rel=\"nofollow noopener\"><img decoding=\"async\" src=\"https:\/\/www.europesays.com\/de\/wp-content\/uploads\/2025\/05\/albinfo-banner-300x250-2023.jpg\"\/><\/a><\/p>\n","protected":false},"excerpt":{"rendered":"Aus dem Kosovo nach Europa: Etrit Gashi setzt neue Standards in der Kreativbranche Dienstag, 9 September 2025 &#8211;&hellip;\n","protected":false},"author":2,"featured_media":410249,"comment_status":"","ping_status":"","sticky":false,"template":"","format":"standard","meta":{"footnotes":""},"categories":[3933],"tags":[331,332,548,663,158,3934,3935,13,14,15,12],"class_list":{"0":"post-410248","1":"post","2":"type-post","3":"status-publish","4":"format-standard","5":"has-post-thumbnail","7":"category-eu","8":"tag-aktuelle-nachrichten","9":"tag-aktuelle-news","10":"tag-eu","11":"tag-europa","12":"tag-europaeische-union","13":"tag-europe","14":"tag-european-union","15":"tag-headlines","16":"tag-nachrichten","17":"tag-news","18":"tag-schlagzeilen"},"share_on_mastodon":{"url":"https:\/\/pubeurope.com\/@de\/115176926489691678","error":""},"_links":{"self":[{"href":"https:\/\/www.europesays.com\/de\/wp-json\/wp\/v2\/posts\/410248","targetHints":{"allow":["GET"]}}],"collection":[{"href":"https:\/\/www.europesays.com\/de\/wp-json\/wp\/v2\/posts"}],"about":[{"href":"https:\/\/www.europesays.com\/de\/wp-json\/wp\/v2\/types\/post"}],"author":[{"embeddable":true,"href":"https:\/\/www.europesays.com\/de\/wp-json\/wp\/v2\/users\/2"}],"replies":[{"embeddable":true,"href":"https:\/\/www.europesays.com\/de\/wp-json\/wp\/v2\/comments?post=410248"}],"version-history":[{"count":0,"href":"https:\/\/www.europesays.com\/de\/wp-json\/wp\/v2\/posts\/410248\/revisions"}],"wp:featuredmedia":[{"embeddable":true,"href":"https:\/\/www.europesays.com\/de\/wp-json\/wp\/v2\/media\/410249"}],"wp:attachment":[{"href":"https:\/\/www.europesays.com\/de\/wp-json\/wp\/v2\/media?parent=410248"}],"wp:term":[{"taxonomy":"category","embeddable":true,"href":"https:\/\/www.europesays.com\/de\/wp-json\/wp\/v2\/categories?post=410248"},{"taxonomy":"post_tag","embeddable":true,"href":"https:\/\/www.europesays.com\/de\/wp-json\/wp\/v2\/tags?post=410248"}],"curies":[{"name":"wp","href":"https:\/\/api.w.org\/{rel}","templated":true}]}}