{"id":410250,"date":"2025-09-09T23:26:18","date_gmt":"2025-09-09T23:26:18","guid":{"rendered":"https:\/\/www.europesays.com\/de\/410250\/"},"modified":"2025-09-09T23:26:18","modified_gmt":"2025-09-09T23:26:18","slug":"von-aunkirchen-nach-ganz-europa","status":"publish","type":"post","link":"https:\/\/www.europesays.com\/de\/410250\/","title":{"rendered":"Von Aunkirchen nach ganz Europa"},"content":{"rendered":"<p><strong>Aunkirchen. <\/strong> Die CSU Vilshofen hat mit Landrat Raimund Kneidinger die Zeisler Metallverarbeitung GmbH in Aunkirchen besucht, teilt der Ortsverband in einer Pressemitteilung mit. Gesch\u00e4ftsf\u00fchrer Joachim Zeisler f\u00fchrte die Gruppe durch die Produktionshallen, erl\u00e4uterte Abl\u00e4ufe und strategische Pl\u00e4ne. <\/p>\n<p>\u201eWir sind ein mittelst\u00e4ndisches Unternehmen mit rund 110 Mitarbeitern, spezialisiert auf Metallbearbeitung und Oberfl\u00e4chenveredelung. Unsere Kunden kommen aus ganz Europa\u201c, erkl\u00e4rte Joachim Zeisler zu Beginn der Besichtigung. Seniorchef Kurt Zeisler erinnerte an die Anf\u00e4nge der Firma im&#8230;<\/p>\n<p>Weiterlesen mit<\/p>\n<p>                                                                                <img decoding=\"async\" src=\"https:\/\/www.europesays.com\/de\/wp-content\/uploads\/2025\/04\/pnp-plus.png\" alt=\"Plus-Logo\" class=\"paywall-image\"\/><\/p>\n<p class=\"text-center\">\n            Sie sind bereits registriert oder Plus-Abonnent?<\/p>\n<p>                Hier anmelden<\/p>\n","protected":false},"excerpt":{"rendered":"Aunkirchen. Die CSU Vilshofen hat mit Landrat Raimund Kneidinger die Zeisler Metallverarbeitung GmbH in Aunkirchen besucht, teilt der&hellip;\n","protected":false},"author":2,"featured_media":410251,"comment_status":"","ping_status":"","sticky":false,"template":"","format":"standard","meta":{"footnotes":""},"categories":[3933],"tags":[331,332,548,663,158,3934,3935,13,14,15,12],"class_list":{"0":"post-410250","1":"post","2":"type-post","3":"status-publish","4":"format-standard","5":"has-post-thumbnail","7":"category-eu","8":"tag-aktuelle-nachrichten","9":"tag-aktuelle-news","10":"tag-eu","11":"tag-europa","12":"tag-europaeische-union","13":"tag-europe","14":"tag-european-union","15":"tag-headlines","16":"tag-nachrichten","17":"tag-news","18":"tag-schlagzeilen"},"share_on_mastodon":{"url":"https:\/\/pubeurope.com\/@de\/115176930298760213","error":""},"_links":{"self":[{"href":"https:\/\/www.europesays.com\/de\/wp-json\/wp\/v2\/posts\/410250","targetHints":{"allow":["GET"]}}],"collection":[{"href":"https:\/\/www.europesays.com\/de\/wp-json\/wp\/v2\/posts"}],"about":[{"href":"https:\/\/www.europesays.com\/de\/wp-json\/wp\/v2\/types\/post"}],"author":[{"embeddable":true,"href":"https:\/\/www.europesays.com\/de\/wp-json\/wp\/v2\/users\/2"}],"replies":[{"embeddable":true,"href":"https:\/\/www.europesays.com\/de\/wp-json\/wp\/v2\/comments?post=410250"}],"version-history":[{"count":0,"href":"https:\/\/www.europesays.com\/de\/wp-json\/wp\/v2\/posts\/410250\/revisions"}],"wp:featuredmedia":[{"embeddable":true,"href":"https:\/\/www.europesays.com\/de\/wp-json\/wp\/v2\/media\/410251"}],"wp:attachment":[{"href":"https:\/\/www.europesays.com\/de\/wp-json\/wp\/v2\/media?parent=410250"}],"wp:term":[{"taxonomy":"category","embeddable":true,"href":"https:\/\/www.europesays.com\/de\/wp-json\/wp\/v2\/categories?post=410250"},{"taxonomy":"post_tag","embeddable":true,"href":"https:\/\/www.europesays.com\/de\/wp-json\/wp\/v2\/tags?post=410250"}],"curies":[{"name":"wp","href":"https:\/\/api.w.org\/{rel}","templated":true}]}}