{"id":410269,"date":"2025-09-09T23:37:12","date_gmt":"2025-09-09T23:37:12","guid":{"rendered":"https:\/\/www.europesays.com\/de\/410269\/"},"modified":"2025-09-09T23:37:12","modified_gmt":"2025-09-09T23:37:12","slug":"ber-mallorca-flieger-muss-in-hannover-statt-berlin-landen-news","status":"publish","type":"post","link":"https:\/\/www.europesays.com\/de\/410269\/","title":{"rendered":"BER: Mallorca-Flieger muss in Hannover statt Berlin landen | News"},"content":{"rendered":"<p>Berlin \u2013 <b>Mehr als 200 Passagiere m\u00fcssen sich mit dem Bus durch die Nacht von Hannover nach Berlin kutschieren lassen, weil ihre Maschine umgeleitet wurde. Grund: Der versp\u00e4tete Eurowings-Flug 8583 von Mallorca durfte wegen des Nachtflugverbots nicht mehr am BER landen.<\/b><\/p>\n<p>Eigentlich sollte das <a href=\"https:\/\/www.bild.de\/themen\/specials\/flugzeuge\/news-fotos-videos-17013950.bild.html\" class=\"text-link\" rel=\"nofollow noopener\" target=\"_blank\">Flugzeug<\/a> gegen 21 Uhr in der Hauptstadt landen. Doch ein Unwetter wirbelte am Dienstag den Flugplan auf Mallorca durcheinander. Die Maschine startet mit vier Stunden Versp\u00e4tung.<\/p>\n<p><img decoding=\"async\" width=\"992\" height=\"331\" alt=\"Wie auf der Seite von Eurowings zu sehen, wurde der Flug nach Hannover (HAJ) umgeleitet\" src=\"https:\/\/www.europesays.com\/de\/wp-content\/uploads\/2025\/09\/4006a6b51e15ccc83eac15dc6c270b08,4b320258\"   class=\"dynamic\" loading=\"lazy\"\/><\/p>\n<p class=\"fig__caption__text\">Wie auf der Seite von Eurowings zu sehen, wurde der Flug nach Hannover (HAJ) umgeleitet<\/p>\n<p>Da sind am <a href=\"https:\/\/www.bild.de\/leben-wissen\/reisen\/berliner-flughafen-was-am-ber-schief-laeuft-und-was-gut-68b1be185d3e123a945afb56\" class=\"text-link\" rel=\"nofollow noopener\" target=\"_blank\">BER<\/a> aber schon die Lichter aus! Stattdessen wurde die Maschine zum Regionalflughafen Hannover umgeleitet. Im Gegensatz zum milliardenteurer Hauptstadtflughafen war hier eine Landung in der Nacht noch m\u00f6glich.<\/p>\n<p>Mehr zum Thema<\/p>\n<p><b>Bittere Konsequenz f\u00fcr die mehr als 200 Passagiere: Sie m\u00fcssen die Nacht in Bussen verbringen, die sie die rund 300 Kilometer zum BER fahren. Aber nicht \u00fcber die Rollpiste, sondern \u00fcber die Autobahn! Neue voraussichtliche Ankunftszeit: irgendwann am Mittwochmorgen.<\/b><\/p>\n","protected":false},"excerpt":{"rendered":"Berlin \u2013 Mehr als 200 Passagiere m\u00fcssen sich mit dem Bus durch die Nacht von Hannover nach Berlin&hellip;\n","protected":false},"author":2,"featured_media":410270,"comment_status":"","ping_status":"","sticky":false,"template":"","format":"standard","meta":{"footnotes":""},"categories":[1836],"tags":[296,3364,29,18004,12183,841,30,46,474,1411,24291,45],"class_list":{"0":"post-410269","1":"post","2":"type-post","3":"status-publish","4":"format-standard","5":"has-post-thumbnail","7":"category-hannover","8":"tag-berlin","9":"tag-de","10":"tag-deutschland","11":"tag-eurowings","12":"tag-flughafen-berlin-brandenburg","13":"tag-flugzeuge","14":"tag-germany","15":"tag-hannover","16":"tag-mallorca","17":"tag-niedersachsen","18":"tag-passagierflugzeug","19":"tag-texttospeech"},"share_on_mastodon":{"url":"https:\/\/pubeurope.com\/@de\/115176973577310786","error":""},"_links":{"self":[{"href":"https:\/\/www.europesays.com\/de\/wp-json\/wp\/v2\/posts\/410269","targetHints":{"allow":["GET"]}}],"collection":[{"href":"https:\/\/www.europesays.com\/de\/wp-json\/wp\/v2\/posts"}],"about":[{"href":"https:\/\/www.europesays.com\/de\/wp-json\/wp\/v2\/types\/post"}],"author":[{"embeddable":true,"href":"https:\/\/www.europesays.com\/de\/wp-json\/wp\/v2\/users\/2"}],"replies":[{"embeddable":true,"href":"https:\/\/www.europesays.com\/de\/wp-json\/wp\/v2\/comments?post=410269"}],"version-history":[{"count":0,"href":"https:\/\/www.europesays.com\/de\/wp-json\/wp\/v2\/posts\/410269\/revisions"}],"wp:featuredmedia":[{"embeddable":true,"href":"https:\/\/www.europesays.com\/de\/wp-json\/wp\/v2\/media\/410270"}],"wp:attachment":[{"href":"https:\/\/www.europesays.com\/de\/wp-json\/wp\/v2\/media?parent=410269"}],"wp:term":[{"taxonomy":"category","embeddable":true,"href":"https:\/\/www.europesays.com\/de\/wp-json\/wp\/v2\/categories?post=410269"},{"taxonomy":"post_tag","embeddable":true,"href":"https:\/\/www.europesays.com\/de\/wp-json\/wp\/v2\/tags?post=410269"}],"curies":[{"name":"wp","href":"https:\/\/api.w.org\/{rel}","templated":true}]}}