{"id":410277,"date":"2025-09-09T23:41:11","date_gmt":"2025-09-09T23:41:11","guid":{"rendered":"https:\/\/www.europesays.com\/de\/410277\/"},"modified":"2025-09-09T23:41:11","modified_gmt":"2025-09-09T23:41:11","slug":"bremer-polizei-gewerkschaft-fordert-500-zusaetzliche-stellen","status":"publish","type":"post","link":"https:\/\/www.europesays.com\/de\/410277\/","title":{"rendered":"Bremer Polizei-Gewerkschaft fordert 500 zus\u00e4tzliche Stellen"},"content":{"rendered":"<p class=\"article-toplinewrapper\">\n<p>Standdatum: 9. September 2025.<\/p>\n<p>Autorinnen und Autoren:<br \/>\nMario Neumann<\/p>\n<p><img decoding=\"async\" class=\"image -image-with-fallback -image-rounded  lazyload\" src=\"data:image\/gif;base64,R0lGODlhEAAJAIAAAP\/\/\/\/\/\/\/yH5BAEKAAEALAAAAAAQAAkAAAIKjI+py+0Po5yUFQA7\"   alt=\"Polizisten beim Spiel Werder gegen Hannover\" data-image-owner=\"dpa | Carmen Jaspersen\" data-image-title=\"Polizisten beim Spiel Werder gegen Hannover\" data-image-src=\"https:\/\/www.butenunbinnen.de\/bilder\/fussball-werder-polizei-100~_v-800x450_c-1736780617523.jpg\" data-image-rights-src=\"\/bilder\/fussball-werder-polizei-100~_v-640x360_c-1736780617523.jpg\"\/><\/p>\n<p>Die Polizei Bremen schiebt nach eigenen Angaben gut 300.000 \u00dcberstunden vor sich her, in Bremerhaven sind es rund 40.000.<\/p>\n<p>Bild: dpa | Carmen Jaspersen<\/p>\n<p class=\"article-intro\">Seit 2016 habe sich die Zahl der Kundgebungen, Demos und Sportereignisse verf\u00fcnffacht, begr\u00fcndet die GdP ihre Forderung. Dies sei eine &#8222;krankmachende Arbeitsbelastung&#8220;.<\/p>\n<p>Die Gewerkschaft der Polizei rechnet in Bremen in diesem Jahr mit einem neuen Rekord bei der Zahl der Versammlungen. In den ersten sechs Monaten gab es demnach bereits 600 Kundgebungen, Demos und Sportveranstaltungen, die von der Polizei begleitet wurden. F\u00fcr die Besch\u00e4ftigten der Polizei fordert die Gewerkschaft dringend Entlastung.<\/p>\n<p>An jedem Wochenende und auch unter der Woche st\u00fcnden bis Ende des Jahres weitere Eins\u00e4tze an, so Nils Winter von der Gewerkschaft der Polizei zu buten un binnen. Er rechnet mit einem neuen Einsatzrekord. Im Vergleich zu 2016 habe sich die Zahl der Versammlungen in der Stadt Bremen verf\u00fcnffacht. Auch die Ermittlungsarbeit werde mehr.<\/p>\n<p>Polizei z\u00e4hlt mehr als 340.000 \u00dcberstunden<\/p>\n<p><a href=\"https:\/\/www.butenunbinnen.de\/bilder\/polizei-bremen-demo-100~_v-512x288_c-1740078583737.jpg\" data-gallery-entry-for=\"gdp-bremen-kritisiert-belastung-100\" data-size=\"1920x1080\" class=\"text-link\" rel=\"nofollow noopener\" target=\"_blank\"><\/p>\n<p><img decoding=\"async\" class=\"image -image-with-fallback -image-rounded  lazyload\" src=\"data:image\/gif;base64,R0lGODlhEAAJAIAAAP\/\/\/\/\/\/\/yH5BAEKAAEALAAAAAAQAAkAAAIKjI+py+0Po5yUFQA7\"   alt=\"Zwei Polizeiautos f\u00fchren einen Demozug an.\" title=\"Bild: Radio Bremen\" data-image-owner=\"Radio Bremen\" data-image-title=\"Zwei Polizeiautos f\u00fchren einen Demozug an.\" data-image-src=\"https:\/\/www.butenunbinnen.de\/bilder\/polizei-bremen-demo-100~_v-512x288_c-1740078583737.jpg\" data-image-rights-src=\"\/bilder\/polizei-bremen-demo-100~_v-640x360_c-1740078583737.jpg\"\/><\/p>\n<p><\/a><\/p>\n<p>Polizeieinsatz bei einer Demo in Bremen: Viele finden am Wochenende statt. (Archivbild)<\/p>\n<p>Bild: Radio Bremen<\/p>\n<p>Daher fordert der Gewerkschaftsvorsitzende mindestens 500 Stellen mehr f\u00fcr die Polizei in Bremen und Bremerhaven. Winter spricht von einer krankmachenden Arbeitsbelastung. Schon jetzt h\u00e4tten die Besch\u00e4ftigten der Polizei in Bremen mehr als 300.000 \u00dcberstunden. In Bremerhaven seien es rund 40.000. Auch dort nimmt der GdP zufolge die Zahl der Versammlungen, die polizeilich begleitet werden, immer weiter zu.<\/p>\n<p>Innensenator Ulrich M\u00e4urer (SPD) betont auf Nachfrage von buten un binnen die Bedeutung des Demonstrationsrechts in Deutschland. &#8222;Gleichzeitig sehen wir seit einigen Jahren eine deutliche Zunahme der Anzahl\u00a0und H\u00e4ufigkeit von Demonstrationen und Kundgebungen.&#8220; Das stelle die Polizeien vor gro\u00dfe Herausforderungen. &#8222;Wir d\u00fcrfen die Sicherheit der B\u00fcrgerinnen und B\u00fcrger aber nicht gegen die Arbeitsbelastung der Polizei ausspielen&#8220;, so M\u00e4urer.<\/p>\n<p>Mehr zur Polizei in Bremen:<\/p>\n<p class=\"article-legal-broadcast-reference\"><strong>Dieses Thema im Programm:<\/strong><br \/>\nBremen Zwei, Nachrichten, 9. September 2025, 17 Uhr<\/p>\n","protected":false},"excerpt":{"rendered":"Standdatum: 9. September 2025. Autorinnen und Autoren: Mario Neumann Die Polizei Bremen schiebt nach eigenen Angaben gut 300.000&hellip;\n","protected":false},"author":2,"featured_media":410278,"comment_status":"","ping_status":"","sticky":false,"template":"","format":"standard","meta":{"footnotes":""},"categories":[1824],"tags":[2420,3364,29,35039,30,618,121],"class_list":{"0":"post-410277","1":"post","2":"type-post","3":"status-publish","4":"format-standard","5":"has-post-thumbnail","7":"category-bremen","8":"tag-bremen","9":"tag-de","10":"tag-deutschland","11":"tag-gdp","12":"tag-germany","13":"tag-gewerkschaft","14":"tag-polizei"},"share_on_mastodon":{"url":"https:\/\/pubeurope.com\/@de\/115176989759298659","error":""},"_links":{"self":[{"href":"https:\/\/www.europesays.com\/de\/wp-json\/wp\/v2\/posts\/410277","targetHints":{"allow":["GET"]}}],"collection":[{"href":"https:\/\/www.europesays.com\/de\/wp-json\/wp\/v2\/posts"}],"about":[{"href":"https:\/\/www.europesays.com\/de\/wp-json\/wp\/v2\/types\/post"}],"author":[{"embeddable":true,"href":"https:\/\/www.europesays.com\/de\/wp-json\/wp\/v2\/users\/2"}],"replies":[{"embeddable":true,"href":"https:\/\/www.europesays.com\/de\/wp-json\/wp\/v2\/comments?post=410277"}],"version-history":[{"count":0,"href":"https:\/\/www.europesays.com\/de\/wp-json\/wp\/v2\/posts\/410277\/revisions"}],"wp:featuredmedia":[{"embeddable":true,"href":"https:\/\/www.europesays.com\/de\/wp-json\/wp\/v2\/media\/410278"}],"wp:attachment":[{"href":"https:\/\/www.europesays.com\/de\/wp-json\/wp\/v2\/media?parent=410277"}],"wp:term":[{"taxonomy":"category","embeddable":true,"href":"https:\/\/www.europesays.com\/de\/wp-json\/wp\/v2\/categories?post=410277"},{"taxonomy":"post_tag","embeddable":true,"href":"https:\/\/www.europesays.com\/de\/wp-json\/wp\/v2\/tags?post=410277"}],"curies":[{"name":"wp","href":"https:\/\/api.w.org\/{rel}","templated":true}]}}