{"id":410279,"date":"2025-09-09T23:42:35","date_gmt":"2025-09-09T23:42:35","guid":{"rendered":"https:\/\/www.europesays.com\/de\/410279\/"},"modified":"2025-09-09T23:42:35","modified_gmt":"2025-09-09T23:42:35","slug":"service-de-c-1995-2025-ruhr-concept-kg-das-presseportal-fuer-die-erfolgreiche-pressearbeit-von-staedten-kreisen-verbaenden-verlagen-parteien-unternehmen-medienbueros-hotelketten-etc-46","status":"publish","type":"post","link":"https:\/\/www.europesays.com\/de\/410279\/","title":{"rendered":"service.de &#8211; (c) 1995-2025 ruhr-concept KG, das Presseportal f\u00fcr die erfolgreiche Pressearbeit von St\u00e4dten, Kreisen, Verb\u00e4nden, Verlagen, Parteien, Unternehmen, Medienb\u00fcros, Hotelketten etc."},"content":{"rendered":"<p>            &#13;<br \/>\n                Alle Meldungen:<\/p>\n<p>  &#13;<br \/>\n09.09.2025 &#8211; <a href=\"https:\/\/www.presse-service.de\/public\/Default.aspx?p=1597\" rel=\"nofollow noopener\" target=\"_blank\">Stadt Bottrop<\/a>&#13;<\/p>\n<p>  &#13;<br \/>\nSchlaglichter auf die bewegten 70er&#13;<\/p>\n<p class=\"ins_r\">&#13;<br \/>\n      <img decoding=\"async\" class=\"news_list_single_image\" src=\"https:\/\/www.presse-service.de\/data.aspx\/medien\/305850V.jpg?cache=1\" alt=\"\u00a9 \"\/>&#13;<br \/>\nFotografien von E. G. Schweizer im Kulturzentrum August Everding&#13;\n  <\/p>\n<p> &#13;<br \/>\n      <a href=\"https:\/\/www.presse-service.de\/public\/Single.aspx?iid=1196814\" rel=\"nofollow noopener\" target=\"_blank\">mehr lesen&#8230;<\/a>  <\/p>\n<p>  &#13;<br \/>\n09.09.2025 &#8211; <a href=\"https:\/\/www.presse-service.de\/public\/Default.aspx?p=85\" rel=\"nofollow noopener\" target=\"_blank\">Stadt M\u00f6nchengladbach<\/a>&#13;<\/p>\n<p>  &#13;<br \/>\nUnwetterlage in M\u00f6nchengladbach: Feuerwehr und Hilfsorganisationen seit den fr\u00fchen Morgenstunden im Dauereinsatz&#13;<br \/>\nMehr als 1.170 Hilfeersuchen \/ Vier Schulen betroffen  \/ Zwei Ampelanlagen au\u00dfer Betrieb&#13;<\/p>\n<p class=\"ins_r\">&#13;<br \/>\n      <img decoding=\"async\" class=\"news_list_single_image\" src=\"https:\/\/www.europesays.com\/de\/wp-content\/uploads\/2025\/04\/logo_mg.jpg\" alt=\"\u00a9 \"\/>&#13;<br \/>\nDas Sturmtief &#8222;Walter&#8220; hat seit den fr\u00fchen Morgenstunden zu einer au\u00dfergew\u00f6hnlichen Einsatzlage in M\u00f6nchengladbach gef\u00fchrt. Seit 2:00 Uhr sind die Feuerwehr M\u00f6nchengladbach, das Technische Hilfswerk (THW) sowie Einsatzkr\u00e4fte mehrerer Hilfsorganisationen im gesamten Stadtgebiet im Einsatz.&#13;<br \/>\nBis 17:00 Uhr nahm die Leitstelle in \u00fcber 2.700 Telefonaten insgesamt 1.172 Hilfeersuchen entgegen. In Spitzenzeiten gingen innerhalb von zehn Minuten bis zu 152 Notrufe ein. Bislang wurden 618 technische Hilfeleistungen und 15 Brandeins\u00e4tze bearbeitet.&#13;<br \/>\nDie&#8230;&#13;\n  <\/p>\n<p> &#13;<br \/>\n      <a href=\"https:\/\/www.presse-service.de\/public\/Single.aspx?iid=1196815\" rel=\"nofollow noopener\" target=\"_blank\">mehr lesen&#8230;<\/a>  <\/p>\n<p>  &#13;<br \/>\n09.09.2025 &#8211; <a href=\"https:\/\/www.presse-service.de\/public\/Default.aspx?p=1533\" rel=\"nofollow noopener\" target=\"_blank\">M\u00fcnsterland e.V.<\/a>&#13;<\/p>\n<p>  &#13;<br \/>\nAuf historischen Spuren durch das M\u00fcnsterland: Radtouren zum Tag des offenen Denkmals&#13;<\/p>\n<p class=\"ins_r\">&#13;<br \/>\n      <img decoding=\"async\" class=\"news_list_single_image\" src=\"https:\/\/www.presse-service.de\/data.aspx\/medien\/305839V.jpg?cache=1\" alt=\"\u00a9 M\u00fcnsterland e.V.\/Simon Says Media\"\/>&#13;<br \/>\nEs ist allj\u00e4hrlich Deutschlands gr\u00f6\u00dftes Kulturevent: der Tag des offenen Denkmals. Am Sonntag, 14. September, \u00f6ffnen zahlreiche historische Bauwerke in Deutschland ihre sonst h\u00e4ufig verschlossenen T\u00fcren f\u00fcr Besucherinnen und Besucher. Wer sich im M\u00fcnsterland auf die Spuren der Denkm\u00e4ler begeben will, f\u00fcr den hat der M\u00fcnsterland e.V. f\u00fcnf spannende Radtouren entwickelt.&#13;<br \/>\nDie rund 67 Kilometer lange Rundtour durch den Kreis Borken f\u00fchrt unter anderem zum imposanten Schloss Raesfeld, das mit seiner bewegten Geschichte beeindruckt. Ebenfalls auf&#8230;&#13;\n  <\/p>\n<p> &#13;<br \/>\n      <a href=\"https:\/\/www.presse-service.de\/public\/Single.aspx?iid=1196803\" rel=\"nofollow noopener\" target=\"_blank\">mehr lesen&#8230;<\/a>  <\/p>\n<p>  &#13;<br \/>\n09.09.2025 &#8211; <a href=\"https:\/\/www.presse-service.de\/public\/Default.aspx?p=1577\" rel=\"nofollow noopener\" target=\"_blank\">Kompetenzzentrum Frau &amp; Beruf M\u00fcnsterland<\/a>&#13;<\/p>\n<p>  &#13;<br \/>\n3. Frauen-Wirtschaftstag 2025&#13;<br \/>\nEine Veranstaltung im Zeichen von guter Zusammenarbeit in der Wirtschaft&#13;<\/p>\n<p class=\"ins_r\">&#13;<br \/>\n      <img decoding=\"async\" class=\"news_list_single_image\" src=\"https:\/\/www.presse-service.de\/data.aspx\/medien\/305830V.jpg?cache=1\" alt=\"\u00a9 \"\/>&#13;<br \/>\nM\u00fcnster, 03.09.2025 \u2013 \u201eGemeinsam stark! Frau und Mann, Jung und Alt, Mensch und Technik &#8211; Erfolgreiche Zusammenarbeit in der Wirtschaft\u201c, das war das Motto des 3. Frauen-Wirtschaftstages im Speicher 10 in M\u00fcnster.&#13;\n  <\/p>\n<p> &#13;<br \/>\n      <a href=\"https:\/\/www.presse-service.de\/public\/Single.aspx?iid=1196808\" rel=\"nofollow noopener\" target=\"_blank\">mehr lesen&#8230;<\/a>  <\/p>\n<p>  &#13;<br \/>\n09.09.2025 &#8211; <a href=\"https:\/\/www.presse-service.de\/public\/Default.aspx?p=532\" rel=\"nofollow noopener\" target=\"_blank\">Stadt Arnsberg<\/a>&#13;<\/p>\n<p>  &#13;<br \/>\n\u201eArnsberg engagiert \u2013 die Ehrenamtsplattform\u201c geht an den Start &#13;<br \/>\nVorstellung beim n\u00e4chsten Vereinsstammtisch am 18. November&#13;<\/p>\n<p class=\"ins_r\">&#13;<br \/>\n      <img decoding=\"async\" class=\"news_list_single_image\" src=\"https:\/\/www.europesays.com\/de\/wp-content\/uploads\/2025\/04\/logo_ansberg.jpg\" alt=\"\u00a9 \"\/>&#13;<br \/>\nArnsberg. Das Ehrenamt ist eine tragende S\u00e4ule unserer Gesellschaft. Die Menschen unserer Stadt, die vielf\u00e4ltigen Vereine, Organisationen und Initiativen, leisten Gro\u00dfartiges. Mit der digitalen Ehrenamtsplattform &#8222;Arnsberg engagiert&#8220; wird die Unterst\u00fctzung der ehrenamtlich T\u00e4tigen in unserer Stadt um einen weiteren wichtigen Baustein erg\u00e4nzt.&#13;<br \/>\nAls Projekt der Smart City Strategie wird sie allen Engagierten zur Verf\u00fcgung stehen und die zentrale Plattform f\u00fcr ehrenamtliches Engagement in unserer Stadt sein. Hier finden die Menschen zusammen, die&#8230;&#13;\n  <\/p>\n<p> &#13;<br \/>\n      <a href=\"https:\/\/www.presse-service.de\/public\/Single.aspx?iid=1196813\" rel=\"nofollow noopener\" target=\"_blank\">mehr lesen&#8230;<\/a>  <\/p>\n<p>  &#13;<br \/>\n09.09.2025 &#8211; <a href=\"https:\/\/www.presse-service.de\/public\/Default.aspx?p=1227\" rel=\"nofollow noopener\" target=\"_blank\">Stadt Iserlohn<\/a>&#13;<\/p>\n<p>  &#13;<br \/>\nStadt Iserlohn sucht kurzfristig Wahlhelferinnen und Wahlhelfer f\u00fcr die Kommunalwahl am 14. September&#13;<\/p>\n<p class=\"ins_r\">&#13;<br \/>\n      <img decoding=\"async\" class=\"news_list_single_image\" src=\"https:\/\/www.presse-service.de\/data.aspx\/medien\/305392V.jpg?cache=1\" alt=\"\u00a9 Stadt Iserlohn \/ Pressestelle\"\/>&#13;<br \/>\nAm kommenden Sonntag, 14. September, findet die Kommunalwahl 2025 in Iserlohn statt. Auch f\u00fcr eine m\u00f6gliche Stichwahl am Sonntag, 28. September, laufen die Vorbereitungen im Wahlamt bereits auf Hochtouren.&#13;<br \/>\nDamit die Wahl in den insgesamt 85 Wahllokalen ordnungsgem\u00e4\u00df durchgef\u00fchrt werden kann, sucht die Stadt Iserlohn dringend noch freiwillige Helferinnen und Helfer, die in den Wahlvorst\u00e4nden mitarbeiten m\u00f6chten \u2013 als Wahlvorsteherin und Wahlvorsteher, Schriftf\u00fchrerin und Schriftf\u00fchrer oder Beisitzerin und Beisitzer.&#13;<br \/>\n&#8222;Ohne den Einsatz&#8230;&#13;\n  <\/p>\n<p> &#13;<br \/>\n      <a href=\"https:\/\/www.presse-service.de\/public\/Single.aspx?iid=1196779\" rel=\"nofollow noopener\" target=\"_blank\">mehr lesen&#8230;<\/a>  <\/p>\n<p>  &#13;<br \/>\n09.09.2025 &#8211; <a href=\"https:\/\/www.presse-service.de\/public\/Default.aspx?p=1032\" rel=\"nofollow noopener\" target=\"_blank\">Kreisstadt Unna<\/a>&#13;<\/p>\n<p>  &#13;<br \/>\nSaarbr\u00fccker Stra\u00dfe ist fertig saniert: Ab sofort nur noch f\u00fcr Fu\u00dfg\u00e4nger und Radfahrer nutzbar&#13;<\/p>\n<p class=\"ins_r\">&#13;<br \/>\n      <img decoding=\"async\" class=\"news_list_single_image\" src=\"https:\/\/www.presse-service.de\/data.aspx\/medien\/305821V.jpg?cache=1\" alt=\"\u00a9 Anna Gem\u00fcnd\/Kreisstadt Unna\"\/>&#13;<br \/>\nDie Saarbr\u00fccker Stra\u00dfe zwischen dem Uelzener Weg und der Viktoriastra\u00dfe ist nach rund zweieinhalb Monaten Bauzeit vollst\u00e4ndig saniert und in einen kombinierten Geh- und Radweg umgestaltet worden. Die Kreisstadt Unna hat damit die beschlossene Umnutzung des bisherigen Stra\u00dfenabschnitts abgeschlossen: Ab sofort ist die Saarbr\u00fccker Stra\u00dfe ausschlie\u00dflich f\u00fcr Fu\u00dfg\u00e4ngerinnen und Fu\u00dfg\u00e4nger sowie Radfahrerinnen und Radfahrer freigegeben. F\u00fcr den Kfz-Verkehr bleibt sie dauerhaft gesperrt.&#13;<br \/>\nMit dem Umbau konnte ein Teil der alten, breiteren Fahrbahn&#8230;&#13;\n  <\/p>\n<p> &#13;<br \/>\n      <a href=\"https:\/\/www.presse-service.de\/public\/Single.aspx?iid=1196782\" rel=\"nofollow noopener\" target=\"_blank\">mehr lesen&#8230;<\/a>  <\/p>\n<p>  &#13;<br \/>\n09.09.2025 &#8211; <a href=\"https:\/\/www.presse-service.de\/public\/Default.aspx?p=85\" rel=\"nofollow noopener\" target=\"_blank\">Stadt M\u00f6nchengladbach<\/a>&#13;<\/p>\n<p>  &#13;<br \/>\nKulturausschuss tagt am 10. September im Museum Abteiberg&#13;<\/p>\n<p class=\"ins_r\">&#13;<br \/>\n      <img decoding=\"async\" class=\"news_list_single_image\" src=\"https:\/\/www.europesays.com\/de\/wp-content\/uploads\/2025\/04\/logo_mg.jpg\" alt=\"\u00a9 \"\/>&#13;<br \/>\nDer Ausschuss f\u00fcr Kultur der Stadt M\u00f6nchengladbach tagt am Mittwoch, 10.09.2025, um 17:00 Uhr im Museum Abteiberg. Auf der Tagesordnung steht unter anderem eine Sachstandsbericht zum Umzug der Stadtteilbibliothek Rheydt. Au\u00dferdem gibt es aktuelle Informationen zur Premiere \u00a0von &#8222;blank spaces \u2013 Conference-Festival f\u00fcr Urbane Kultur und Kreativwirtschaft&#8220; am 23.10.2025 und 24.10.2025.&#13;<br \/>\n\u00a0Eine \u00dcbersicht \u00fcber alle Tagesordnungspunkte und Beratungsvorlagen gibt es im Ratsinformationssystem unter&#8230;&#13;\n  <\/p>\n<p> &#13;<br \/>\n      <a href=\"https:\/\/www.presse-service.de\/public\/Single.aspx?iid=1196797\" rel=\"nofollow noopener\" target=\"_blank\">mehr lesen&#8230;<\/a>  <\/p>\n<p>  &#13;<br \/>\n09.09.2025 &#8211; <a href=\"https:\/\/www.presse-service.de\/public\/Default.aspx?p=1568\" rel=\"nofollow noopener\" target=\"_blank\">Stadt Osnabr\u00fcck<\/a>&#13;<\/p>\n<p>  &#13;<br \/>\nLesung der Politikwissenschaftlerin Martyna Linartas \u00fcber ungleiche Verm\u00f6gensverteilung &#13;<\/p>\n<p class=\"ins_r\">&#13;<br \/>\n      <img decoding=\"async\" class=\"news_list_single_image\" src=\"https:\/\/www.presse-service.de\/data.aspx\/medien\/305831V.jpg?cache=1\" alt=\"\u00a9 \"\/>&#13;<br \/>\nUngleichheit ist kein Naturgesetz \u2013 in Deutschland wird sie von Generation zu Generation weitergegeben. Im Rahmen der aktuellen Sonderausstellung &#8222;Von Kohle, Kr\u00f6ten und Moneten&#8220; liest Martyna Linartas am 24. September um 18:30 Uhr im MIK Museum Industriekultur aus ihrem Buch &#8222;Unverdiente Ungleichheit \u2013 Wie der Weg aus der Erbengesellschaft gelingen kann&#8220;. Im anschlie\u00dfenden Gespr\u00e4ch spricht sie \u00fcber politische und gesellschaftliche Ans\u00e4tze f\u00fcr eine gerechtere Verteilung von Verm\u00f6gen. &#13;<br \/>\n Um 17.45 Uhr bietet eine Kuratorenf\u00fchrung durch die&#8230;&#13;\n  <\/p>\n<p> &#13;<br \/>\n      <a href=\"https:\/\/www.presse-service.de\/public\/Single.aspx?iid=1196798\" rel=\"nofollow noopener\" target=\"_blank\">mehr lesen&#8230;<\/a>  <\/p>\n<p>  &#13;<br \/>\n09.09.2025 &#8211; <a href=\"https:\/\/www.presse-service.de\/public\/Default.aspx?p=85\" rel=\"nofollow noopener\" target=\"_blank\">Stadt M\u00f6nchengladbach<\/a>&#13;<\/p>\n<p>  &#13;<br \/>\nparc\/ours \u2013 Wochenende der offenen Ateliers und Kunstorte am 20. und 21. September 2025 in M\u00f6nchengladbach&#13;<\/p>\n<p class=\"ins_r\">&#13;<br \/>\n      <img decoding=\"async\" class=\"news_list_single_image\" src=\"https:\/\/www.presse-service.de\/data.aspx\/medien\/305832V.jpg?cache=1\" alt=\"\u00a9 Stadt MG\"\/>&#13;<br \/>\nAm 20. und 21. September 2025 l\u00e4dt der 27. parc\/ours wieder dazu ein, die M\u00f6nchengladbacher Kunstszene hautnah zu erleben. Zahlreiche Ateliers und Kunstorte \u00f6ffnen ihre T\u00fcren und erm\u00f6glichen Besuchenden einen unmittelbaren Einblick in k\u00fcnstlerische Arbeitsprozesse, Gespr\u00e4che mit den Kunstschaffenden sowie die Begegnung mit einer gro\u00dfen Vielfalt an k\u00fcnstlerischen Ausdrucksformen. Ob Malerei, Fotografie, Skulptur oder Installation \u2013 das Wochenende der offenen Ateliers und Kunstorte bietet die Gelegenheit, die Vielfalt des lokalen Kunstgeschehens&#8230;&#13;\n  <\/p>\n<p> &#13;<br \/>\n      <a href=\"https:\/\/www.presse-service.de\/public\/Single.aspx?iid=1196800\" rel=\"nofollow noopener\" target=\"_blank\">mehr lesen&#8230;<\/a>  <\/p>\n<p>  &#13;<br \/>\n09.09.2025 &#8211; <a href=\"https:\/\/www.presse-service.de\/public\/Default.aspx?p=1086\" rel=\"nofollow noopener\" target=\"_blank\">Landeshauptstadt Magdeburg<\/a>&#13;<\/p>\n<p>  &#13;<br \/>\nMetallguss f\u00fcr Kinder und Jugendliche im Technikmuseum&#13;<br \/>\nZum Tag des offenen Denkmals am Sonntag&#13;<\/p>\n<p class=\"ins_r\">&#13;<br \/>\n      <img decoding=\"async\" class=\"news_list_single_image\" src=\"https:\/\/www.europesays.com\/de\/wp-content\/uploads\/2025\/04\/logo_magdeburg.png\" alt=\"\u00a9 \"\/>&#13;<br \/>\nAn diesem Sonntag, 14. September, k\u00f6nnen Kinder und Jugendliche ab 10 Jahren im Technikmuseum in der Dodendorfer Stra\u00dfe 65 das Gie\u00dfen von Metall in der Tradition von Hermann Gruson ausprobieren. Jeweils um 11.00 und 14.00 Uhr bietet der F\u00f6rderverein Technikmuseum Magdeburg e. V. auf dem Au\u00dfengel\u00e4nde zwei Workshops zum Aluminiumgie\u00dfen. Der Eintritt ist am Sonntag ist ganzt\u00e4gig frei.&#13;<br \/>\n\u00a0&#13;<br \/>\nNach einer Vorf\u00fchrung kann man das Schmelzen und Formen von fl\u00fcssigem Metall selbst ausprobieren. Die Pl\u00e4tze sind pro Workshop auf jeweils 10 Kinder und&#8230;&#13;\n  <\/p>\n<p> &#13;<br \/>\n      <a href=\"https:\/\/www.presse-service.de\/public\/Single.aspx?iid=1196801\" rel=\"nofollow noopener\" target=\"_blank\">mehr lesen&#8230;<\/a>  <\/p>\n<p>  &#13;<br \/>\n09.09.2025 &#8211; <a href=\"https:\/\/www.presse-service.de\/public\/Default.aspx?p=1575\" rel=\"nofollow noopener\" target=\"_blank\">Stadt Stadtlohn<\/a>&#13;<\/p>\n<p>  &#13;<br \/>\nStadtlohn:Klassik am 21. September 2025 mit dem Asasello Quartett&#13;<\/p>\n<p class=\"ins_r\">&#13;<br \/>\n      <img decoding=\"async\" class=\"news_list_single_image\" src=\"https:\/\/www.presse-service.de\/data.aspx\/medien\/305838V.jpg?cache=1\" alt=\"\u00a9 Asasello Quartett\"\/>&#13;<br \/>\nMusikliebhaber d\u00fcrfen sich auf ein besonderes Konzertereignis freuen: Am Sonntag, 21. September 2025, 18 Uhr, l\u00e4dt die Konzertreihe Stadtlohn:Klassik zum n\u00e4chsten Stadtlohn:Klassik-Konzert mit dem gefragten Asasello Quartett in die Konzertaula des Geschwister-Scholl-Gymnasiums in Stadtlohn ein. &#13;<br \/>\n&#13;\n  <\/p>\n<p> &#13;<br \/>\n      <a href=\"https:\/\/www.presse-service.de\/public\/Single.aspx?iid=1196804\" rel=\"nofollow noopener\" target=\"_blank\">mehr lesen&#8230;<\/a>  <\/p>\n<p>  &#13;<br \/>\n09.09.2025 &#8211; <a href=\"https:\/\/www.presse-service.de\/public\/Default.aspx?p=113\" rel=\"nofollow noopener\" target=\"_blank\">Stadt Bocholt &#8211; Fahrradfreundliche Stadt im M\u00fcnsterland<\/a>&#13;<\/p>\n<p>  &#13;<br \/>\nBocholt erm\u00f6glicht Solarteur-Ausbildung f\u00fcr Partnerstadt&#13;<br \/>\nUkrainischer Elektrotechniker aus Werchniodniprowsk absolviert  Solarteur-Ausbildung in Deutschland&#13;<\/p>\n<p class=\"ins_r\">&#13;<br \/>\n      <img decoding=\"async\" class=\"news_list_single_image\" src=\"https:\/\/www.presse-service.de\/data.aspx\/medien\/305837V.jpg?cache=1\" alt=\"\u00a9 Bocholt\"\/>&#13;<br \/>\nDie Stadt Bocholt setzt ein Zeichen der Solidarit\u00e4t mit ihrer Partnerstadt Werchniodniprowsk: Ein Elektrotechniker aus der Ukraine nimmt in Berlin an einer dreiw\u00f6chigen Ausbildung zum Solarteur teil. Den Platz konnte Bocholt durch eine erfolgreiche Bewerbung bei der Deutschen Gesellschaft f\u00fcr Internationale Zusammenarbeit (GIZ) sichern.&#13;\n  <\/p>\n<p> &#13;<br \/>\n      <a href=\"https:\/\/www.presse-service.de\/public\/Single.aspx?iid=1196805\" rel=\"nofollow noopener\" target=\"_blank\">mehr lesen&#8230;<\/a>  <\/p>\n<p>  &#13;<br \/>\n09.09.2025 &#8211; <a href=\"https:\/\/www.presse-service.de\/public\/Default.aspx?p=1575\" rel=\"nofollow noopener\" target=\"_blank\">Stadt Stadtlohn<\/a>&#13;<\/p>\n<p>  &#13;<br \/>\nFreiwillige Zusch\u00fcsse der Stadt Stadtlohn f\u00fcr Eltern von Kindern mit Behinderung&#13;<br \/>\nAntrag f\u00fcr Beihilfe kann jetzt im Rathaus gestellt werden &#13;<\/p>\n<p class=\"ins_r\">&#13;<br \/>\n      <img decoding=\"async\" class=\"news_list_single_image\" src=\"https:\/\/www.presse-service.de\/data.aspx\/medien\/240224V.png?cache=1\" alt=\"\u00a9 \"\/>&#13;<br \/>\nDie Stadt Stadtlohn zahlt Eltern von Kindern mit Behinderung, die das 18. Lebensjahr noch nicht vollendet haben, eine Beihilfe. Ein entsprechender Antrag kann jetzt im Rathaus gestellt werden. Bei einem Grad der Behinderung (GdB) von 50 bis 60 Prozent betr\u00e4gt die Beihilfe 100 Euro, bei einem GdB von 70 bis 100 Prozent 200 Euro. &#13;\n  <\/p>\n<p> &#13;<br \/>\n      <a href=\"https:\/\/www.presse-service.de\/public\/Single.aspx?iid=1196806\" rel=\"nofollow noopener\" target=\"_blank\">mehr lesen&#8230;<\/a>  <\/p>\n<p>  &#13;<br \/>\n09.09.2025 &#8211; <a href=\"https:\/\/www.presse-service.de\/public\/Default.aspx?p=85\" rel=\"nofollow noopener\" target=\"_blank\">Stadt M\u00f6nchengladbach<\/a>&#13;<\/p>\n<p>  &#13;<br \/>\nVHS M\u00f6nchengladbach: Online-Kurse erm\u00f6glichen ortsunabh\u00e4ngiges Lernen&#13;<\/p>\n<p class=\"ins_r\">&#13;<br \/>\n      <img decoding=\"async\" class=\"news_list_single_image\" src=\"https:\/\/www.europesays.com\/de\/wp-content\/uploads\/2025\/04\/logo_mg.jpg\" alt=\"\u00a9 \"\/>&#13;<br \/>\nDie Volkshochschule M\u00f6nchengladbach macht Lernen flexibel und grenzenlos: Neben dem umfangreichen Pr\u00e4senzangebot bietet die VHS ausgew\u00e4hlte Kurse an, die vollst\u00e4ndig online besucht werden k\u00f6nnen. Damit \u00f6ffnet sich die st\u00e4dtische Bildungseinrichtung nicht nur f\u00fcr die Region, sondern auch f\u00fcr Teilnehmende weit \u00fcber die Stadtgrenzen hinaus.&#13;<br \/>\nEin Beispiel ist der beliebte Franz\u00f6sisch-Fernkurs, der montagabends virtuell stattfindet. Teilnehmende aus Hamburg, Berlin, Z\u00fcrich oder Warschau treffen sich online, um unter fachkundiger Anleitung ihre&#8230;&#13;\n  <\/p>\n<p> &#13;<br \/>\n      <a href=\"https:\/\/www.presse-service.de\/public\/Single.aspx?iid=1196809\" rel=\"nofollow noopener\" target=\"_blank\">mehr lesen&#8230;<\/a>  <\/p>\n<p>  &#13;<br \/>\n09.09.2025 &#8211; <a href=\"https:\/\/www.presse-service.de\/public\/Default.aspx?p=85\" rel=\"nofollow noopener\" target=\"_blank\">Stadt M\u00f6nchengladbach<\/a>&#13;<\/p>\n<p>  &#13;<br \/>\nNeugestalteter Adenauerplatz wird wiederer\u00f6ffnet &#13;<br \/>\nAm Samstag, den 20. September, l\u00e4dt die Stadtverwaltung zum Fest mit der Nachbarschaft ein&#13;<\/p>\n<p class=\"ins_r\">&#13;<br \/>\n      <img decoding=\"async\" class=\"news_list_single_image\" src=\"https:\/\/www.presse-service.de\/data.aspx\/medien\/305847V.jpg?cache=1\" alt=\"\u00a9 Stadt MG\"\/>&#13;<br \/>\nSeit Jahresanfang wurde am Adenauerplatz gebaggert, gebaut und gepflanzt. Und auch das benachbarte Teilst\u00fcck der Kaiserstra\u00dfe ist neugestaltet worden und verbindet nun geschickt Park und Zentralbibliothek miteinander. Am Samstag, den 20. September, wird die neu gestaltete Fl\u00e4che im Gr\u00fcnderzeitviertel nun mithilfe vieler Angebote aus der Nachbarschaft feierlich er\u00f6ffnet. Von 11:00 bis 17:00 Uhr erwartet die Besucherinnen und Besucher ein buntes Programm, das vor allem eines in den Mittelpunkt stellt \u2013 das Miteinander, Kennenlernen und Feiern im&#8230;&#13;\n  <\/p>\n<p> &#13;<br \/>\n      <a href=\"https:\/\/www.presse-service.de\/public\/Single.aspx?iid=1196811\" rel=\"nofollow noopener\" target=\"_blank\">mehr lesen&#8230;<\/a>  <\/p>\n<p>  &#13;<br \/>\n09.09.2025 &#8211; <a href=\"https:\/\/www.presse-service.de\/public\/Default.aspx?p=1527\" rel=\"nofollow noopener\" target=\"_blank\">Pressestelle LANDKREIS KASSEL<\/a>&#13;<\/p>\n<p>  &#13;<br \/>\nGelungener Auftakt der Interkulturellen Wochen &#13;<\/p>\n<p class=\"ins_r\">&#13;<br \/>\n      <img decoding=\"async\" class=\"news_list_single_image\" src=\"https:\/\/www.presse-service.de\/data.aspx\/medien\/305848V.jpg?cache=1\" alt=\"\u00a9 Landkreis Kassel\"\/>&#13;<br \/>\nWolfhagen\/Landkreis Kassel. Mit einem besonderen Kinoabend sind die Interkulturellen Wochen 2025 im Landkreis Kassel er\u00f6ffnet worden. Rund 70 Besucherinnen und Besucher kamen am Montagabend ins Kino Wolfhagen, um auf Einladung des WIR-Vielfaltszentrums den preisgekr\u00f6nten Film &#8222;Contra&#8220; von Regisseur S\u00f6nke Wortmann zu sehen und beim anschlie\u00dfenden Filmgespr\u00e4ch dabei zu sein.\u00a0\u00a0&#13;<br \/>\nDer Film erz\u00e4hlt die Geschichte der Jurastudentin Naima, die von ihrem Professor diskriminierend beleidigt wird. Um seinen Job zu retten, muss er sie bei der Vorbereitung&#8230;&#13;\n  <\/p>\n<p> &#13;<br \/>\n      <a href=\"https:\/\/www.presse-service.de\/public\/Single.aspx?iid=1196812\" rel=\"nofollow noopener\" target=\"_blank\">mehr lesen&#8230;<\/a>  <\/p>\n<p>  &#13;<br \/>\n09.09.2025 &#8211; <a href=\"https:\/\/www.presse-service.de\/public\/Default.aspx?p=116\" rel=\"nofollow noopener\" target=\"_blank\">Stadt Hanau<\/a>&#13;<\/p>\n<p>  &#13;<br \/>\nSanierung der Friedhofsmauer am Hauptfriedhof Hanau gestartet&#13;<\/p>\n<p class=\"ins_r\">&#13;<br \/>\n      <img decoding=\"async\" class=\"news_list_single_image\" src=\"https:\/\/www.presse-service.de\/data.aspx\/medien\/305805V.jpg?cache=1\" alt=\"\u00a9 Stadt Hanau \/ Moritz G\u00f6bel\"\/>&#13;<br \/>\nSeit wenigen Tagen laufen die Arbeiten zur Reinigung und Sanierung der historischen Mauer am Hanauer Hauptfriedhof. Der st\u00e4dtische Eigenbetrieb Hanau Infrastruktur Service (HIS) hat mit dem ersten Abschnitt entlang der Dettinger Stra\u00dfe begonnen. &#13;\n  <\/p>\n<p> &#13;<br \/>\n      <a href=\"https:\/\/www.presse-service.de\/public\/Single.aspx?iid=1196756\" rel=\"nofollow noopener\" target=\"_blank\">mehr lesen&#8230;<\/a>  <\/p>\n<p>  &#13;<br \/>\n09.09.2025 &#8211; <a href=\"https:\/\/www.presse-service.de\/public\/Default.aspx?p=1592\" rel=\"nofollow noopener\" target=\"_blank\">Stadt Sundern<\/a>&#13;<\/p>\n<p>  &#13;<br \/>\nBauma\u00dfnahme in der Rundstra\u00dfe in Hachen&#13;<\/p>\n<p class=\"ins_r\">&#13;<br \/>\n      <img decoding=\"async\" class=\"news_list_single_image\" src=\"https:\/\/www.europesays.com\/de\/wp-content\/uploads\/2025\/05\/logo_sundern.jpg\" alt=\"\u00a9 \"\/>&#13;<br \/>\nAb Mittwoch, 10. September 2025 beginnen die Bauarbeiten.&#13;\n  <\/p>\n<p> &#13;<br \/>\n      <a href=\"https:\/\/www.presse-service.de\/public\/Single.aspx?iid=1196769\" rel=\"nofollow noopener\" target=\"_blank\">mehr lesen&#8230;<\/a>  <\/p>\n<p>&#13;<br \/>\n  &#13;<\/p>\n","protected":false},"excerpt":{"rendered":"&#13; Alle Meldungen: &#13; 09.09.2025 &#8211; Stadt Bottrop&#13; &#13; Schlaglichter auf die bewegten 70er&#13; &#13; &#13; Fotografien von&hellip;\n","protected":false},"author":2,"featured_media":410280,"comment_status":"","ping_status":"","sticky":false,"template":"","format":"standard","meta":{"footnotes":""},"categories":[1834],"tags":[3364,29,3688,30,19579,19580,62,14,1209,178,19577,19578,19576,181,19575],"class_list":{"0":"post-410279","1":"post","2":"type-post","3":"status-publish","4":"format-standard","5":"has-post-thumbnail","7":"category-essen","8":"tag-de","9":"tag-deutschland","10":"tag-essen","11":"tag-germany","12":"tag-kommunal","13":"tag-kommunaler-dienst","14":"tag-medien","15":"tag-nachrichten","16":"tag-nordrhein-westfalen","17":"tag-presse","18":"tag-pressearchiv","19":"tag-pressedienst","20":"tag-pressemeldungen","21":"tag-pressemitteilungen","22":"tag-presseservice"},"share_on_mastodon":{"url":"https:\/\/pubeurope.com\/@de\/115176993707889989","error":""},"_links":{"self":[{"href":"https:\/\/www.europesays.com\/de\/wp-json\/wp\/v2\/posts\/410279","targetHints":{"allow":["GET"]}}],"collection":[{"href":"https:\/\/www.europesays.com\/de\/wp-json\/wp\/v2\/posts"}],"about":[{"href":"https:\/\/www.europesays.com\/de\/wp-json\/wp\/v2\/types\/post"}],"author":[{"embeddable":true,"href":"https:\/\/www.europesays.com\/de\/wp-json\/wp\/v2\/users\/2"}],"replies":[{"embeddable":true,"href":"https:\/\/www.europesays.com\/de\/wp-json\/wp\/v2\/comments?post=410279"}],"version-history":[{"count":0,"href":"https:\/\/www.europesays.com\/de\/wp-json\/wp\/v2\/posts\/410279\/revisions"}],"wp:featuredmedia":[{"embeddable":true,"href":"https:\/\/www.europesays.com\/de\/wp-json\/wp\/v2\/media\/410280"}],"wp:attachment":[{"href":"https:\/\/www.europesays.com\/de\/wp-json\/wp\/v2\/media?parent=410279"}],"wp:term":[{"taxonomy":"category","embeddable":true,"href":"https:\/\/www.europesays.com\/de\/wp-json\/wp\/v2\/categories?post=410279"},{"taxonomy":"post_tag","embeddable":true,"href":"https:\/\/www.europesays.com\/de\/wp-json\/wp\/v2\/tags?post=410279"}],"curies":[{"name":"wp","href":"https:\/\/api.w.org\/{rel}","templated":true}]}}