{"id":410292,"date":"2025-09-09T23:50:15","date_gmt":"2025-09-09T23:50:15","guid":{"rendered":"https:\/\/www.europesays.com\/de\/410292\/"},"modified":"2025-09-09T23:50:15","modified_gmt":"2025-09-09T23:50:15","slug":"neustart-am-esslinger-theater-neuer-kostuemchef-am-theater-modedesigner-setzt-sich-in-szene-esslingen","status":"publish","type":"post","link":"https:\/\/www.europesays.com\/de\/410292\/","title":{"rendered":"Neustart am Esslinger Theater: Neuer Kost\u00fcmchef am Theater \u2013 Modedesigner setzt sich in Szene &#8211; Esslingen"},"content":{"rendered":"<p>Der 31-j\u00e4hrige Wesley Petermann ist Modedesigner und hat an gro\u00dfen B\u00fchnen gearbeitet. Jetzt freut er sich auf die ungewohnte Rolle am Esslinger Theater.<\/p>\n<p>Er kreiert Mode f\u00fcr Menschen, die sich selbst in Szene setzen. Das ist auf Wesley Petermanns Homepage nachzulesen. Mit seinen Designs hat der 31-J\u00e4hrige Schweizer, der in Brasilien geboren wurde, in der Modeszene von sich reden gemacht. Jetzt leitet der kommunikative K\u00fcnstler die Kost\u00fcmabteilung der Esslinger Landesb\u00fchne. Die Ideen der Ausstatter umzusetzen, das reizt den Modedesigner. Wie in seinem eigenen k\u00fcnstlerischen Schaffen liebt er es dabei aber, Grenzen zu \u00fcberschreiten.<\/p>\n","protected":false},"excerpt":{"rendered":"Der 31-j\u00e4hrige Wesley Petermann ist Modedesigner und hat an gro\u00dfen B\u00fchnen gearbeitet. Jetzt freut er sich auf die&hellip;\n","protected":false},"author":2,"featured_media":410293,"comment_status":"","ping_status":"","sticky":false,"template":"","format":"standard","meta":{"footnotes":""},"categories":[1830],"tags":[1634,3364,29,3439,59342,30,108543,15254,32570,1441,103112],"class_list":{"0":"post-410292","1":"post","2":"type-post","3":"status-publish","4":"format-standard","5":"has-post-thumbnail","7":"category-stuttgart","8":"tag-baden-wuerttemberg","9":"tag-de","10":"tag-deutschland","11":"tag-esslingen","12":"tag-esslinger-landesbuehne","13":"tag-germany","14":"tag-kostuemabteilung","15":"tag-kreis-esslingen","16":"tag-modedesigner","17":"tag-stuttgart","18":"tag-theaterfest"},"share_on_mastodon":{"url":"https:\/\/pubeurope.com\/@de\/115177024804005389","error":""},"_links":{"self":[{"href":"https:\/\/www.europesays.com\/de\/wp-json\/wp\/v2\/posts\/410292","targetHints":{"allow":["GET"]}}],"collection":[{"href":"https:\/\/www.europesays.com\/de\/wp-json\/wp\/v2\/posts"}],"about":[{"href":"https:\/\/www.europesays.com\/de\/wp-json\/wp\/v2\/types\/post"}],"author":[{"embeddable":true,"href":"https:\/\/www.europesays.com\/de\/wp-json\/wp\/v2\/users\/2"}],"replies":[{"embeddable":true,"href":"https:\/\/www.europesays.com\/de\/wp-json\/wp\/v2\/comments?post=410292"}],"version-history":[{"count":0,"href":"https:\/\/www.europesays.com\/de\/wp-json\/wp\/v2\/posts\/410292\/revisions"}],"wp:featuredmedia":[{"embeddable":true,"href":"https:\/\/www.europesays.com\/de\/wp-json\/wp\/v2\/media\/410293"}],"wp:attachment":[{"href":"https:\/\/www.europesays.com\/de\/wp-json\/wp\/v2\/media?parent=410292"}],"wp:term":[{"taxonomy":"category","embeddable":true,"href":"https:\/\/www.europesays.com\/de\/wp-json\/wp\/v2\/categories?post=410292"},{"taxonomy":"post_tag","embeddable":true,"href":"https:\/\/www.europesays.com\/de\/wp-json\/wp\/v2\/tags?post=410292"}],"curies":[{"name":"wp","href":"https:\/\/api.w.org\/{rel}","templated":true}]}}