{"id":410298,"date":"2025-09-09T23:54:16","date_gmt":"2025-09-09T23:54:16","guid":{"rendered":"https:\/\/www.europesays.com\/de\/410298\/"},"modified":"2025-09-09T23:54:16","modified_gmt":"2025-09-09T23:54:16","slug":"bundesweiter-warntag-am-donnerstag-testet-koeln-seine-warnsysteme","status":"publish","type":"post","link":"https:\/\/www.europesays.com\/de\/410298\/","title":{"rendered":"Bundesweiter Warntag: Am Donnerstag testet K\u00f6ln seine Warnsysteme"},"content":{"rendered":"<p class=\"dm-paragraph my-8 dm-article-content-width\" index=\"0\" should-collapse-on-mobile=\"true\" has-padding=\"\" data-v-586984a4=\"\">Wenn am Donnerstagvormittag Sirenen heulen und Handys klingeln, gibt es keinen Grund zur Sorge: Das Bundesamt f\u00fcr Bev\u00f6lkerungsschutz testet am 11. September bundesweit <a href=\"https:\/\/www.ksta.de\/koeln\/koeln-beim-warntag-ertoenen-wieder-die-sirenen-1039365\" rel=\"nofollow noopener\" target=\"_blank\">Warnanlagen<\/a>. Der Warntag findet jedes Jahr am zweiten Donnerstag im September statt. In K\u00f6ln werden Sirenen, Warn-Apps und Cell Broadcast getestet.<\/p>\n<p class=\"dm-paragraph my-8 dm-article-content-width\" index=\"1\" should-collapse-on-mobile=\"true\" has-padding=\"\" data-v-586984a4=\"\">Der gemeinsame Aktionstag von Bund, L\u00e4ndern und Kommunen soll nicht nur die Warninfrastruktur im gesamten Bundesgebiet \u00fcberpr\u00fcfen, sondern auch B\u00fcrgerinnen und B\u00fcrger mit den Warnsystemen vertrauter machen.<\/p>\n<p class=\"dm-paragraph my-8 dm-article-content-width\" index=\"2\" should-collapse-on-mobile=\"true\" has-padding=\"\" data-v-586984a4=\"\">Der Probealarm beginnt um 11 Uhr. In K\u00f6ln sollen alle 136 <a href=\"https:\/\/www.ksta.de\/warntag-13-maerz-in-koeln-und-region-heulen-wieder-die-sirenen-502847\" rel=\"nofollow noopener\" target=\"_blank\">Sirenen<\/a> ausgel\u00f6st werden. Zun\u00e4chst wird eine Minute lang ein Dauerwarnton abgespielt, der im Ernstfall eine Entwarnung signalisiert. Nach f\u00fcnf Minuten Pause folgt um 11.06 Uhr ein auf- und abschwellender Ton f\u00fcr den eigentlichen Katastrophenschutzalarm, der ebenfalls eine Minute lang anh\u00e4lt. Nach weiteren f\u00fcnf Minuten Pausen ert\u00f6nt um 11.12 Uhr erneut ein Dauerentwarnungston f\u00fcr eine Minute.<\/p>\n<p>Warnungen auch \u00fcber Mobilfunkger\u00e4te<\/p>\n<p class=\"dm-paragraph my-8 dm-article-content-width\" index=\"4\" should-collapse-on-mobile=\"true\" has-padding=\"\" data-v-586984a4=\"\">Gleichzeitig wird das Alarmierungssystem MoWaS (Modulares Warnsystem) ausgel\u00f6st, das Warntexte an alle angeschlossenen Warnsysteme verschickt. Konkret bedeutet das, dass B\u00fcrgerinnen und B\u00fcrger Push-Nachrichten der Warn-Apps NINA und KATWARN auf ihren Smartphones erhalten. Auch im Fernsehen, Radio und sozialen Medien sowie auf\u00a0digitalen Stadtinformationstafeln und Fahrgastinformationssystemen wird gewarnt.<\/p>\n<p class=\"dm-paragraph my-8 dm-article-content-width\" index=\"5\" should-collapse-on-mobile=\"true\" has-padding=\"\" data-v-586984a4=\"\">Auch <a href=\"https:\/\/www.ksta.de\/ratgeber\/verbraucher\/cell-broadcast-warum-in-den-naechsten-tagen-alle-handynutzer-eine-sms-erhalten-370947\" rel=\"nofollow noopener\" target=\"_blank\">Cell Broadcast<\/a> wird an bundesweiten Warntagen getestet. Hierzu wird keine App oder ein Smartphone ben\u00f6tigt, die Warnungen werden automatisch an alle Mobilfunkger\u00e4te in einer Funkzelle geschickt. Die Warnung erscheint auf dem Bildschirm, zeitgleich wird ein lauter Ton ausgel\u00f6st. Um die Warnmitteilung zu erhalten, muss das Handy auf aktuellstem Stand upgedatet, angeschaltet und mit einem Mobilfunknetz verbunden sein.<\/p>\n<p>Wie wird in K\u00f6ln gewarnt?<\/p>\n<p class=\"dm-paragraph my-8 dm-article-content-width\" index=\"7\" should-collapse-on-mobile=\"true\" has-padding=\"\" data-v-586984a4=\"\">Wie im Ernstfall in K\u00f6ln gewarnt wird, h\u00e4ngt vom jeweiligen Schadensereignissen ab \u2013 nicht in jedem Fall werden alle Warnsysteme aktiviert. Die Entscheidung\u00a0treffen unter anderem Feuerwehr, Ordnungsamt, Gesundheitsamt oder Umweltbeh\u00f6rden. Welche Mittel genutzt werden, h\u00e4ngt beispielsweise von der Art der Gefahr und der Anzahl der potenziell Gef\u00e4hrdeten ab.<\/p>\n<p><a href=\"https:\/\/www.ksta.de\/koeln\/porz\/sirenen-test-um-11-uhr-so-funktioniert-das-koelner-warnsystem-860953\" class=\"dm-imagefeat__imagecontainer dm-imagefeat relative\" aria-label=\"\" tabindex=\"-1\" data-v-d81621e6=\"\" rel=\"nofollow noopener\" target=\"_blank\"><img decoding=\"async\" width=\"4000\" height=\"2667\" alt=\"Guido Rahm in einem Bunker mit technischer Ausstattung im Hintergrund.\" loading=\"lazy\" onerror=\"this.setAttribute('data-error', 1)\" class=\"dm-imagefeat__image w-full aspect-square sm:aspect-auto aspect-video\" style=\"aspect-ratio:1;\" data-nuxt-pic=\"\" src=\"https:\/\/www.europesays.com\/de\/wp-content\/uploads\/2025\/09\/eea32bf7-b2af-4000-90e8-abeac5af59ba.jpeg\"  \/><\/a><\/p>\n<p class=\"dm-paragraph my-8 dm-article-content-width\" index=\"9\" should-collapse-on-mobile=\"true\" has-padding=\"\" data-v-586984a4=\"\">Bei akuter Gefahr wird unter anderem Radio K\u00f6ln direkt mit Informationen aus der Einsatzleitstelle versorgt. Zudem informiert die Internetseite der Stadt K\u00f6ln \u00fcber die Gefahr. Auch Warn-Apps werden ausgel\u00f6st, zudem zeigen Werbetafeln im Stadtgebiet Informationen.<\/p>\n<p>Wie sollte sich K\u00f6lnerinnen und K\u00f6lner im Notfall verhalten?<\/p>\n<p class=\"dm-paragraph my-8 dm-article-content-width\" index=\"11\" should-collapse-on-mobile=\"true\" has-padding=\"\" data-v-586984a4=\"\">Werden die Sirenen au\u00dferhalb der Warntage ausgel\u00f6st, sollte man schnell geschlossene R\u00e4ume aufsuchen und Fenster und T\u00fcren schlie\u00dfen. Zudem wird darum gebeten, Passantinnen und Passanten aufzunehmen und das Radio anzuschalten. (jpr)<\/p>\n","protected":false},"excerpt":{"rendered":"Wenn am Donnerstagvormittag Sirenen heulen und Handys klingeln, gibt es keinen Grund zur Sorge: Das Bundesamt f\u00fcr Bev\u00f6lkerungsschutz&hellip;\n","protected":false},"author":2,"featured_media":410299,"comment_status":"","ping_status":"","sticky":false,"template":"","format":"standard","meta":{"footnotes":""},"categories":[1828],"tags":[29,30,1420,1209],"class_list":{"0":"post-410298","1":"post","2":"type-post","3":"status-publish","4":"format-standard","5":"has-post-thumbnail","7":"category-koeln","8":"tag-deutschland","9":"tag-germany","10":"tag-koeln","11":"tag-nordrhein-westfalen"},"share_on_mastodon":{"url":"https:\/\/pubeurope.com\/@de\/115177040543398194","error":""},"_links":{"self":[{"href":"https:\/\/www.europesays.com\/de\/wp-json\/wp\/v2\/posts\/410298","targetHints":{"allow":["GET"]}}],"collection":[{"href":"https:\/\/www.europesays.com\/de\/wp-json\/wp\/v2\/posts"}],"about":[{"href":"https:\/\/www.europesays.com\/de\/wp-json\/wp\/v2\/types\/post"}],"author":[{"embeddable":true,"href":"https:\/\/www.europesays.com\/de\/wp-json\/wp\/v2\/users\/2"}],"replies":[{"embeddable":true,"href":"https:\/\/www.europesays.com\/de\/wp-json\/wp\/v2\/comments?post=410298"}],"version-history":[{"count":0,"href":"https:\/\/www.europesays.com\/de\/wp-json\/wp\/v2\/posts\/410298\/revisions"}],"wp:featuredmedia":[{"embeddable":true,"href":"https:\/\/www.europesays.com\/de\/wp-json\/wp\/v2\/media\/410299"}],"wp:attachment":[{"href":"https:\/\/www.europesays.com\/de\/wp-json\/wp\/v2\/media?parent=410298"}],"wp:term":[{"taxonomy":"category","embeddable":true,"href":"https:\/\/www.europesays.com\/de\/wp-json\/wp\/v2\/categories?post=410298"},{"taxonomy":"post_tag","embeddable":true,"href":"https:\/\/www.europesays.com\/de\/wp-json\/wp\/v2\/tags?post=410298"}],"curies":[{"name":"wp","href":"https:\/\/api.w.org\/{rel}","templated":true}]}}