{"id":410300,"date":"2025-09-09T23:55:10","date_gmt":"2025-09-09T23:55:10","guid":{"rendered":"https:\/\/www.europesays.com\/de\/410300\/"},"modified":"2025-09-09T23:55:10","modified_gmt":"2025-09-09T23:55:10","slug":"fc-legende-hector-ueber-koeln-start-und-el-mala-ueberragend-2","status":"publish","type":"post","link":"https:\/\/www.europesays.com\/de\/410300\/","title":{"rendered":"FC-Legende Hector \u00fcber K\u00f6ln-Start und El Mala: \u201e\u00dcberragend\u201c"},"content":{"rendered":"<p class=\"dm-paragraph my-8 dm-article-content-width\" index=\"0\" should-collapse-on-mobile=\"true\" has-padding=\"\" data-v-586984a4=\"\">Auf dem Feld mischt <a href=\"https:\/\/www.express.de\/themen\/jonas-hector\" rel=\"nofollow noopener\" target=\"_blank\">Jonas Hector<\/a> (35) nicht mehr mit beim 1. FC K\u00f6ln. Doch abseits des Platzes ist er in diesen Tagen sehr aktiv. Am 15. September 2025 moderiert er die <a target=\"_blank\" href=\"https:\/\/www.express.de\/sport\/fussball\/1-fc-koeln\/jonas-hector-zieht-saisonstart-fazit-und-setzt-grossen-fc-plan-um-1-1099153\" rel=\"nofollow noopener\">Wahlarena des FC in der Halle Tor 2<\/a>. Da will Hector den drei Teams, die sich zur Vorstandswahl stellen, auf den Zahn f\u00fchlen.<\/p>\n<p class=\"dm-paragraph my-8 dm-article-content-width\" index=\"1\" should-collapse-on-mobile=\"true\" has-padding=\"\" data-v-586984a4=\"\">Am Montag (8. September) war der Ex-Nationalspieler beim <a target=\"_blank\" href=\"https:\/\/www.express.de\/sport\/fussball\/1-fc-koeln\/emotionales-golf-event-fc-familie-sammelt-geld-fuer-die-stiftung-1102810\" rel=\"nofollow noopener\">Golfturnier des FC zugunsten der Stiftung auf Gut L\u00e4rchenhof<\/a> in Pulheim-Stommeln dabei. Im Gespr\u00e4ch mit EXPRESS.de scherzte er: \u201eIch bin kein guter Golfer, das nimmt schonmal den Druck bei mir. In den letzten Jahren war es ein sehr angenehmes Turnier mit angenehmer Stimmung.\u201c<\/p>\n<p>Jonas Hector sieht den 1. FC K\u00f6ln in der Breite gut aufgestellt<\/p>\n<p class=\"dm-paragraph my-8 dm-article-content-width\" index=\"3\" should-collapse-on-mobile=\"true\" has-padding=\"\" data-v-586984a4=\"\">Den K\u00f6lner Top-Start in die Saison mit drei Siegen in drei Pflichtspielen bewertet Hector nat\u00fcrlich positiv, er sagt aber auch: \u201eEs ist ganz normal, dass auf dem Platz noch nicht alles funktioniert. Das ist eine neu zusammengestellte Mannschaft, viele Neuzug\u00e4nge, neuer Trainer \u2013 das spielt sich noch ein. Deswegen ist es umso sch\u00f6ner, dass es im Pokal funktioniert hat und es in den ersten zwei Spielen sechs Punkte geholt wurden.\u201c<\/p>\n<p class=\"dm-paragraph my-8 dm-article-content-width\" index=\"4\" should-collapse-on-mobile=\"true\" has-padding=\"\" data-v-586984a4=\"\">Hector weiter: \u201eDas ist nat\u00fcrlich ein \u00fcberragender Start, weil man nicht genau wusste, wo die Reise hingeht \u2013 zumindest aus meiner Fan-Sicht. Es kann gerne so weitergehen.\u201c<\/p>\n<p class=\"dm-paragraph my-8 dm-article-content-width\" index=\"5\" should-collapse-on-mobile=\"true\" has-padding=\"\" data-v-586984a4=\"\"><b>Der Ex-Profi hat auch einen Grund, warum der Ligastart so gut gelaufen ist: \u201eWenn man die drei Spiele von au\u00dfen betrachtet, war das gegen Regensburg jetzt keine spielerische Glanzleistung. Aber der Wille ist da, sowas noch zu drehen. Das ist schonmal eine gute Voraussetzung. Dadurch, dass man das gedreht hat, hat man jetzt ein ganz anderes Selbstvertrauen. Der Sieg in Mainz hat dann wahrscheinlich auch geholfen, um mit breiter Brust gegen Freiburg aufzutreten. So wirkt es zumindest von au\u00dfen.\u201c<\/b><\/p>\n<p class=\"dm-paragraph my-8 dm-article-content-width\" index=\"6\" should-collapse-on-mobile=\"true\" has-padding=\"\" data-v-586984a4=\"\">Gegen Freiburg wurde dann tats\u00e4chlich beim 4:1-Heimsieg teils berauschender Fu\u00dfball gezeigt. Geht Hector auch das Herz auf, wenn er Said El Mala (19) am Ball sieht? \u201eDass er ein guter Kicker ist, sieht man in den Ans\u00e4tzen. Aber es ist nat\u00fcrlich noch ein Unterschied, ob man in der Bundesliga oder in der 3. Liga oder bei der U19-EM spielt. Da braucht er auch Zeit, um richtig anzukommen.\u201c\u00a0<\/p>\n<p class=\"dm-paragraph my-8 dm-article-content-width\" index=\"8\" should-collapse-on-mobile=\"true\" has-padding=\"\" data-v-586984a4=\"\">Hector sieht aber den FC in der Breite viel besser aufgestellt, als in den Jahren zuvor: \u201eGenerell ist die Mannschaft so aufgestellt, dass es ein gutes Gef\u00fchl ist, wenn jemand von der Bank kommt.\u201c<\/p>\n<p class=\"dm-paragraph my-8 dm-article-content-width\" index=\"9\" should-collapse-on-mobile=\"true\" has-padding=\"\" data-v-586984a4=\"\">Zum L\u00e4nderspiel in K\u00f6ln (3:1 gegen Nordirland) sagte der ehemalige FC-Profi: \u201eDie Spieler waren zu Beginn sehr willig, etwas gutzumachen und ein anderes Gesicht zu zeigen. Das hat auch funktioniert. Aber man hat von au\u00dfen ein bisschen das Gef\u00fchl, dass eine gewisse Unsicherheit da ist. Auch durch die \u00d6ffentlichkeit, die bei der Nationalmannschaft extrem ist. Im Endeffekt war es ein souver\u00e4ner Sieg hinten raus. Ich glaube, das gibt jetzt mal ein bisschen Ruhe. Jetzt ist ja wieder Vereinsfu\u00dfball angesagt.\u201c<\/p>\n","protected":false},"excerpt":{"rendered":"Auf dem Feld mischt Jonas Hector (35) nicht mehr mit beim 1. FC K\u00f6ln. Doch abseits des Platzes&hellip;\n","protected":false},"author":2,"featured_media":406333,"comment_status":"","ping_status":"","sticky":false,"template":"","format":"standard","meta":{"footnotes":""},"categories":[1828],"tags":[29,30,1420,1209],"class_list":{"0":"post-410300","1":"post","2":"type-post","3":"status-publish","4":"format-standard","5":"has-post-thumbnail","7":"category-koeln","8":"tag-deutschland","9":"tag-germany","10":"tag-koeln","11":"tag-nordrhein-westfalen"},"share_on_mastodon":{"url":"https:\/\/pubeurope.com\/@de\/115177044785578632","error":""},"_links":{"self":[{"href":"https:\/\/www.europesays.com\/de\/wp-json\/wp\/v2\/posts\/410300","targetHints":{"allow":["GET"]}}],"collection":[{"href":"https:\/\/www.europesays.com\/de\/wp-json\/wp\/v2\/posts"}],"about":[{"href":"https:\/\/www.europesays.com\/de\/wp-json\/wp\/v2\/types\/post"}],"author":[{"embeddable":true,"href":"https:\/\/www.europesays.com\/de\/wp-json\/wp\/v2\/users\/2"}],"replies":[{"embeddable":true,"href":"https:\/\/www.europesays.com\/de\/wp-json\/wp\/v2\/comments?post=410300"}],"version-history":[{"count":0,"href":"https:\/\/www.europesays.com\/de\/wp-json\/wp\/v2\/posts\/410300\/revisions"}],"wp:featuredmedia":[{"embeddable":true,"href":"https:\/\/www.europesays.com\/de\/wp-json\/wp\/v2\/media\/406333"}],"wp:attachment":[{"href":"https:\/\/www.europesays.com\/de\/wp-json\/wp\/v2\/media?parent=410300"}],"wp:term":[{"taxonomy":"category","embeddable":true,"href":"https:\/\/www.europesays.com\/de\/wp-json\/wp\/v2\/categories?post=410300"},{"taxonomy":"post_tag","embeddable":true,"href":"https:\/\/www.europesays.com\/de\/wp-json\/wp\/v2\/tags?post=410300"}],"curies":[{"name":"wp","href":"https:\/\/api.w.org\/{rel}","templated":true}]}}