{"id":410303,"date":"2025-09-09T23:57:15","date_gmt":"2025-09-09T23:57:15","guid":{"rendered":"https:\/\/www.europesays.com\/de\/410303\/"},"modified":"2025-09-09T23:57:15","modified_gmt":"2025-09-09T23:57:15","slug":"iaa-mobility-bleibt-auch-kuenftig-in-muenchen-proteste-begleiten-den-start","status":"publish","type":"post","link":"https:\/\/www.europesays.com\/de\/410303\/","title":{"rendered":"IAA Mobility bleibt auch k\u00fcnftig in M\u00fcnchen \u2013 Proteste begleiten den Start"},"content":{"rendered":"<p data-end=\"396\" data-start=\"0\">Die <a href=\"https:\/\/www.bayerische-staatszeitung.de\/staatszeitung\/wirtschaft\/detailansicht-wirtschaft\/artikel\/iaa-wird-eroeffnet-deutschlands-schluesselindustrie-gewaltig-unter-druck.html#topPosition\" target=\"_blank\" rel=\"noopener\">Automesse IAA Mobility<\/a> bleibt auch in den kommenden Jahren in M\u00fcnchen. Der Verband der Automobilindustrie (VDA) habe beschlossen, den Vertrag mit der Messe M\u00fcnchen zu verl\u00e4ngern, sagte VDA-Pr\u00e4sidentin Hildegard M\u00fcller bei der Er\u00f6ffnung der Messe. Der Vertrag sei um sechs Jahre verl\u00e4ngert worden, sagte Bayerns Ministerpr\u00e4sident Markus S\u00f6der (CSU). \u201eEine sehr weise Entscheidung\u201c, so S\u00f6der.<\/p>\n<p data-end=\"706\" data-start=\"398\">Die Verl\u00e4ngerung habe der Vorstand des VDA direkt vor der Er\u00f6ffnungsfeier der diesj\u00e4hrigen Auflage beschlossen, sagte M\u00fcller. Damit stehe nun fest, dass auch die n\u00e4chste Auflage in zwei Jahren wieder in M\u00fcnchen sein werde. Die entsprechenden Vertr\u00e4ge sollten noch am heutigen Dienstag unterzeichnet werden.<\/p>\n<p data-end=\"1022\" data-start=\"708\">Die IAA Mobility findet seit 2021 alle zwei Jahre in M\u00fcnchen statt. Zuvor war Frankfurt Veranstaltungsort. Der bisherige Vertrag mit der Messe M\u00fcnchen lief bis 2025. Nun bleibe die Autoschau bis mindestens 2031 in der Stadt, sagte Oberb\u00fcrgermeister Dieter Reiter (SPD). \u201eDas ist eine gute Nachricht f\u00fcr M\u00fcnchen.\u201c<\/p>\n<p data-end=\"1394\" data-start=\"1024\">Kurz vor der Er\u00f6ffnung der Automesse IAA Mobility haben mehrere Klimaaktivisten eine Stra\u00dfe in M\u00fcnchen blockiert. Diese h\u00e4tten sich teilweise festgeklebt, sagte ein Polizeisprecher. Einsatzkr\u00e4fte seien nun dabei, diese vom Asphalt zu l\u00f6sen. Bei einer Frau komme dabei ein Winkelschleifer zum Einsatz. Die anderen Aktivisten h\u00e4tten sich bereits von der Stra\u00dfe entfernt.<\/p>\n<p>Kompromiss in der Politik, Widerstand auf der Stra\u00dfe<\/p>\n<p data-end=\"1734\" data-start=\"1396\">Die Aktivisten kritisieren die Automesse nach eigenen Angaben als \u201eklimasch\u00e4dliche Lobbyveranstaltung\u201c. F\u00fcr die Stra\u00dfenblockade hatten sie demnach die Landshuter Allee, eine Haupteinfallsstra\u00dfe in die Innenstadt, ausgew\u00e4hlt, weil sich dort ein Geb\u00e4ude befinde, in dem ein Autohersteller besonders stark motorisierte Fahrzeuge vermarkte.<\/p>\n<p data-end=\"1968\" data-start=\"1736\">Die Stra\u00dfenblockade habe nur zu geringen Beeintr\u00e4chtigungen gef\u00fchrt, weil der Verkehr umgeleitet worden sei, sagte der Polizeisprecher. Die Polizei ermittele nun unter anderem wegen N\u00f6tigung im Stra\u00dfenverkehr gegen die Aktivisten.<\/p>\n<p data-end=\"2185\" data-start=\"1970\">Am Messegel\u00e4nde haben Aktivisten gegen eine aus ihrer Sicht nicht mehr zeitgem\u00e4\u00dfe Autoindustrie protestiert. Im See vor der Messe war ein aus dem Wasser herausragendes Autodach und ein Dinosaurierkopf zu erkennen.<\/p>\n<p data-end=\"2422\" data-start=\"2187\">Der \u201eAutosaurus\u201c stehe symbolisch f\u00fcr eine nicht mehr zu rettende Autobranche, wie \u201eAttac\u201c mitteilte. Der \u201eAutosaurus\u201c m\u00fcsse untergehen, forderten die Aktivisten daneben auf einem Banner. Sie forderten: \u201eBus und Bahn statt Autowahn.\u201c (dpa)<\/p>\n","protected":false},"excerpt":{"rendered":"Die Automesse IAA Mobility bleibt auch in den kommenden Jahren in M\u00fcnchen. Der Verband der Automobilindustrie (VDA) habe&hellip;\n","protected":false},"author":2,"featured_media":410304,"comment_status":"","ping_status":"","sticky":false,"template":"","format":"standard","meta":{"footnotes":""},"categories":[1827],"tags":[1982,772,1984,1983,29,1096,30,259,1987,80,1985,963,1988,62,1268,14,15,16,1986],"class_list":{"0":"post-410303","1":"post","2":"type-post","3":"status-publish","4":"format-standard","5":"has-post-thumbnail","7":"category-muenchen","8":"tag-bayerische-staatszeitung-de","9":"tag-bayern","10":"tag-bsz","11":"tag-bsz-de","12":"tag-deutschland","13":"tag-freistaat","14":"tag-germany","15":"tag-informationen","16":"tag-kommunales","17":"tag-kultur","18":"tag-landtag","19":"tag-lokales","20":"tag-maximilianeum","21":"tag-medien","22":"tag-muenchen","23":"tag-nachrichten","24":"tag-news","25":"tag-politik","26":"tag-zeitung"},"share_on_mastodon":{"url":"https:\/\/pubeurope.com\/@de\/115177052267275744","error":""},"_links":{"self":[{"href":"https:\/\/www.europesays.com\/de\/wp-json\/wp\/v2\/posts\/410303","targetHints":{"allow":["GET"]}}],"collection":[{"href":"https:\/\/www.europesays.com\/de\/wp-json\/wp\/v2\/posts"}],"about":[{"href":"https:\/\/www.europesays.com\/de\/wp-json\/wp\/v2\/types\/post"}],"author":[{"embeddable":true,"href":"https:\/\/www.europesays.com\/de\/wp-json\/wp\/v2\/users\/2"}],"replies":[{"embeddable":true,"href":"https:\/\/www.europesays.com\/de\/wp-json\/wp\/v2\/comments?post=410303"}],"version-history":[{"count":0,"href":"https:\/\/www.europesays.com\/de\/wp-json\/wp\/v2\/posts\/410303\/revisions"}],"wp:featuredmedia":[{"embeddable":true,"href":"https:\/\/www.europesays.com\/de\/wp-json\/wp\/v2\/media\/410304"}],"wp:attachment":[{"href":"https:\/\/www.europesays.com\/de\/wp-json\/wp\/v2\/media?parent=410303"}],"wp:term":[{"taxonomy":"category","embeddable":true,"href":"https:\/\/www.europesays.com\/de\/wp-json\/wp\/v2\/categories?post=410303"},{"taxonomy":"post_tag","embeddable":true,"href":"https:\/\/www.europesays.com\/de\/wp-json\/wp\/v2\/tags?post=410303"}],"curies":[{"name":"wp","href":"https:\/\/api.w.org\/{rel}","templated":true}]}}