{"id":410305,"date":"2025-09-09T23:58:38","date_gmt":"2025-09-09T23:58:38","guid":{"rendered":"https:\/\/www.europesays.com\/de\/410305\/"},"modified":"2025-09-09T23:58:38","modified_gmt":"2025-09-09T23:58:38","slug":"pol-hh-250909-3-zeugenaufruf-nach-gefaehrlicher-koerperverletzung-in-hamburg-othmarschen","status":"publish","type":"post","link":"https:\/\/www.europesays.com\/de\/410305\/","title":{"rendered":"POL-HH: 250909-3. Zeugenaufruf nach gef\u00e4hrlicher K\u00f6rperverletzung in Hamburg-Othmarschen"},"content":{"rendered":"<p class=\"date\">09.09.2025 \u2013 14:06<\/p>\n<p class=\"customer\">\n                        <a class=\"story-customer\" title=\"weiter zum newsroom von Polizei Hamburg\" href=\"https:\/\/www.presseportal.de\/blaulicht\/nr\/6337\" target=\"_blank\" rel=\"noopener\">Polizei Hamburg<\/a>\n                    <\/p>\n<p><a data-category=\"citylink-story-view\" data-action=\"click\" data-label=\"Citylink in Meldungsansicht\" class=\"story-city event-trigger\" href=\"https:\/\/www.presseportal.de\/regional\/Hamburg\" title=\"News aus Hamburg \" target=\"_blank\" rel=\"noopener\">Hamburg<\/a> (ots)<\/p>\n<p>Feststellzeit: 08.09.2025, 14:55 Uhr; Feststellort: Hamburg-Othmarschen, Paul-Ehrlich-Stra\u00dfe<\/p>\n<p>Die Polizei bittet die Bev\u00f6lkerung um Mithilfe bei der Aufkl\u00e4rung einer gef\u00e4hrlichen K\u00f6rperverletzung, nachdem am Montagnachmittag ein Mann mit einer Schussverletzung am Bein in einem Krankenhaus erschienen war.<\/p>\n<p>Nach den bisherigen Erkenntnissen zufolge hielt sich der Mann zun\u00e4chst unweit des Krankenhauseinganges auf und rief lautstark um Hilfe. Kurze Zeit sp\u00e4ter wurde der offensichtlich am Bein Verletzte von Mitarbeitenden der Klinik in das Geb\u00e4ude gef\u00fchrt. Zu diesem Zeitpunkt trug der Mann einen notd\u00fcrftigen Verband an seinem Unterschenkel.<\/p>\n<p>Im Zuge der medizinischen Versorgung wurde bei dem 27-J\u00e4hrigen eine nicht lebensgef\u00e4hrliche Schussverletzung am Unterschenkel festgestellt, die nach jetzigem Ermittlungsstand von bislang unbekannten Dritten verursacht wurde.<\/p>\n<p>Alarmierte Funkstreifenwagenbesatzungen leiteten umgehend eine Fahndung ein, die bislang nicht zur Identifizierung von Tatverd\u00e4chtigen und nicht zur Lokalisierung eines Tatorts gef\u00fchrt hatte.<\/p>\n<p>Das f\u00fcr Gewaltdelikte zust\u00e4ndige Landeskriminalamt der Region Altona (LKA 123) hat die Ermittlungen \u00fcbernommen und pr\u00fcft nun auch die Hintergr\u00fcnde der Tat.<\/p>\n<p>Zeuginnen und Zeugen, die Hinweise zu Tatverd\u00e4chtigen geben k\u00f6nnen oder sonstige Beobachtungen in diesem Zusammenhang gemacht haben, werden gebeten, sich beim Hinweistelefon der Polizei unter 040\/4286 &#8211; 56789 oder bei einer Polizeidienststelle zu melden.<\/p>\n<p>Mx.<\/p>\n<p class=\"contact-headline\">R\u00fcckfragen der Medien bitte an:<\/p>\n<p class=\"contact-text\">Polizei Hamburg<br \/>Polizeipressestelle \/ P\u00d6A 1<br \/>Thilo Marxsen<br \/>Telefon: 040 4286-56211<br \/>E-Mail: <a href=\"https:\/\/www.presseportal.de\/blaulicht\/pm\/6337\/mailto: polizeipressestelle@polizei.hamburg.de\" class=\"uri-mailto\" target=\"_blank\" rel=\"noopener\"> polizeipressestelle@polizei.hamburg.de<\/a><br \/><a target=\"_blank\" class=\"uri-ext outbound\" rel=\"noopener\" href=\"https:\/\/www.polizei.hamburg\">www.polizei.hamburg<\/a><\/p>\n<p class=\"originator\">Original-Content von: Polizei Hamburg, \u00fcbermittelt durch news aktuell<\/p>\n","protected":false},"excerpt":{"rendered":"09.09.2025 \u2013 14:06 Polizei Hamburg Hamburg (ots) Feststellzeit: 08.09.2025, 14:55 Uhr; Feststellort: Hamburg-Othmarschen, Paul-Ehrlich-Stra\u00dfe Die Polizei bittet die&hellip;\n","protected":false},"author":2,"featured_media":386213,"comment_status":"","ping_status":"","sticky":false,"template":"","format":"standard","meta":{"footnotes":""},"categories":[1826],"tags":[29,30,692,691,177,121,178,180,179,181],"class_list":{"0":"post-410305","1":"post","2":"type-post","3":"status-publish","4":"format-standard","5":"has-post-thumbnail","7":"category-hamburg","8":"tag-deutschland","9":"tag-germany","10":"tag-hamburg","11":"tag-hh","12":"tag-kriminalitt","13":"tag-polizei","14":"tag-presse","15":"tag-pressemeldung","16":"tag-pressemitteilung","17":"tag-pressemitteilungen"},"share_on_mastodon":{"url":"https:\/\/pubeurope.com\/@de\/115177056181626936","error":""},"_links":{"self":[{"href":"https:\/\/www.europesays.com\/de\/wp-json\/wp\/v2\/posts\/410305","targetHints":{"allow":["GET"]}}],"collection":[{"href":"https:\/\/www.europesays.com\/de\/wp-json\/wp\/v2\/posts"}],"about":[{"href":"https:\/\/www.europesays.com\/de\/wp-json\/wp\/v2\/types\/post"}],"author":[{"embeddable":true,"href":"https:\/\/www.europesays.com\/de\/wp-json\/wp\/v2\/users\/2"}],"replies":[{"embeddable":true,"href":"https:\/\/www.europesays.com\/de\/wp-json\/wp\/v2\/comments?post=410305"}],"version-history":[{"count":0,"href":"https:\/\/www.europesays.com\/de\/wp-json\/wp\/v2\/posts\/410305\/revisions"}],"wp:featuredmedia":[{"embeddable":true,"href":"https:\/\/www.europesays.com\/de\/wp-json\/wp\/v2\/media\/386213"}],"wp:attachment":[{"href":"https:\/\/www.europesays.com\/de\/wp-json\/wp\/v2\/media?parent=410305"}],"wp:term":[{"taxonomy":"category","embeddable":true,"href":"https:\/\/www.europesays.com\/de\/wp-json\/wp\/v2\/categories?post=410305"},{"taxonomy":"post_tag","embeddable":true,"href":"https:\/\/www.europesays.com\/de\/wp-json\/wp\/v2\/tags?post=410305"}],"curies":[{"name":"wp","href":"https:\/\/api.w.org\/{rel}","templated":true}]}}