{"id":410309,"date":"2025-09-10T00:01:11","date_gmt":"2025-09-10T00:01:11","guid":{"rendered":"https:\/\/www.europesays.com\/de\/410309\/"},"modified":"2025-09-10T00:01:11","modified_gmt":"2025-09-10T00:01:11","slug":"berlin-wadephul-verurteilt-israels-angriff-in-katar","status":"publish","type":"post","link":"https:\/\/www.europesays.com\/de\/410309\/","title":{"rendered":"Berlin | Wadephul verurteilt Israels Angriff in Katar"},"content":{"rendered":"<p>Berlin (dpa) &#8211; Au\u00dfenminister Johann Wadephul hat den israelischen Angriff auf die F\u00fchrungsspitze der Hamas in Katar scharf verurteilt. \u00abDer Angriff Israels in Doha verletzt nicht nur die territoriale Souver\u00e4nit\u00e4t Katars, sondern gef\u00e4hrdet auch unser aller Bem\u00fchungen zur Freilassung der Geiseln. Dieser Schlag ist inakzeptabel\u00bb, erkl\u00e4rte der CDU-Politiker am Abend in Berlin.\u00a0<\/p>\n<p>Wadephul \u00e4u\u00dferte gr\u00f6\u00dfte Sorge um das Leben und die Sicherheit der Geiseln in den H\u00e4nden der Hamas, darunter auch deutsche Staatsangeh\u00f6rige. Dies habe er seinem israelischen Amtskollegen Gideon Saar auch in einem Telefonat gesagt. \u00abKatar spielt eine entscheidende Rolle bei den Bem\u00fchungen um einen Waffenstillstand und um die Freilassung der Geiseln\u00bb, so der Au\u00dfenminister. Seinem katarischen Kollegen habe er Solidarit\u00e4t, Dank und Anerkennung f\u00fcr diese Bem\u00fchungen ausgesprochen.<\/p>\n<p>\u00abIch rufe dringend dazu auf, jetzt alles daf\u00fcr zu tun, dass es endlich zu einem Waffenstillstand kommt und die Geiseln zu ihren Familien zur\u00fcckkehren k\u00f6nnen\u00bb, erkl\u00e4rte Wadephul. \u00abDabei ist weiter klar: Es ist an Hamas, die Waffen niederzulegen und den Terror gegen den Staat Israel aufzugeben. Auch die aktuelle Eskalation ist ein Ergebnis des abscheulichen Terrorangriffs der Hamas auf Israel vom 7. Oktober 2023.\u00bb<\/p>\n","protected":false},"excerpt":{"rendered":"Berlin (dpa) &#8211; Au\u00dfenminister Johann Wadephul hat den israelischen Angriff auf die F\u00fchrungsspitze der Hamas in Katar scharf&hellip;\n","protected":false},"author":2,"featured_media":410310,"comment_status":"","ping_status":"","sticky":false,"template":"","format":"standard","meta":{"footnotes":""},"categories":[1825],"tags":[1941,1939,296,1937,29,30,411,579,8221,4046,1940,1938,40001],"class_list":{"0":"post-410309","1":"post","2":"type-post","3":"status-publish","4":"format-standard","5":"has-post-thumbnail","7":"category-berlin","8":"tag-aktuelle-nachrichten-aus-berlin","9":"tag-aktuelle-news-aus-berlin","10":"tag-berlin","11":"tag-berlin-news","12":"tag-deutschland","13":"tag-germany","14":"tag-israel","15":"tag-katar","16":"tag-konflikte","17":"tag-krieg","18":"tag-nachrichten-aus-berlin","19":"tag-news-aus-berlin","20":"tag-palaestinensische-gebiete"},"share_on_mastodon":{"url":"https:\/\/pubeurope.com\/@de\/115177067895428905","error":""},"_links":{"self":[{"href":"https:\/\/www.europesays.com\/de\/wp-json\/wp\/v2\/posts\/410309","targetHints":{"allow":["GET"]}}],"collection":[{"href":"https:\/\/www.europesays.com\/de\/wp-json\/wp\/v2\/posts"}],"about":[{"href":"https:\/\/www.europesays.com\/de\/wp-json\/wp\/v2\/types\/post"}],"author":[{"embeddable":true,"href":"https:\/\/www.europesays.com\/de\/wp-json\/wp\/v2\/users\/2"}],"replies":[{"embeddable":true,"href":"https:\/\/www.europesays.com\/de\/wp-json\/wp\/v2\/comments?post=410309"}],"version-history":[{"count":0,"href":"https:\/\/www.europesays.com\/de\/wp-json\/wp\/v2\/posts\/410309\/revisions"}],"wp:featuredmedia":[{"embeddable":true,"href":"https:\/\/www.europesays.com\/de\/wp-json\/wp\/v2\/media\/410310"}],"wp:attachment":[{"href":"https:\/\/www.europesays.com\/de\/wp-json\/wp\/v2\/media?parent=410309"}],"wp:term":[{"taxonomy":"category","embeddable":true,"href":"https:\/\/www.europesays.com\/de\/wp-json\/wp\/v2\/categories?post=410309"},{"taxonomy":"post_tag","embeddable":true,"href":"https:\/\/www.europesays.com\/de\/wp-json\/wp\/v2\/tags?post=410309"}],"curies":[{"name":"wp","href":"https:\/\/api.w.org\/{rel}","templated":true}]}}