{"id":410333,"date":"2025-09-10T00:14:28","date_gmt":"2025-09-10T00:14:28","guid":{"rendered":"https:\/\/www.europesays.com\/de\/410333\/"},"modified":"2025-09-10T00:14:28","modified_gmt":"2025-09-10T00:14:28","slug":"zum-nachlesen-die-nacht-der-kreativen-im-dwdl-ticker","status":"publish","type":"post","link":"https:\/\/www.europesays.com\/de\/410333\/","title":{"rendered":"Zum Nachlesen: Die Nacht der Kreativen im DWDL-Ticker"},"content":{"rendered":"<p><strong>00:00 Uhr:\u00a0<\/strong>Uwe Mantel war mal wieder viel zu schnell. Hier noch die Nachspeise, sehr schmackhaft war das. Und damit verabschiede auch ich (Timo Niemeier) mich von Ihnen!<\/p>\n<p>&#13;<br \/>\n<a href=\"#\" title=\"Gro\u00dfbild im Popup-Fenster\" target=\"iview\" onclick=\"javascript:open('\/\/www.dwdl.de\/images\/1757455398_fernsehpreis-nachspeise.jpg', 'popup-beispiel', 'width=1200,resizable=yes')\"><br \/>\n\t\t\t\t<img decoding=\"async\" src=\"https:\/\/www.europesays.com\/de\/wp-content\/uploads\/2025\/09\/1757455398_fernsehpreis-nachspeise.jpg\" alt=\"Fernsehpreis, Nachspeise\" title=\"Fernsehpreis, Nachspeise - Gro\u00dfbild im Popup-Fenster\" width=\"100%\"\/><\/a><br \/>\n\t\t\t\t\u00a9 DWDL.de<\/p>\n<p>\t\t\t&#13;<\/p>\n<p><strong>23:32 Uhr: <\/strong>Ich verabschiede mich an dieser Stelle und bedanke mich f\u00fcrs Mitlesen. Wir melden uns in Sachen Fernsehrpeis morgen gegen 16:30 Uhr wieder mit unserem Livestream vom Roten Teppich. Ab 18:30 Uhr tickern wir die Verleihung, die im Fernsehen erst zeitversetzt ab 20:15 Uhr im ZDF zu sehen sein wird. Bis dann!\u00a0<\/p>\n<p>&#13;<\/p>\n<p><strong>23:30 Uhr: <\/strong>Und damit kommen wir jetzt langsam doch noch zum Dessert. Bevor mein Kollege Timo Niemeier das essen darf, wird aber noch eine Zusammenfassung des Abends liefern.<\/p>\n<p>&#13;<\/p>\n<p><strong>23:28 Uhr:<\/strong> Bilal Bahadir h\u00e4lt die mit Sicherheit bewegendste Dankesrede des Abends, berichtet von seinen eigenen Erfahrungen mit Alltagsrassismus &#8211; dem Thema seiner Serie. Und er berichtet von Mails, die er erhalten habe mit dem Inhalt &#8222;Danke, dass du meinen Schmerz eine Sprache gegeben hast.&#8220; Bahadir: &#8222;Da wusste ich, ich bin nicht allein. Deswegen nehme ich den Preis nicht nur f\u00fcr mich, sondern f\u00fcr alle, die sich nicht verstanden f\u00fchlen, die entmenschlicht werden, die von Politikerinnen und Politikern vor die Hunde geworfen werden, entgegen.&#8220;<\/p>\n<p>&#13;<br \/>\n<a href=\"#\" title=\"Gro\u00dfbild im Popup-Fenster\" target=\"iview\" onclick=\"javascript:open('\/\/www.dwdl.de\/images\/1757453402_bilal-bahadir.jpg', 'popup-beispiel', 'width=1200,resizable=yes')\"><br \/>\n\t\t\t\t<img decoding=\"async\" src=\"https:\/\/www.europesays.com\/de\/wp-content\/uploads\/2025\/09\/1757453402_bilal-bahadir.jpg\" alt=\"Bilal Bahadir\" title=\"Bilal Bahadir - Gro\u00dfbild im Popup-Fenster\" width=\"100%\"\/><\/a><br \/>\n\t\t\t\t\u00a9 DWDL<\/p>\n<p>\t\t\t&#13;<br \/>\n&#13;<\/p>\n<p><strong>23:23 Uhr: <\/strong>Die Anthologie-Serie, die im Rahmen des Kleinen Fernsehspiel des ZDF lief, hat morgen noch die Chance als beste Serie ausgezeichnet zu werden.<\/p>\n<p>&#13;<\/p>\n<p><strong>23:22 Uhr: <\/strong>Und als Autor wird ausgezeichnet&#8230;<\/p>\n<p>&#13;<\/p>\n<ul>&#13;<\/p>\n<li><strong>Bilal Bahadir f\u00fcr &#8222;Uncivilized&#8220; (ZDF\/Cocktailfilms\/Kollektiv Zwo\/Das kleine Fernsehspiel)<\/strong><\/li>\n<p>&#13;<\/p>\n<li>Lena Fakler f\u00fcr &#8222;Bis zur Wahrheit&#8220; (ARD\/Atalante Film\/Nordfilm)<\/li>\n<p>&#13;<\/p>\n<li>Jan Schomburg, Astrid \u00d8ye, P\u00e5l Sletaune f\u00fcr &#8222;Die Aff\u00e4re Cum-Ex&#8220; (ZDF\/X Filme\/True Content\u00a0<br \/>Entertainment\/epo-Film)<\/li>\n<p>&#13;\n<\/ul>\n<p>&#13;<\/p>\n<p><strong>23:19 Uhr: <\/strong>Finaaaleee. Hier fehlt noch der Preis f\u00fcrs beste Buch.<\/p>\n<p>&#13;<\/p>\n<p><strong>23:16 Uhr: <\/strong>Es ist der zweite Preis des Abends f\u00fcr &#8222;Herrhausen&#8220; &#8211; und sogar schon der dritte f\u00fcr eine Produktion von X Filme.<\/p>\n<p>&#13;<\/p>\n<p><strong>23:13 Uhr: <\/strong>Sie sei gefragt worden, ob sie als Regisseurin gern mit einem so stark m\u00e4nnlichen Cast habe drehen wollen. &#8222;Ich glaube nicht, dass den 91 Prozent m\u00e4nnlichen Regisseuren, die bei &#8218;Sex and the City&#8216; Regie gef\u00fchrt haben, die gleiche Frage gestellt wurde.&#8220;<\/p>\n<p>&#13;<br \/>\n<a href=\"#\" title=\"Gro\u00dfbild im Popup-Fenster\" target=\"iview\" onclick=\"javascript:open('\/\/www.dwdl.de\/images\/1757452666_pia-strietmann.jpg', 'popup-beispiel', 'width=1200,resizable=yes')\"><br \/>\n\t\t\t\t<img decoding=\"async\" src=\"https:\/\/www.europesays.com\/de\/wp-content\/uploads\/2025\/09\/1757452666_pia-strietmann.jpg\" alt=\"Pia Strietmann\" title=\"Pia Strietmann - Gro\u00dfbild im Popup-Fenster\" width=\"100%\"\/><\/a><br \/>\n\t\t\t\t\u00a9 DWDL<\/p>\n<p>\t\t\t&#13;<\/p>\n<p><strong>23:12 Uhr: <\/strong>Vorhin wurde ihr schon gedankt, nun hat sie selbst den Preis&#8230;<\/p>\n<p>&#13;<\/p>\n<ul>&#13;<\/p>\n<li>Fabian M\u00f6hrke, Alex Schaad f\u00fcr &#8222;KRANK Berlin&#8220; (ZDF\/Apple TV+\/Violet Pictures\/REAL FILM Berlin)<\/li>\n<p>&#13;<\/p>\n<li><strong>Pia Strietmann f\u00fcr &#8222;Herrhausen &#8211; Der Herr des Geldes&#8220; \u00a0(ARD\/Degeto\/rbb\/SWR\/hr\/Sperl Film\/\u00a0<\/strong><br \/><strong>X Filme)<\/strong><\/li>\n<p>&#13;<\/p>\n<li>Elsa van Damke f\u00fcr &#8222;Angemessen Angry&#8220; (RTL+\/Studio Zentral)<\/li>\n<p>&#13;\n<\/ul>\n<p>&#13;<\/p>\n<p><strong>23:09 Uhr: <\/strong>Es geht jetzt um die Beste Regie.\u00a0<\/p>\n<p>&#13;<\/p>\n<p><strong>23:07 Uhr: <\/strong>Hier fehlen nun noch die Preise f\u00fcr die beste Regie und f\u00fcrs beste Buch in der Fiktion<\/p>\n<p>&#13;<\/p>\n<p><strong>23:04 Uhr:\u00a0<\/strong>Ich z\u00e4hle mal kurz durch. Es gibt bislang keine doppelt ausgezeichnete Produktion. Aber im Sender-Ranking hat RTL auf zwei Preise aufgestockt, auf die ARD entfallen bislang drei Auszeichnungen. Zwei auch aufs ZDF, je eine auf Prime Video, ProSieben und Apple TV+.<\/p>\n<p>&#13;<\/p>\n<p><strong>23:02 Uhr: <\/strong>Und der Deutsche Fernsehpreis geht hier an&#8230;<\/p>\n<p>&#13;<\/p>\n<ul>&#13;<\/p>\n<li>Tanja Gierich (Kost\u00fcm) f\u00fcr &#8222;Ein Mann seiner Klasse&#8220; \u00a0(ARD\/SWR\/BR\/Saxonia Media)<\/li>\n<p>&#13;<\/p>\n<li>Andreas Kohl, Nicolas Corson (VFX) f\u00fcr &#8222;Nachts im Paradies&#8220; (Magenta TV\/Windlight Pictures\/Beside Productions\/Satel Film)<\/li>\n<p>&#13;<\/p>\n<li><strong>Anke Winckler (Kost\u00fcm), Julian Augustin (Szenenbild) f\u00fcr &#8222;Ich bin Dagobert&#8220; (RTL+\/Zeitsprung Pictures)<\/strong><\/li>\n<p>&#13;\n<\/ul>\n<p>&#13;<br \/>\n<a href=\"#\" title=\"Gro\u00dfbild im Popup-Fenster\" target=\"iview\" onclick=\"javascript:open('\/\/www.dwdl.de\/images\/1757452276_dndk.jpg', 'popup-beispiel', 'width=1200,resizable=yes')\"><br \/>\n\t\t\t\t<img decoding=\"async\" src=\"https:\/\/www.europesays.com\/de\/wp-content\/uploads\/2025\/09\/1757452276_dndk.jpg\" alt=\"DNDK\" title=\"DNDK - Gro\u00dfbild im Popup-Fenster\" width=\"100%\"\/><\/a><br \/>\n\t\t\t\t\u00a9 DWDL<\/p>\n<p>\t\t\t&#13;<\/p>\n<p><strong>22:59 Uhr: <\/strong>Hier geht&#8217;s nun weiter mit der Kategorie Beste Ausstattung\/Fiktion.<\/p>\n<p>&#13;<\/p>\n<p><strong>22:55 Uhr: <\/strong>Armin Rohde vergibt nun gleich die n\u00e4chsten Preise &#8211; und f\u00fcr alle Anwesenden beim letzten Grimme-Bergfest gibt&#8217;s Entwarnung: Er ist unfallfrei oben angekommen. Sein Wunsch f\u00fcrs n\u00e4chste Fernsehjahr:\u00a0Mitglieder einer Faschistenpartei sollte man nicht mehr in Talkshows einladen.<\/p>\n<p>&#13;<\/p>\n<p><strong>22:52 Uhr: <\/strong>&#8222;Ein Preis f\u00fcr die Beste Musik ist immer auch ein Preis f\u00fcr die beste Regie&#8220;, lobt die ausgezeichnete Martina Eisenreich die Zusammenarbeit mit Pia Strietmann. Aber mal abwarten, dieser Preis wird ja heute auch noch vergeben!<\/p>\n<p>&#13;<br \/>\n<a href=\"#\" title=\"Gro\u00dfbild im Popup-Fenster\" target=\"iview\" onclick=\"javascript:open('\/\/www.dwdl.de\/images\/1757451494_martina-eisenreich.jpg', 'popup-beispiel', 'width=1200,resizable=yes')\"><br \/>\n\t\t\t\t<img decoding=\"async\" src=\"https:\/\/www.europesays.com\/de\/wp-content\/uploads\/2025\/09\/1757451494_martina-eisenreich.jpg\" alt=\"Martina Eisenreich\" title=\"Martina Eisenreich - Gro\u00dfbild im Popup-Fenster\" width=\"100%\"\/><\/a><br \/>\n\t\t\t\t\u00a9 DWDL<\/p>\n<p>\t\t\t&#13;<\/p>\n<p><strong>22:50 Uhr: <\/strong>Der Deutsche Fernsehpreis in der Kategorie &#8222;Beste Musik&#8220; geht an&#8230;<\/p>\n<p>&#13;<\/p>\n<ul>&#13;<\/p>\n<li><strong>Martina Eisenreich f\u00fcr &#8222;Herrhausen &#8211; Der Herr des Geldes&#8220; (ARD\/Degeto\/rbb\/SWR\/hr\/Sperl Film\/\u00a0<\/strong><br \/><strong>X Filme)<\/strong><\/li>\n<p>&#13;<\/p>\n<li>Mathieu Lamboley f\u00fcr &#8222;Cassandra&#8220; (Netflix\/Rat Pack Filmproduktion)<\/li>\n<p>&#13;<\/p>\n<li>Karwan Marouf f\u00fcr &#8222;Love Sucks&#8220; (ZDF\/Studio Zentral\/U5 Filmproduktion)<\/li>\n<p>&#13;\n<\/ul>\n<p>&#13;<\/p>\n<p>Es ist der erste Preis f\u00fcr &#8222;Herrhausen&#8220;, aber schon der zweite f\u00fcr eine Produktion von X Filme, nachdem vorhin ja auch schon &#8222;Zeit Verbrechen&#8220; gewonnen hat.<\/p>\n<p>&#13;<\/p>\n<p><strong>22:49 Uhr: <\/strong>Wir gehen hier auf die Zielgerade. Vier Kategorien stehen noch aus, alle vier aus dem Fiction-Bereich. Weiter geht&#8217;s hier mit der Kategorie &#8222;Beste Musik&#8220;<\/p>\n<p>&#13;<\/p>\n<p><strong>22:48 Uhr: <\/strong>Also mein Kommentar dazu: Wem will die darbende Fernsehbranche eigentlich etwas vormachen? Goldene Bete? Die Zeiten sind l\u00e4ngst vorbei&#8230;<\/p>\n<p>&#13;<\/p>\n<p><strong>22:30 Uhr: <\/strong>Hallo, hier ist noch einmal Timo Niemeier. Mein Kollege Uwe Mantel hat sich eben doch tats\u00e4chlich beschwert, dass das Foto der Vorspeise viel zu gro\u00df sei. Deshalb hier nun ein Foto des sehr guten Hauptgangs!<\/p>\n<p>&#13;<br \/>\n<a href=\"#\" title=\"Gro\u00dfbild im Popup-Fenster\" target=\"iview\" onclick=\"javascript:open('\/\/www.dwdl.de\/images\/1757450035_fernsehpreis-hauptspeise.jpg', 'popup-beispiel', 'width=1200,resizable=yes')\"><br \/>\n\t\t\t\t<img decoding=\"async\" src=\"https:\/\/www.europesays.com\/de\/wp-content\/uploads\/2025\/09\/1757450035_fernsehpreis-hauptspeise.jpg\" alt=\"Fernsehpreis Hauptspeise\" title=\"Fernsehpreis Hauptspeise - Gro\u00dfbild im Popup-Fenster\" width=\"100%\"\/><\/a><br \/>\n\t\t\t\t\u00a9 DWDL.de<\/p>\n<p>\t\t\t&#13;<\/p>\n<p>Es gab Rinderfilet und &#8211; Achtung! &#8211; Goldene Bete!<\/p>\n<p>&#13;<\/p>\n<p><strong>22:04 Uhr:\u00a0<\/strong>&#8222;Gibt es noch Hoffnung in dieser Branche, von der wir alle glauben, sie ist am Ende?&#8220;, fragt Gisa Flake singend. Und wenn sie singt, dann ist das immer ein gutes Zeichen f\u00fcr: Es gibt etwas zu Essen. Hier winkt der Hauptgang. Und ich verabschiede mich damit wieder in eine kurze Pause.<\/p>\n<p>&#13;<\/p>\n<p><strong>22:01 Uhr:\u00a0<\/strong>Da hat die Jury offenbar \u00fcberzeugt, wie man eine Sendung umsetzen konnte, die komplett im Dunkeln stattfindet &#8211; ist ja nicht so naheliegend f\u00fcr ein visuelles Medium&#8230;<\/p>\n<p>&#13;<br \/>\n<a href=\"#\" title=\"Gro\u00dfbild im Popup-Fenster\" target=\"iview\" onclick=\"javascript:open('\/\/www.dwdl.de\/images\/1757448645_dndk.jpg', 'popup-beispiel', 'width=1200,resizable=yes')\"><br \/>\n\t\t\t\t<img decoding=\"async\" src=\"https:\/\/www.europesays.com\/de\/wp-content\/uploads\/2025\/09\/1757448645_dndk.jpg\" alt=\"DNDK\" title=\"DNDK - Gro\u00dfbild im Popup-Fenster\" width=\"100%\"\/><\/a><br \/>\n\t\t\t\t\u00a9 DWDL<\/p>\n<p>\t\t\t&#13;<\/p>\n<p><strong>22:00 Uhr: <\/strong>Der Deutsche Fernsehpreis f\u00fcr die Beste Regie\/Unterhaltung geht an:<\/p>\n<p>&#13;<\/p>\n<ul>&#13;<\/p>\n<li>Annika Blendl, Michael Schmitt f\u00fcr &#8222;Kaulitz &amp; Kaulitz Staffel 2&#8220; (Netflix\/Constantin Entertainment)<\/li>\n<p>&#13;<\/p>\n<li>Ladislaus Kiraly f\u00fcr &#8222;Die Helene Fischer Show&#8220; (ZDF\/Kimmig Entertainment)<\/li>\n<p>&#13;<\/p>\n<li><strong>Nils Tr\u00fcmpener, Michael Giehmann f\u00fcr &#8222;Licht Aus&#8220; (Prime Video\/Bildergarten Entertainment)<\/strong><\/li>\n<p>&#13;\n<\/ul>\n<p>&#13;<\/p>\n<p><strong>21:57 Uhr:\u00a0<\/strong>Ute Biernat r\u00fchmt die Regie in der Unterhaltung in Abgrenzung zur Fiktion mit den Worten: &#8222;Kunst als Ausrede nimmt einem hier keiner ab&#8220;. Und die gro\u00dfe Aufgabe, dass sie es &#8222;so aussehen lassen m\u00fcssen, als h\u00e4tten alle Spa\u00df gehabt&#8220;.<\/p>\n<p>&#13;<\/p>\n<p><strong>21:54 Uhr: <\/strong>Es droht nun der vorzeitige Ruhestand eines bekannten Fernsehproduzenten &#8211; der schon seit Jahren kokettiert, dass er sich verabschieden will, falls das so viele Jahre verschm\u00e4hte &#8222;GNTM&#8220; mal einen Fernsehpreis gewinnt. Ob daf\u00fcr auch einer in der Kategorie Beste Ausstattung reicht: Unklar.<\/p>\n<p>&#13;<\/p>\n<p><strong>21:52 Uhr: <\/strong>Wie gerade schon erw\u00e4hnt: Das ist tats\u00e4chlich der erste Fernsehpreis \u00fcberhaupt f\u00fcr &#8222;Germany&#8217;s Next Topmodel&#8220;. Morgen k\u00f6nnte das Format aber auch als beste Reality ausgezeichnet werden &#8211; daf\u00fcr m\u00fcsste sich Heidi allerdings gegen ihren Mann Tom durchsetzen, der f\u00fcr &#8222;Kaulitz und Kaulitz&#8220; ebenfalls nominiert ist.<\/p>\n<p>&#13;<br \/>\n<a href=\"#\" title=\"Gro\u00dfbild im Popup-Fenster\" target=\"iview\" onclick=\"javascript:open('\/\/www.dwdl.de\/images\/1757447805_ausstattung-unterhaltung.jpg', 'popup-beispiel', 'width=1200,resizable=yes')\"><br \/>\n\t\t\t\t<img decoding=\"async\" src=\"https:\/\/www.europesays.com\/de\/wp-content\/uploads\/2025\/09\/1757447805_ausstattung-unterhaltung.jpg\" alt=\"ausstattung unterhaltung\" title=\"ausstattung unterhaltung - Gro\u00dfbild im Popup-Fenster\" width=\"100%\"\/><\/a><br \/>\n\t\t\t\t\u00a9 DWDL<\/p>\n<p>\t\t\t&#13;<\/p>\n<p><strong>21:51 Uhr<\/strong>: Leute, macht euch auf die Plagen gefasst, denn der Preis in der Kategorie Beste Ausstattung\/Unterhaltung geht an&#8230;<\/p>\n<p>&#13;<\/p>\n<ul>&#13;<\/p>\n<li>Bode Brodm\u00fcller, Justus Saretz (Set-Design), Nils Bieda, Simon Sutner (Requisite) f\u00fcr &#8222;Wer stiehlt mir die Show?&#8220; (ProSiebe\/ Florida Entertainment)<\/li>\n<p>&#13;<\/p>\n<li><strong>Katrin Hampus (Set-Design), Arkin Atakan (Licht), Mathias Blank (Requisite) f\u00fcr &#8222;Germany&#8217;s Next Topmodel&#8220; (ProSieben\/RedSeven Entertainment)<\/strong><\/li>\n<p>&#13;<\/p>\n<li>Matthias Kublik (Set-Design), Mike Seel (Requisite) f\u00fcr &#8222;DER CLARK FINAL FIGHT &#8211; Stefan Raab vs. Regina Halmich&#8220; (RTL\/Raab Entertainment)<\/li>\n<p>&#13;\n<\/ul>\n<p>&#13;<\/p>\n<p><strong>21:50 Uhr: <\/strong>Gleich k\u00f6nnte Geschichte geschrieben werden: &#8222;Germany&#8217;s Next Topmodel&#8220; hat tats\u00e4chlich noch nie einen Deutschen Fernsehpreis gewonnen. Und selbst die letzte Nominierung ist schon 17 Jahre her. Es droht allerdings auch gro\u00dfes Unheil: Joko Winterscheidt k\u00fcndigt an, sieben Plagen \u00fcber die Fernseh-Menschheit zu bringen, wenn nicht das Team von &#8222;Wer stiehlt mir die Show?&#8220; gewinnt.<\/p>\n<p>&#13;<\/p>\n<p><strong>21:47 Uhr: <\/strong>Ute Biernat: &#8222;Ich dachte auch nicht, dass ich Ihnen das je sagen w\u00fcrde: Stefan Raab ist gut ausgestattet, Joko und Klaas ebenfalls und Heidi Klum auch.&#8220;<\/p>\n<p>&#13;<\/p>\n<p><strong>21:46 Uhr: <\/strong>Ute Biernat geht zwar als Chefin von UFA Show &amp; Factual &#8211; aber sie wird uns offenbar erhalten bleiben: &#8222;Ich werde auf jeden Fall etwas machen, denn nichts machen kann ich nicht&#8220;. Was das sein werde, wisse sie aber selbst noch nicht.<\/p>\n<p>&#13;<\/p>\n<p><strong>21:45 Uhr: <\/strong>Ute Biernat kommt in der extravangantesten Garderobe des Abends auf die B\u00fchne. Und f\u00fcllt eine letzte L\u00fccke in ihrem Lebenslauf: Laudatorin bei der Nacht der Kreativen.<\/p>\n<p>&#13;<br \/>\n<a href=\"#\" title=\"Gro\u00dfbild im Popup-Fenster\" target=\"iview\" onclick=\"javascript:open('\/\/www.dwdl.de\/images\/1757447379_ute-biernat.jpg', 'popup-beispiel', 'width=1200,resizable=yes')\"><br \/>\n\t\t\t\t<img decoding=\"async\" src=\"https:\/\/www.europesays.com\/de\/wp-content\/uploads\/2025\/09\/1757447379_ute-biernat.jpg\" alt=\"Ute Biernat\" title=\"Ute Biernat - Gro\u00dfbild im Popup-Fenster\" width=\"100%\"\/><\/a><br \/>\n\t\t\t\t\u00a9 DWDL<\/p>\n<p>\t\t\t&#13;<\/p>\n<p><strong>21:42 Uhr: <\/strong>Der Deutsche Fernsehpreis 2025 in der Kategorie Beste Montage Information\/Dokumentation:<\/p>\n<p>&#13;<\/p>\n<ul>&#13;<\/p>\n<li>Florian B\u00f6ttger, Dirk Hergenhahn f\u00fcr &#8222;FC Hollywood &#8211; Der FC Bayern und die verr\u00fcckten 90er&#8220; (ZDF\/btf- bildundtonfabrik)<\/li>\n<p>&#13;<\/p>\n<li><strong>Silke Fietz f\u00fcr &#8222;Turnen &#8211; 60 Sekunden Perfektion&#8220; (ARD\/SWR)<\/strong><\/li>\n<p>&#13;<\/p>\n<li>Andr\u00e9 Hammesfahr f\u00fcr &#8222;Beckenbauer &#8211; Der letzte Kaiser&#8220; (Magenta TV\/ZDF\/Arte\/Broadview TV)<\/li>\n<p>&#13;\n<\/ul>\n<p>&#13;<br \/>\n<a href=\"#\" title=\"Gro\u00dfbild im Popup-Fenster\" target=\"iview\" onclick=\"javascript:open('\/\/www.dwdl.de\/images\/1757447110_silke-fietz.jpg', 'popup-beispiel', 'width=1200,resizable=yes')\"><br \/>\n\t\t\t\t<img decoding=\"async\" src=\"https:\/\/www.europesays.com\/de\/wp-content\/uploads\/2025\/09\/1757447110_silke-fietz.jpg\" alt=\"Silke Fietz\" title=\"Silke Fietz - Gro\u00dfbild im Popup-Fenster\" width=\"100%\"\/><\/a><br \/>\n\t\t\t\t\u00a9 DWDL<\/p>\n<p>\t\t\t&#13;<\/p>\n<p><strong>21:40 Uhr: <\/strong>Auch bemerkenswert: Alle drei Nominierten sind im Sport-Bereich angesiedelt.<\/p>\n<p>&#13;<\/p>\n<p><strong>21:36 Uhr: <\/strong>Wir kommen zur besten Montage Information\/Dokumentation. Damit werden die beiden einzigen Doku-Kategorien also am St\u00fcck abger\u00e4umt. Die Nominierten d\u00fcrfen ihm Film-Einspieler selbst erkl\u00e4ren, was die besonderen Herausforderungen waren. Sch\u00f6ne Idee.<\/p>\n<p>&#13;<\/p>\n<p><strong>21:35 Uhr: <\/strong>Gisa Flake l\u00e4sst sich kurz entschuldigen, weil sie zu einem E-Casting f\u00fcr &#8222;Die Passion 2026&#8220; muss. WIR HOFFEN SEHR DARAUF.<\/p>\n<p>&#13;<\/p>\n<p><strong>21:30 Uhr: <\/strong>Und der Deutsche Fernsehpreis f\u00fcr die Beste Kamera Information\/Dokumentation geht an&#8230;<\/p>\n<p>&#13;<\/p>\n<ul>&#13;<\/p>\n<li>Peter D\u00f6rfler, Mathias Sch\u00f6ningh f\u00fcr &#8222;German Cocaine Cowboy \u2013 Der Deutsche im Cali-Kartell&#8220;\u00a0<br \/>(Prime Video\/Beetz Brothers Film Production)\u00a0<\/li>\n<p>&#13;<\/p>\n<li>Philip Fl\u00e4mig f\u00fcr &#8222;Laura Dahlmeier und die Liebe zu den Bergen&#8220; (ZDF\/BEWEGTBILDNEREI)\u00a0<\/li>\n<p>&#13;<\/p>\n<li><strong>Bernd Hermes f\u00fcr &#8222;Roncalli \u2013 Macht der Manege&#8220; (ARD\/NDR\/WDR\/SWR\/UFA Documentary)<\/strong><\/li>\n<p>&#13;\n<\/ul>\n<p>&#13;<\/p>\n<p><strong><a href=\"#\" title=\"Gro\u00dfbild im Popup-Fenster\" target=\"iview\" onclick=\"javascript:open('\/\/www.dwdl.de\/images\/1757446521_kamera-information.jpg', 'popup-beispiel', 'width=1200,resizable=yes')\"><br \/>\n\t\t\t\t<img decoding=\"async\" src=\"https:\/\/www.europesays.com\/de\/wp-content\/uploads\/2025\/09\/1757446521_kamera-information.jpg\" alt=\"Kamera Information\" title=\"Kamera Information - Gro\u00dfbild im Popup-Fenster\" width=\"100%\"\/><\/a><br \/>\n\t\t\t\t\u00a9 DWDL<\/p>\n<p>\t\t\t<\/strong><\/p>\n<p>&#13;<\/p>\n<p>\u00dcbrigens: \u00dcber die Nominierung f\u00fcr die Laura Dahlmeier-Doku war schon vor ihrem t\u00f6dlichen Unfall abgestimmt worden. Siegreich nun aber &#8222;Roncalli&#8220;, womit nun auch die ARD den ersten Preis des Abends hat.<\/p>\n<p>&#13;<\/p>\n<p><strong>21:27 Uhr:<\/strong> Sherif Rizkallah pr\u00e4sentiert die n\u00e4chste Kategorie mit einem Gedicht. &#8222;Danke f\u00fcr die Bilder, die wir heute hier sehen, danke f\u00fcr die Leidenschaft beim Drehen&#8220;. Es geht also um die Kategorie &#8222;Beste Kamera\/Information&#8220;<\/p>\n<p>&#13;<\/p>\n<p><strong>21:24 Uhr: <\/strong>Gisa Flake begr\u00fc\u00dft nun kurz den Jury-Vorsitzenden Wolf Bauer, der dieses Amt allerdings zum letzen Mal innehatte. <a href=\"https:\/\/www.dwdl.de\/fernsehpreis2025\/103669\/die_realitaet_ist_duesterer_als_das_was_wir_diese_woche_auszeichnen\/\" target=\"_blank\" rel=\"noopener nofollow\">An der Stelle verweise ich gerne auf unser Interview.<\/a><\/p>\n<p>&#13;<\/p>\n<p><strong>21:23 Uhr:\u00a0<\/strong>Und da sind wir auch schon wieder zur\u00fcck. Aus der Reihe &#8222;Uninteressant ist auch Folgendes&#8220; wei\u00df ich zu berichten: Ich sitze zwischen zwei Nachkommen von Fleischereifachverk\u00e4uferinnen.\u00a0<\/p>\n<p>&#13;<\/p>\n<p><strong>21:15 Uhr:\u00a0<\/strong>Und hier ein Bild von der sehr guten Vorspeise! (Gefl\u00e4mmter Lachs, Kalamata Oliven, Burrata, Granatapfel, Zitronenverbene), geschrieben von Timo Niemeier<\/p>\n<p>&#13;<br \/>\n<a href=\"#\" title=\"Gro\u00dfbild im Popup-Fenster\" target=\"iview\" onclick=\"javascript:open('\/\/www.dwdl.de\/images\/1757445691_fernsehpreis-vorspeise.jpg', 'popup-beispiel', 'width=1200,resizable=yes')\"><br \/>\n\t\t\t\t<img decoding=\"async\" src=\"https:\/\/www.europesays.com\/de\/wp-content\/uploads\/2025\/09\/1757445691_fernsehpreis-vorspeise.jpg\" alt=\"Fernsehpreis Vorspeise\" title=\"Fernsehpreis Vorspeise - Gro\u00dfbild im Popup-Fenster\" width=\"100%\"\/><\/a><br \/>\n\t\t\t\t\u00a9 DWDL.de<\/p>\n<p>\t\t\t&#13;<\/p>\n<p><strong>20:57 Uhr: <\/strong>Meine lieben Sitznachbar:innen schimpfen, dass ich hier nur Aktivismus betreibe, weil ich immer noch schreibe. Also sage ich: Bis gleich nach der Vorspeise.<\/p>\n<p>&#13;<\/p>\n<p><strong>20:55 Uhr:\u00a0<\/strong>Ach so, bevor hier der historische Moment untergeht: Apple TV+ hat erstmals einen Deutschen Fernsehpreis gewonnen &#8211; allerdings ist man bei &#8222;Krank Berlin&#8220; erst eingestiegen, als die Serie schon abgedreht war. Trotzdem: Gl\u00fcckwunsch! Urspr\u00fcnglich war die Serie von Sky in Auftrag gegeben worden, dann vom ZDF \u00fcbernommen und danach hat sich Apple TV+ noch draufgesetzt. In der Sender-Zwischenbilanz f\u00fchrt das ZDF nun mit zwei Auszeichnungen.<\/p>\n<p>&#13;<\/p>\n<p><strong>20:53 Uhr: <\/strong>Hier folgt die n\u00e4chste Kategorie namens &#8222;Vorspeise&#8220;. Die Nacht der Kreativen ist ja im Rahmen eines gesetzten Dinners. Dementsprechend ist hier jetzt erstmal etwas Pause.\u00a0<\/p>\n<p>&#13;<\/p>\n<p><strong>20:51 Uhr: <\/strong>&#8222;Wir haben immer gesagt: Wir machen so h\u00e4sslich wie es geht. Und daf\u00fcr kriegen wir jetzt einen Preis&#8220;, sagt Jieun Yi. &#8222;Wir wollten etwas radikales machen, das die \u00dcberforderung im System zeigt&#8220;, stimmt Tim Kuhn zu und dankt allen f\u00fcr den Mut, das so umzusetzen.<\/p>\n<p>&#13;<br \/>\n<a href=\"#\" title=\"Gro\u00dfbild im Popup-Fenster\" target=\"iview\" onclick=\"javascript:open('\/\/www.dwdl.de\/images\/1757444018_kamera-fiktion.jpg', 'popup-beispiel', 'width=1200,resizable=yes')\"><br \/>\n\t\t\t\t<img decoding=\"async\" src=\"https:\/\/www.europesays.com\/de\/wp-content\/uploads\/2025\/09\/1757444018_kamera-fiktion.jpg\" alt=\"Kamera Fiktion\" title=\"Kamera Fiktion - Gro\u00dfbild im Popup-Fenster\" width=\"100%\"\/><\/a><br \/>\n\t\t\t\t\u00a9 DWDL<\/p>\n<p>\t\t\t&#13;<\/p>\n<p><strong>20:49 Uhr: <\/strong>Und da ist der erste Preis f\u00fcr &#8222;Krank Berlin&#8220; &#8211; mit insgesamt sechs Nominierungen so stark vertreten wie keine andere Produktion. Heute abend ist die Produktion drei Mal im Rennen.<\/p>\n<p>&#13;<\/p>\n<ul>&#13;<\/p>\n<li>Felix Cramer f\u00fcr &#8222;Ich bin Dagobert&#8220; (RTL+\/Zeitsprung Pictures)<\/li>\n<p>&#13;<\/p>\n<li><strong>Tim Kuhn, Jieun Yi f\u00fcr &#8222;KRANK Berlin&#8220; (ZDF\/Apple TV+\/Violet Pictures\/REAL FILM Berlin)<\/strong><\/li>\n<p>&#13;<\/p>\n<li>Felix Pflieger f\u00fcr &#8222;ZEIT Verbrechen: Dezember&#8220; (RTL+\/X Filme)<\/li>\n<p>&#13;\n<\/ul>\n<p>&#13;<\/p>\n<p><strong>20:45 Uhr: <\/strong>Gisa Flake ist zur\u00fcck auf der B\u00fchne und erz\u00e4hlt, dass es in der Branche nur um Sex gehe. &#8222;Anders ist mein Erfolg nicht zu erkl\u00e4ren&#8220;. Und verantwortlich daf\u00fcr sind nat\u00fcrlich die Bilder &#8211; und damit sind wir auch schon bei der n\u00e4chsten Kategorie &#8222;Beste Kamera\/Fiktion&#8220;. Die Nominierten:\u00a0<\/p>\n<p>&#13;<\/p>\n<ul>&#13;<\/p>\n<li>Felix Cramer f\u00fcr &#8222;Ich bin Dagobert&#8220; (RTL+\/Zeitsprung Pictures)<\/li>\n<p>&#13;<\/p>\n<li>Tim Kuhn, Jieun Yi f\u00fcr &#8222;KRANK Berlin&#8220; (ZDF\/Apple TV+\/Violet Pictures\/REAL FILM Berlin)<\/li>\n<p>&#13;<\/p>\n<li>Felix Pflieger f\u00fcr &#8222;ZEIT Verbrechen: Dezember&#8220; (RTL+\/X Filme)<\/li>\n<p>&#13;\n<\/ul>\n<p>&#13;<\/p>\n<p><strong>20:40 Uhr: <\/strong>Andi Pek dankt dem Produzenten daf\u00fcr, dass er &#8222;ein Team zusammengestellt hat mit ganz vielen jungen, individuellen Talenten. Das hat dazu gef\u00fchrt, dass die Filme so einzigartig geworden sind.&#8220;<\/p>\n<p>&#13;<br \/>\n<a href=\"#\" title=\"Gro\u00dfbild im Popup-Fenster\" target=\"iview\" onclick=\"javascript:open('\/\/www.dwdl.de\/images\/1757443492_montagefiktion.jpg', 'popup-beispiel', 'width=1200,resizable=yes')\"><br \/>\n\t\t\t\t<img decoding=\"async\" src=\"https:\/\/www.europesays.com\/de\/wp-content\/uploads\/2025\/09\/1757443492_montagefiktion.jpg\" alt=\"Montage\/Fiktion\" title=\"Montage\/Fiktion - Gro\u00dfbild im Popup-Fenster\" width=\"100%\"\/><\/a><br \/>\n\t\t\t\t\u00a9 DWDL<\/p>\n<p>\t\t\t&#13;<\/p>\n<p><strong>20:39 Uhr: <\/strong>Und da darf zum ersten Mal bei RTL und X Filme gejubelt werden, denn der Preis geht an&#8230;<\/p>\n<p>&#13;<\/p>\n<ul>&#13;<\/p>\n<li><strong>Andrea &#8222;Andi&#8220; Pek, Christoph Otto, Andreas Menn, Friederike Hohmuth f\u00fcr &#8222;ZEIT Verbrechen&#8220; (RTL+\/X Filme)<\/strong><\/li>\n<p>&#13;<\/p>\n<li>Julia Kovalenko, Gesa J\u00e4ger, Bobby Good, Adrienne Hudson f\u00fcr &#8222;KRANK Berlin&#8220; (ZDF\/Apple TV+\/Violet Pictures\/REAL FILM Berlin)<\/li>\n<p>&#13;<\/p>\n<li>Amina Lorenz f\u00fcr &#8222;Polizeiruf 110 &#8211; Jenseits des Rechts&#8220; (ARD\/BR\/Provobis)<\/li>\n<p>&#13;\n<\/ul>\n<p>&#13;<\/p>\n<p><strong>20:32 Uhr: <\/strong>Weiter geht&#8217;s hier mit &#8222;Beste Montage\/Fiktion&#8220;. Es ist der erste von sechs Fiction-Preisen am heutigen Abend.\u00a0<\/p>\n<p>&#13;<\/p>\n<p><strong>20:31 Uhr: <\/strong>Diese Folge der &#8222;Anstalt&#8220; k\u00f6nnte morgen noch einen Fernsehpreis als Beste Comedy\/Late Night gewinnen.<\/p>\n<p>&#13;<\/p>\n<p><strong>20:27 Uhr: <\/strong>Maike K\u00fchl sagt, am Abend der Ausstrahlung habe sie eine SMS bekommen: &#8222;Damit hast du dich nicht mit Ruhm bekleckert&#8220;. &#8222;Gerade f\u00fchle ich mich sehr mit Ruhm bekleckert.&#8220; Und\u00a0Doris M\u00fcller sagt: &#8222;Als Autorin in der Unterhaltungsbranche freut man sich schon \u00fcber kleine Sachen. Ich habe sich schon gefreut, ich erstmals bei einer Branchenveranstaltung an einer Schlange vor der Frauentoilette anstehen musste. Ich w\u00fcnsche allen Autorinnen in der Unterhaltung mehr Schlangen vor der Frauentoilette.&#8220;<\/p>\n<p>&#13;<br \/>\n<a href=\"#\" title=\"Gro\u00dfbild im Popup-Fenster\" target=\"iview\" onclick=\"javascript:open('\/\/www.dwdl.de\/images\/1757442900_fernsehpreis-buch-unterhaltung.jpg', 'popup-beispiel', 'width=1200,resizable=yes')\"><br \/>\n\t\t\t\t<img decoding=\"async\" src=\"https:\/\/www.europesays.com\/de\/wp-content\/uploads\/2025\/09\/1757442900_fernsehpreis-buch-unterhaltung.jpg\" alt=\"Fernsehpreis Buch Unterhaltung\" title=\"Fernsehpreis Buch Unterhaltung - Gro\u00dfbild im Popup-Fenster\" width=\"100%\"\/><\/a><br \/>\n\t\t\t\t\u00a9 DWDL<\/p>\n<p>\t\t\t&#13;<\/p>\n<p><strong>20:26 Uhr:\u00a0<\/strong>Der Deutsche Fernsehpreis f\u00fcrs Beste Buch Unterhaltung geht an&#8230;<\/p>\n<p>&#13;<\/p>\n<ul>&#13;<\/p>\n<li>Jens Oliver Haas, Micky Beisenherz, J\u00f6rg Uebber, David Flasch f\u00fcr &#8222;Ich bin ein Star &#8211; Holt mich hier raus&#8220; (RTL\/ITV Studios Germany)<\/li>\n<p>&#13;<\/p>\n<li>Carolin Kebekus, Nora Cummins, Max Bierhals, Viola M\u00fcter, Marie Lina Smyrek, Claudius Pl\u00e4ging, Johannes Roggenkamp f\u00fcr &#8222;#KINDERst\u00f6ren&#8220; (ARD\/WDR\/btf\/Unterhaltungsflotte TV)<\/li>\n<p>&#13;<\/p>\n<li><strong>Dietrich Krau\u00df, Maike K\u00fchl, Max Uthoff, Doris M\u00fcller, Cornelius Oettle f\u00fcr &#8222;Die Anstalt &#8211; Freunde des Patriarchats&#8220; (ZDF\/Redspider Networks)<\/strong><\/li>\n<p>&#13;\n<\/ul>\n<p>&#13;<\/p>\n<p><strong>20:20 Uhr: &#8222;<\/strong>Ein gutes Unterhaltungsbuch ist wie ein gro\u00dfes Kinderbett, innerhalb dessen man sich austoben kann&#8220;, sagt Jeannine Michaelsen.<\/p>\n<p>&#13;<\/p>\n<p><strong>20:19 Uhr:\u00a0<\/strong>Jetzt kommt aber wirklich die erste Kategorie des Abends. Es geht ums Beste Buch in der Unterhaltung.<\/p>\n<p>&#13;<\/p>\n<p><strong>20:17 Uhr: <\/strong>Gisa Flake: &#8222;Brauchen wir wirklich eine Fu\u00dfball-Weltmeisterschaft in den USA, tut es da nicht Hobby-Horsing?&#8220; Jeannine Michaelsen stimmt schonmal zu: &#8222;Da w\u00e4ren wir endlich mal wieder weit vorne.&#8220;<\/p>\n<p>&#13;<br \/>\n<a href=\"#\" title=\"Gro\u00dfbild im Popup-Fenster\" target=\"iview\" onclick=\"javascript:open('\/\/www.dwdl.de\/images\/1757442238_jeannine-michaelsen-gisa-flake.jpg', 'popup-beispiel', 'width=1200,resizable=yes')\"><br \/>\n\t\t\t\t<img decoding=\"async\" src=\"https:\/\/www.europesays.com\/de\/wp-content\/uploads\/2025\/09\/1757442238_jeannine-michaelsen-gisa-flake.jpg\" alt=\"Jeannine Michaelsen, Gisa Flake\" title=\"Jeannine Michaelsen, Gisa Flake - Gro\u00dfbild im Popup-Fenster\" width=\"100%\"\/><\/a><br \/>\n\t\t\t\t\u00a9 DWDL<\/p>\n<p>\t\t\t&#13;<\/p>\n<p><strong>20:14 Uhr: <\/strong>Bevor wir die L\u00f6sung der wirtschaftlichen Probleme angehen gibt&#8217;s aber erstmal Dankesworte von Ehrenpreistr\u00e4ger Otto an die unterschiedlichsten Gewerke. Und nun geht&#8217;s direkt zur ersten Kategorie. Denn nun kommt Jeannine Michaelsen als Laudatorin auf die B\u00fchne.<\/p>\n<p>&#13;<\/p>\n<p><strong>20:12 Uhr: <\/strong>&#8222;Das ist ja sowas wie das gr\u00f6\u00dfte Arbeitsessen des Jahres&#8220;,sagt Gisa Flake und plant, die Krise zu bew\u00e4ltigen. &#8222;Am Ende des Abends werden wir den Plan f\u00fcr die Deutsche Fernsehbranche 2026 entwickelt haben.&#8220; Na, dann sind wir ja mal gespannt.<\/p>\n<p>&#13;<\/p>\n<p><strong>20:09 Uhr: <\/strong>Dorothea Jacob sagt: &#8222;Ihr zeigt jeden Tag: Wir sind keine Industrie, wir sind Kunst, die verbindet.&#8220; Und sie sagt im Namen der Stifter: &#8222;Danke f\u00fcr eure Leidenschaft, euren Mut, eure Energie. Dieser Abend geh\u00f6rt nur euch&#8220;<\/p>\n<p>&#13;<\/p>\n<p><strong>20:07 Uhr: <\/strong>Dorothea Jacob spricht nun f\u00fcr die Telekom, die in diesem Jahr erstmals den Vorsitz der Stifter des Deutschen Fernsehpreises hat. Gisa Flake hat sie angek\u00fcndigt mit den Worten: &#8222;Jetzt sieht man etwas, was man selten auf der B\u00fchne des Fernsehpreises sieht: Eine Frau!&#8220; <a href=\"https:\/\/www.dwdl.de\/fernsehpreis2025\/103548\/frauenanteil_beim_deutschen_fernsehpreis_sackt_deutlich_ab\/\" target=\"_blank\" rel=\"noopener nofollow\">Eine Anspielung auf den M\u00e4nner\u00fcberhang bei den Nominierungen.<\/a> Aber schaun mer mal, wer sich heute letztendlich durchsetzen wird.<\/p>\n<p>&#13;<br \/>\n&#13;<\/p>\n<p><strong>20:06 Uhr: <\/strong>&#8222;Morgen gibt&#8217;s noch Barbara Sch\u00f6neberger, ihr habt heute: Euch &#8211; das ist ja auch was sehr sehr sch\u00f6nes.&#8220;<\/p>\n<p>&#13;<br \/>\n<a href=\"#\" title=\"Gro\u00dfbild im Popup-Fenster\" target=\"iview\" onclick=\"javascript:open('\/\/www.dwdl.de\/images\/1757442180_gisa-flake.jpg', 'popup-beispiel', 'width=1200,resizable=yes')\"><br \/>\n\t\t\t\t<img decoding=\"async\" src=\"https:\/\/www.europesays.com\/de\/wp-content\/uploads\/2025\/09\/1757442180_gisa-flake.jpg\" alt=\"Gisa Flake\" title=\"Gisa Flake - Gro\u00dfbild im Popup-Fenster\" width=\"100%\"\/><\/a><br \/>\n\t\t\t\t\u00a9 DWDL<\/p>\n<p>\t\t\t&#13;<\/p>\n<p><strong>20:03 Uhr:<\/strong> Hier geht&#8217;s jetzt los. Und Gisa Flake beginnt als Moderatorin des Abends musikalisch. Letztes Jahr hatte sie schon mit einer gesungenen Laudatio begeistert. Heute singt sie: &#8222;Steven G\u00e4tjen hatte keine Zeit, sie brauchten halt ne Frau&#8220;.<\/p>\n<p>&#13;<\/p>\n<p><strong>20:00 Uhr:<\/strong> Guten Abend aus der K\u00f6lner Flora. Hier beginnt gleich die Nacht der Kreativen, in der der Deutsche Fernsehpreis in den elf Kategorien in den kreativen Gewerken vergeben wird.<\/p>\n<p>&#13;<br \/>\n<a href=\"#\" title=\"Gro\u00dfbild im Popup-Fenster\" target=\"iview\" onclick=\"javascript:open('\/\/www.dwdl.de\/images\/1757440985_dndk.jpg', 'popup-beispiel', 'width=1200,resizable=yes')\"><br \/>\n\t\t\t\t<img decoding=\"async\" src=\"https:\/\/www.europesays.com\/de\/wp-content\/uploads\/2025\/09\/1757440985_dndk.jpg\" alt=\"DNDK\" title=\"DNDK - Gro\u00dfbild im Popup-Fenster\" width=\"100%\"\/><\/a><br \/>\n\t\t\t\t\u00a9 DWDL<\/p>\n","protected":false},"excerpt":{"rendered":"00:00 Uhr:\u00a0Uwe Mantel war mal wieder viel zu schnell. Hier noch die Nachspeise, sehr schmackhaft war das. Und&hellip;\n","protected":false},"author":2,"featured_media":410334,"comment_status":"","ping_status":"","sticky":false,"template":"","format":"standard","meta":{"footnotes":""},"categories":[155],"tags":[29,214,30,215],"class_list":{"0":"post-410333","1":"post","2":"type-post","3":"status-publish","4":"format-standard","5":"has-post-thumbnail","7":"category-unterhaltung","8":"tag-deutschland","9":"tag-entertainment","10":"tag-germany","11":"tag-unterhaltung"},"share_on_mastodon":{"url":"https:\/\/pubeurope.com\/@de\/115177119988775521","error":""},"_links":{"self":[{"href":"https:\/\/www.europesays.com\/de\/wp-json\/wp\/v2\/posts\/410333","targetHints":{"allow":["GET"]}}],"collection":[{"href":"https:\/\/www.europesays.com\/de\/wp-json\/wp\/v2\/posts"}],"about":[{"href":"https:\/\/www.europesays.com\/de\/wp-json\/wp\/v2\/types\/post"}],"author":[{"embeddable":true,"href":"https:\/\/www.europesays.com\/de\/wp-json\/wp\/v2\/users\/2"}],"replies":[{"embeddable":true,"href":"https:\/\/www.europesays.com\/de\/wp-json\/wp\/v2\/comments?post=410333"}],"version-history":[{"count":0,"href":"https:\/\/www.europesays.com\/de\/wp-json\/wp\/v2\/posts\/410333\/revisions"}],"wp:featuredmedia":[{"embeddable":true,"href":"https:\/\/www.europesays.com\/de\/wp-json\/wp\/v2\/media\/410334"}],"wp:attachment":[{"href":"https:\/\/www.europesays.com\/de\/wp-json\/wp\/v2\/media?parent=410333"}],"wp:term":[{"taxonomy":"category","embeddable":true,"href":"https:\/\/www.europesays.com\/de\/wp-json\/wp\/v2\/categories?post=410333"},{"taxonomy":"post_tag","embeddable":true,"href":"https:\/\/www.europesays.com\/de\/wp-json\/wp\/v2\/tags?post=410333"}],"curies":[{"name":"wp","href":"https:\/\/api.w.org\/{rel}","templated":true}]}}