{"id":410335,"date":"2025-09-10T00:15:12","date_gmt":"2025-09-10T00:15:12","guid":{"rendered":"https:\/\/www.europesays.com\/de\/410335\/"},"modified":"2025-09-10T00:15:12","modified_gmt":"2025-09-10T00:15:12","slug":"ios-26-ipados-26-und-watchos-26-finaler-termin-steht","status":"publish","type":"post","link":"https:\/\/www.europesays.com\/de\/410335\/","title":{"rendered":"iOS 26, iPadOS 26 und watchOS 26: Finaler Termin steht"},"content":{"rendered":"<p><img fetchpriority=\"high\" decoding=\"async\" class=\"aligncenter size-full wp-image-1285654\" src=\"https:\/\/www.europesays.com\/de\/wp-content\/uploads\/2025\/08\/ios-26-logo-caschysblog.jpg\" alt=\"\" width=\"1200\" height=\"800\"  \/><\/p>\n<p>Ab dem 15. September steht iOS 26, iPadOS 26 und watchOS als Update f\u00fcr <a href=\"https:\/\/stadt-bremerhaven.de\/ios-26-ipados-26-diese-iphones-und-ipads-sind-kompatibel\/\" rel=\"nofollow noopener\" target=\"_blank\">kompatible iPhones, iPads<\/a> <a href=\"https:\/\/stadt-bremerhaven.de\/watchos-26-das-sind-die-kompatiblen-modelle\/\" rel=\"nofollow noopener\" target=\"_blank\">und Apple Watches bereit<\/a>. Apple setzt mit der neuen Version auf eine Reihe von Verbesserungen im Alltag. Die Verf\u00fcgbarkeit einzelner Funktionen h\u00e4ngt dabei von der jeweiligen Region und dem Ger\u00e4t ab, kennt man ja.<\/p>\n<p>Das Update bringt eine \u00fcberarbeitete Benutzeroberfl\u00e4che mit sich, die Entwickler haben das Kontrollzentrum neu gestaltet und die Widgets auf dem Homescreen flexibler gemacht. <a target=\"_blank\" href=\"https:\/\/www.google.de\/search?q=ios+26+site%3Astadt-bremerhaven.de\" rel=\"nofollow noopener\">Habt ihr vielleicht alles schon bei uns gelesen.<\/a><\/p>\n<p class=\"aawp-disclaimer\"><a href=\"https:\/\/stadt-bremerhaven.de\/transparenz\/\" rel=\"nofollow noopener\" target=\"_blank\">Transparenz<\/a>: In diesem Artikel sind Partnerlinks enthalten. Durch einen Klick darauf ge\u00adlan\u00adgt ihr direkt zum Anbieter. Solltet ihr euch dort f\u00fcr einen Kauf entscheiden, erhalten wir ei\u00adne kleine Provision. F\u00fcr euch \u00e4ndert sich am Preis nichts. Partnerlinks haben keinerlei Einfluss auf unsere Berichterstattung.<\/p>\n","protected":false},"excerpt":{"rendered":"Ab dem 15. September steht iOS 26, iPadOS 26 und watchOS als Update f\u00fcr kompatible iPhones, iPads und&hellip;\n","protected":false},"author":2,"featured_media":355757,"comment_status":"","ping_status":"","sticky":false,"template":"","format":"standard","meta":{"footnotes":""},"categories":[135],"tags":[29,30,190,189,194,191,193,192],"class_list":{"0":"post-410335","1":"post","2":"type-post","3":"status-publish","4":"format-standard","5":"has-post-thumbnail","7":"category-wissenschaft-technik","8":"tag-deutschland","9":"tag-germany","10":"tag-science","11":"tag-science-technology","12":"tag-technik","13":"tag-technology","14":"tag-wissenschaft","15":"tag-wissenschaft-technik"},"share_on_mastodon":{"url":"https:\/\/pubeurope.com\/@de\/115177123092737131","error":""},"_links":{"self":[{"href":"https:\/\/www.europesays.com\/de\/wp-json\/wp\/v2\/posts\/410335","targetHints":{"allow":["GET"]}}],"collection":[{"href":"https:\/\/www.europesays.com\/de\/wp-json\/wp\/v2\/posts"}],"about":[{"href":"https:\/\/www.europesays.com\/de\/wp-json\/wp\/v2\/types\/post"}],"author":[{"embeddable":true,"href":"https:\/\/www.europesays.com\/de\/wp-json\/wp\/v2\/users\/2"}],"replies":[{"embeddable":true,"href":"https:\/\/www.europesays.com\/de\/wp-json\/wp\/v2\/comments?post=410335"}],"version-history":[{"count":0,"href":"https:\/\/www.europesays.com\/de\/wp-json\/wp\/v2\/posts\/410335\/revisions"}],"wp:featuredmedia":[{"embeddable":true,"href":"https:\/\/www.europesays.com\/de\/wp-json\/wp\/v2\/media\/355757"}],"wp:attachment":[{"href":"https:\/\/www.europesays.com\/de\/wp-json\/wp\/v2\/media?parent=410335"}],"wp:term":[{"taxonomy":"category","embeddable":true,"href":"https:\/\/www.europesays.com\/de\/wp-json\/wp\/v2\/categories?post=410335"},{"taxonomy":"post_tag","embeddable":true,"href":"https:\/\/www.europesays.com\/de\/wp-json\/wp\/v2\/tags?post=410335"}],"curies":[{"name":"wp","href":"https:\/\/api.w.org\/{rel}","templated":true}]}}