{"id":410338,"date":"2025-09-10T00:17:10","date_gmt":"2025-09-10T00:17:10","guid":{"rendered":"https:\/\/www.europesays.com\/de\/410338\/"},"modified":"2025-09-10T00:17:10","modified_gmt":"2025-09-10T00:17:10","slug":"atomstreit-mit-teheran-iran-und-iaea-einigen-sich-auf-neustart-der-inspektionen","status":"publish","type":"post","link":"https:\/\/www.europesays.com\/de\/410338\/","title":{"rendered":"Atomstreit mit Teheran: Iran und IAEA einigen sich auf Neustart der Inspektionen"},"content":{"rendered":"<p>                    Atomstreit mit Teheran<br \/>\n                Iran und IAEA einigen sich auf Neustart der Inspektionen<\/p>\n<p>\t\t\t\t              09.09.2025, 22:21 Uhr<\/p>\n<p>\t\t\t\t\t       Artikel anh\u00f6ren<\/p>\n<p>\t\t\t\t\t\t\tDiese Audioversion wurde k\u00fcnstlich generiert. <a href=\"https:\/\/www.n-tv.de\/23249898\" target=\"_blank\" rel=\"noopener\">Mehr Infos<\/a><\/p>\n<p><strong>Im Streit um das iranische Atomprogramm gibt es Bewegung. Bei Gespr\u00e4chen in Kairo einigt sich Teheran mit der IAEA auf einen Mechanismus zur Wiederaufnahme von Inspektionen. IAEA-Chef Grossi spricht von einem &#8222;wichtigen Schritt in die richtige Richtung&#8220;.<\/strong><\/p>\n<p>Der Iran und die Internationale Atomenergiebeh\u00f6rde (IAEA) haben sich auf ein neues Rahmenabkommen zur Kontrolle des iranischen Atomprogramms geeinigt. Teheran und die IAEA h\u00e4tten einander &#8222;darauf verst\u00e4ndigt, wie sie unter den neuen Umst\u00e4nden zusammenarbeiten wollen&#8220;, erkl\u00e4rte der Sprecher des iranischen Au\u00dfenministeriums nach einem Treffen von IAEA-Chef Rafael Grossi mit dem iranischen Chefdiplomaten Abbas Araghtschi in Kairo.<\/p>\n<p>Grossi schrieb nach dem Treffen in der \u00e4gyptischen Hauptstadt auf X von einer Vereinbarung \u00fcber &#8222;praktische Bestimmungen zur Wiederaufnahme der Inspektionst\u00e4tigkeit im Iran&#8220;. Dies sei &#8222;ein wichtiger Schritt in die richtige Richtung&#8220;.<\/p>\n<p>Nach dem Treffen traten Grossi, Irans Au\u00dfenminister Araghtschi sowie dessen \u00e4gyptischer Amtskollege Badr Abdelatty gemeinsam vor die Presse. Abdelatty \u00e4u\u00dferte dabei die Hoffnung, dass die nun getroffene Vereinbarung zun\u00e4chst eine &#8222;Verst\u00e4ndigung&#8220; mit den sogenannten E3-Staaten Deutschland, Frankreich und Gro\u00dfbritannien erm\u00f6glichen und dann zu einer &#8222;R\u00fcckkehr zum Verhandlungstisch zwischen dem Iran und den USA&#8220; f\u00fchren k\u00f6nne.<\/p>\n<p>USA stiegen 2018 aus Abkommen aus<\/p>\n<p>Die E3-Staaten hatten im August den sogenannten Snapback-Mechanismus zur Wiedereinsetzung der UN-Sanktionen gegen den Iran ausgel\u00f6st. Zur Begr\u00fcndung erkl\u00e4rten sie, Teheran halte sich nicht an seine Verpflichtungen zur Begrenzung seines Atomprogramms. Sollte es zu keiner Einigung kommen, m\u00fcssten die Sanktionen w\u00e4hrend der Generaldebatte der UN-Vollversammlung gegen Ende des Monats wieder eingesetzt werden.<\/p>\n<p>Die E3-Staaten sowie die USA, Russland und China hatten das Atomabkommen mit dem Iran im Jahr 2015 geschlossen, um das Land am Bau einer Atombombe zu hindern. Die USA stiegen allerdings 2018 w\u00e4hrend der ersten Amtszeit von US-Pr\u00e4sident Donald Trump einseitig aus dem Abkommen aus und verh\u00e4ngten danach erneut Sanktionen gegen den Iran.<\/p>\n<p>Daraufhin zog sich Teheran schrittweise von seinen in dem Abkommen festgehaltenen Verpflichtungen zur\u00fcck und fuhr die Anreicherung von Uran hoch. Nach Einsch\u00e4tzung der Internationalen Atomenergiebeh\u00f6rde (IAEA) hat der Iran mittlerweile eine um ein Vielfaches gr\u00f6\u00dfere Menge an angereichertem Uran produziert als im Atomabkommen vereinbart.<\/p>\n<p>Im Juni griff Israel den Iran mit dem erkl\u00e4rten Ziel an, Teheran vom Bau einer Atombombe abzuhalten. Die USA griffen an der Seite Israels in den Krieg ein und bombardierten die iranischen Atomanlagen Fordo, Natans und Isfahan. Nach zw\u00f6lf Tagen Krieg trat am 24. Juni eine Waffenruhe zwischen Israel und dem Iran in Kraft.<\/p>\n","protected":false},"excerpt":{"rendered":"Atomstreit mit Teheran Iran und IAEA einigen sich auf Neustart der Inspektionen 09.09.2025, 22:21 Uhr Artikel anh\u00f6ren Diese&hellip;\n","protected":false},"author":2,"featured_media":410339,"comment_status":"","ping_status":"","sticky":false,"template":"","format":"standard","meta":{"footnotes":""},"categories":[3],"tags":[13,30012,345,13613,14,15,16,12,10,8,9,11,103,104],"class_list":{"0":"post-410338","1":"post","2":"type-post","3":"status-publish","4":"format-standard","5":"has-post-thumbnail","7":"category-welt","8":"tag-headlines","9":"tag-iaea","10":"tag-iran","11":"tag-iranisches-atomprogramm","12":"tag-nachrichten","13":"tag-news","14":"tag-politik","15":"tag-schlagzeilen","16":"tag-top-news","17":"tag-top-meldungen","18":"tag-topmeldungen","19":"tag-topnews","20":"tag-welt","21":"tag-world"},"share_on_mastodon":{"url":"https:\/\/pubeurope.com\/@de\/115177130845850177","error":""},"_links":{"self":[{"href":"https:\/\/www.europesays.com\/de\/wp-json\/wp\/v2\/posts\/410338","targetHints":{"allow":["GET"]}}],"collection":[{"href":"https:\/\/www.europesays.com\/de\/wp-json\/wp\/v2\/posts"}],"about":[{"href":"https:\/\/www.europesays.com\/de\/wp-json\/wp\/v2\/types\/post"}],"author":[{"embeddable":true,"href":"https:\/\/www.europesays.com\/de\/wp-json\/wp\/v2\/users\/2"}],"replies":[{"embeddable":true,"href":"https:\/\/www.europesays.com\/de\/wp-json\/wp\/v2\/comments?post=410338"}],"version-history":[{"count":0,"href":"https:\/\/www.europesays.com\/de\/wp-json\/wp\/v2\/posts\/410338\/revisions"}],"wp:featuredmedia":[{"embeddable":true,"href":"https:\/\/www.europesays.com\/de\/wp-json\/wp\/v2\/media\/410339"}],"wp:attachment":[{"href":"https:\/\/www.europesays.com\/de\/wp-json\/wp\/v2\/media?parent=410338"}],"wp:term":[{"taxonomy":"category","embeddable":true,"href":"https:\/\/www.europesays.com\/de\/wp-json\/wp\/v2\/categories?post=410338"},{"taxonomy":"post_tag","embeddable":true,"href":"https:\/\/www.europesays.com\/de\/wp-json\/wp\/v2\/tags?post=410338"}],"curies":[{"name":"wp","href":"https:\/\/api.w.org\/{rel}","templated":true}]}}