{"id":410343,"date":"2025-09-10T00:20:34","date_gmt":"2025-09-10T00:20:34","guid":{"rendered":"https:\/\/www.europesays.com\/de\/410343\/"},"modified":"2025-09-10T00:20:34","modified_gmt":"2025-09-10T00:20:34","slug":"hfc-pascal-schmedemann-faellt-verletzungsbedingt-aus","status":"publish","type":"post","link":"https:\/\/www.europesays.com\/de\/410343\/","title":{"rendered":"HFC: Pascal Schmedemann f\u00e4llt verletzungsbedingt aus"},"content":{"rendered":"<p><img decoding=\"async\" src=\"https:\/\/www.europesays.com\/de\/wp-content\/uploads\/2025\/09\/hfc61-678x381.jpg\" alt=\"HFC Fu\u00dfball\" title=\"hfc61\"\/><br \/>\n\t\u00a9 H@llAnzeiger<\/p>\n<p>Halle. HFC. Der Hallesche FC muss auf unbestimmte Zeit auf Abwehrspieler Pascal Schmedemann verzichten, da sich der 25-J\u00e4hrige im Training eine Innenbandverletzung im Knie zugezogen hat, die eine l\u00e4ngere Pause nach sich zieht.<\/p>\n<p>Seit seinem Wechsel nach Halle im Juli stand Schmedemann in allen sieben Pflichtspielen der Saison 2025\/26 auf dem Platz. Dabei sammelte er bereits \u00fcber 600 Einsatzminuten und trug mit seiner Zweikampfst\u00e4rke, Kopfballpr\u00e4senz und Ruhe am Ball entscheidend zur Stabilit\u00e4t der HFC-Defensive bei.<\/p>\n<p>Die medizinische Abteilung des HFC begleitet den Abwehrspieler nun eng im Rehabilitationsprozess. Ziel ist es, ihn Schritt f\u00fcr Schritt aufzubauen und behutsam an die Mannschaft zur\u00fcckzuf\u00fchren.<\/p>\n","protected":false},"excerpt":{"rendered":"\u00a9 H@llAnzeiger Halle. HFC. Der Hallesche FC muss auf unbestimmte Zeit auf Abwehrspieler Pascal Schmedemann verzichten, da sich&hellip;\n","protected":false},"author":2,"featured_media":410344,"comment_status":"","ping_status":"","sticky":false,"template":"","format":"standard","meta":{"footnotes":""},"categories":[1860],"tags":[3364,29,548,663,3934,30,4062,17332,13,14,15,17331,860,12],"class_list":{"0":"post-410343","1":"post","2":"type-post","3":"status-publish","4":"format-standard","5":"has-post-thumbnail","7":"category-halle-saale","8":"tag-de","9":"tag-deutschland","10":"tag-eu","11":"tag-europa","12":"tag-europe","13":"tag-germany","14":"tag-halle","15":"tag-halle-saale","16":"tag-headlines","17":"tag-nachrichten","18":"tag-news","19":"tag-saale","20":"tag-sachsen-anhalt","21":"tag-schlagzeilen"},"share_on_mastodon":{"url":"https:\/\/pubeurope.com\/@de\/115177142750538990","error":""},"_links":{"self":[{"href":"https:\/\/www.europesays.com\/de\/wp-json\/wp\/v2\/posts\/410343","targetHints":{"allow":["GET"]}}],"collection":[{"href":"https:\/\/www.europesays.com\/de\/wp-json\/wp\/v2\/posts"}],"about":[{"href":"https:\/\/www.europesays.com\/de\/wp-json\/wp\/v2\/types\/post"}],"author":[{"embeddable":true,"href":"https:\/\/www.europesays.com\/de\/wp-json\/wp\/v2\/users\/2"}],"replies":[{"embeddable":true,"href":"https:\/\/www.europesays.com\/de\/wp-json\/wp\/v2\/comments?post=410343"}],"version-history":[{"count":0,"href":"https:\/\/www.europesays.com\/de\/wp-json\/wp\/v2\/posts\/410343\/revisions"}],"wp:featuredmedia":[{"embeddable":true,"href":"https:\/\/www.europesays.com\/de\/wp-json\/wp\/v2\/media\/410344"}],"wp:attachment":[{"href":"https:\/\/www.europesays.com\/de\/wp-json\/wp\/v2\/media?parent=410343"}],"wp:term":[{"taxonomy":"category","embeddable":true,"href":"https:\/\/www.europesays.com\/de\/wp-json\/wp\/v2\/categories?post=410343"},{"taxonomy":"post_tag","embeddable":true,"href":"https:\/\/www.europesays.com\/de\/wp-json\/wp\/v2\/tags?post=410343"}],"curies":[{"name":"wp","href":"https:\/\/api.w.org\/{rel}","templated":true}]}}