{"id":410349,"date":"2025-09-10T00:23:10","date_gmt":"2025-09-10T00:23:10","guid":{"rendered":"https:\/\/www.europesays.com\/de\/410349\/"},"modified":"2025-09-10T00:23:10","modified_gmt":"2025-09-10T00:23:10","slug":"unfaelle-legen-verkehr-auf-der-a4-richtung-chemnitz-lahm","status":"publish","type":"post","link":"https:\/\/www.europesays.com\/de\/410349\/","title":{"rendered":"Unf\u00e4lle legen Verkehr auf der A4 Richtung Chemnitz lahm"},"content":{"rendered":"<p>Zwei Unf\u00e4lle haben am Dienstagmorgen erneut die A4 Richtung Chemnitz blockiert. Zun\u00e4chst musste zwischen Wilsdruff und Nossen ein Autofahrer abbremsen, weil ein LKW neben ihm einen Reifenplatzer hatte.<\/p>\n<p>Die Teile verteilten sich laut Polizei auf der Fahrbahn. Der\u00a0Autofahrer bremste, woraufhin zwei andere auffuhren.\u00a0Zudem fuhr ein Kleintransporter \u00fcber Tr\u00fcmmerteile und wurde besch\u00e4digt. Zwei Fahrer erlitten leichte Verletzungen. Es entstand ein Schaden in H\u00f6he von gesch\u00e4tzten 40.000 Euro.<\/p>\n<p>Etwa eine Stunde nach dem Unfall stie\u00dfen ein Sattelzug\u00a0und ein VW Golf auf der Ausweichfahrbahn\u00a0zusammen. Der Sattelzug fuhr auf der rechten Spur, der VW auf der\u00a0Standspur, auf der an der Unfallstelle vorbeigeleitet wurde. Als der\u00a0Sattelzug die Spur wechselte, stie\u00df er mit dem VW zusammen. Verletzt wurde niemand. Es entstand ein Schaden in H\u00f6he von etwa 8.000 Euro.\u00a0Durch die Unf\u00e4lle kam es zum Stau auf der Autobahn.<\/p>\n","protected":false},"excerpt":{"rendered":"Zwei Unf\u00e4lle haben am Dienstagmorgen erneut die A4 Richtung Chemnitz blockiert. Zun\u00e4chst musste zwischen Wilsdruff und Nossen ein&hellip;\n","protected":false},"author":2,"featured_media":410350,"comment_status":"","ping_status":"","sticky":false,"template":"","format":"standard","meta":{"footnotes":""},"categories":[1851],"tags":[2770,3364,29,548,663,3934,30,13,14,15,859,12],"class_list":{"0":"post-410349","1":"post","2":"type-post","3":"status-publish","4":"format-standard","5":"has-post-thumbnail","7":"category-chemnitz","8":"tag-chemnitz","9":"tag-de","10":"tag-deutschland","11":"tag-eu","12":"tag-europa","13":"tag-europe","14":"tag-germany","15":"tag-headlines","16":"tag-nachrichten","17":"tag-news","18":"tag-sachsen","19":"tag-schlagzeilen"},"share_on_mastodon":{"url":"https:\/\/pubeurope.com\/@de\/115177154999011090","error":""},"_links":{"self":[{"href":"https:\/\/www.europesays.com\/de\/wp-json\/wp\/v2\/posts\/410349","targetHints":{"allow":["GET"]}}],"collection":[{"href":"https:\/\/www.europesays.com\/de\/wp-json\/wp\/v2\/posts"}],"about":[{"href":"https:\/\/www.europesays.com\/de\/wp-json\/wp\/v2\/types\/post"}],"author":[{"embeddable":true,"href":"https:\/\/www.europesays.com\/de\/wp-json\/wp\/v2\/users\/2"}],"replies":[{"embeddable":true,"href":"https:\/\/www.europesays.com\/de\/wp-json\/wp\/v2\/comments?post=410349"}],"version-history":[{"count":0,"href":"https:\/\/www.europesays.com\/de\/wp-json\/wp\/v2\/posts\/410349\/revisions"}],"wp:featuredmedia":[{"embeddable":true,"href":"https:\/\/www.europesays.com\/de\/wp-json\/wp\/v2\/media\/410350"}],"wp:attachment":[{"href":"https:\/\/www.europesays.com\/de\/wp-json\/wp\/v2\/media?parent=410349"}],"wp:term":[{"taxonomy":"category","embeddable":true,"href":"https:\/\/www.europesays.com\/de\/wp-json\/wp\/v2\/categories?post=410349"},{"taxonomy":"post_tag","embeddable":true,"href":"https:\/\/www.europesays.com\/de\/wp-json\/wp\/v2\/tags?post=410349"}],"curies":[{"name":"wp","href":"https:\/\/api.w.org\/{rel}","templated":true}]}}