{"id":410351,"date":"2025-09-10T00:24:19","date_gmt":"2025-09-10T00:24:19","guid":{"rendered":"https:\/\/www.europesays.com\/de\/410351\/"},"modified":"2025-09-10T00:24:19","modified_gmt":"2025-09-10T00:24:19","slug":"pollenflug-braunschweig-aktuell-achtung-allergiker-so-hoch-ist-die-pollenbelastung-am-dienstag","status":"publish","type":"post","link":"https:\/\/www.europesays.com\/de\/410351\/","title":{"rendered":"Pollenflug Braunschweig aktuell: Achtung Allergiker! So hoch ist die Pollenbelastung am Dienstag"},"content":{"rendered":"<ul>\n<li>m\u00e4\u00dfige Pollenbelastung in <a href=\"https:\/\/www.news.de\/thema\/braunschweig\/1\/\" rel=\"nofollow noopener\" target=\"_blank\"><strong>Braunschweig<\/strong><\/a><\/li>\n<li>Pollenflug von Ambrosia, Beifu\u00df und Gr\u00e4sern<\/li>\n<li>\u00dcberwiegend bew\u00f6lkt, schwacher Wind, m\u00e4\u00dfige Luftfeuchtigkeit  <\/li>\n<\/ul>\n<p>Am 09.09.2025 sind in der Region <strong>\u00d6stl. Niedersachsen<\/strong> <a href=\"https:\/\/www.news.de\/thema\/pollen\/1\/\" rel=\"nofollow noopener\" target=\"_blank\"><strong>Pollen<\/strong><\/a> von Beifu\u00df, Gr\u00e4sern und Ambrosia in der Luft. Allergiker k\u00f6nnen je nach Empfindlichkeit typische Beschwerden wie Niesen, tr\u00e4nende Augen oder Atemreiz versp\u00fcren. Wie stark die Belastung heute, morgen und \u00fcbermorgen f\u00fcr die einzelnen Pollenarten in <strong>Braunschweig<\/strong> ist, zeigt die folgende Tabelle, welche auf aktuellen Daten des Deutschen Wetterdienstes beruht.<\/p>\n<p>Pollenflug aktuell in Braunschweig ab Dienstag, 09.09.2025<\/p>\n<tr>PollenHeuteMorgen\u00dcbermorgen<\/tr>\n<tr>\n<td>Erle<\/td>\n<td>\ud83d\udfe9\ud83d\udfe9<\/td>\n<td>\ud83d\udfe9\ud83d\udfe9<\/td>\n<td>\ud83d\udfe9\ud83d\udfe9<\/td>\n<\/tr>\n<tr>\n<td>Birke<\/td>\n<td>\ud83d\udfe9\ud83d\udfe9<\/td>\n<td>\ud83d\udfe9\ud83d\udfe9<\/td>\n<td>\ud83d\udfe9\ud83d\udfe9<\/td>\n<\/tr>\n<tr>\n<td>Roggen<\/td>\n<td>\ud83d\udfe9\ud83d\udfe9<\/td>\n<td>\ud83d\udfe9\ud83d\udfe9<\/td>\n<td>\ud83d\udfe9\ud83d\udfe9<\/td>\n<\/tr>\n<tr>\n<td>Beifu\u00df<\/td>\n<td>\ud83d\udfe8\ud83d\udfe8<\/td>\n<td>\ud83d\udfe8\ud83d\udfe8<\/td>\n<td>\ud83d\udfe9\ud83d\udfe8<\/td>\n<\/tr>\n<tr>\n<td>Gr\u00e4ser<\/td>\n<td>\ud83d\udfe8\ud83d\udfe8<\/td>\n<td>\ud83d\udfe8\ud83d\udfe8<\/td>\n<td>\ud83d\udfe8\ud83d\udfe8<\/td>\n<\/tr>\n<tr>\n<td>Hasel<\/td>\n<td>\ud83d\udfe9\ud83d\udfe9<\/td>\n<td>\ud83d\udfe9\ud83d\udfe9<\/td>\n<td>\ud83d\udfe9\ud83d\udfe9<\/td>\n<\/tr>\n<tr>\n<td>Esche<\/td>\n<td>\ud83d\udfe9\ud83d\udfe9<\/td>\n<td>\ud83d\udfe9\ud83d\udfe9<\/td>\n<td>\ud83d\udfe9\ud83d\udfe9<\/td>\n<\/tr>\n<tr>\n<td>Ambrosia<\/td>\n<td>\ud83d\udfe8\ud83d\udfe7<\/td>\n<td>\ud83d\udfe8\ud83d\udfe7<\/td>\n<td>\ud83d\udfe8\ud83d\udfe7<\/td>\n<\/tr>\n<p><strong>Legende:<\/strong> \ud83d\udfe9\ud83d\udfe9 = keine Belastung \ud83d\udfe9\ud83d\udfe8 = keine bis geringe Belastung \ud83d\udfe8\ud83d\udfe8 = geringe Belastung \ud83d\udfe8\ud83d\udfe7 = geringe bis mittlere Belastung  <\/p>\n<p>Pollen-<a href=\"https:\/\/www.news.de\/thema\/allergie\/1\/\" rel=\"nofollow noopener\" target=\"_blank\"><strong>Allergie<\/strong><\/a>, Grippe oder doch Corona? <a title=\"Corona, Grippe, RSV aktuell im September 2025\" target=\"_blank\" href=\"https:\/\/www.news.de\/gesundheit\/858236858\/corona-grippe-rsv-in-niedersachsen-aktuell-im-september-2025-inzidenz-und-neue-faelle-der-krankheiten-laut-rki-stand-09-09-2025\/1\/\" rel=\"nofollow noopener\"><strong>Erfahren Sie hier, wie es aktuell um die Gesundheit der Menschen in Niedersachsen steht.<\/strong><\/a>  <\/p>\n<p>Pollen von Beifu\u00df, Gr\u00e4sern und Ambrosia in Braunschweig<\/p>\n<p><strong>Beifu\u00df &#8211; geringe Belastung<\/strong>  <\/p>\n<p>Beifu\u00df (Artemisia vulgaris) bl\u00fcht meist von Juli bis September und sorgt derzeit f\u00fcr eine schwache Belastung in Braunschweig. Er ist das h\u00e4ufigste allergene Kraut in Mitteleuropa. Beifu\u00dfpollen k\u00f6nnen f\u00fcr Menschen problematisch sein, die Kreuzallergien gegen\u00fcber Sellerie, Karotten oder Gew\u00fcrzen wie Anis aufweisen. Die Pollen sind sehr klein und k\u00f6nnen tief in die Atemwege eindringen.   <\/p>\n<p><strong>Gr\u00e4ser &#8211; geringe Belastung<\/strong>  <\/p>\n<p>Die Gr\u00e4serbl\u00fcte erstreckt sich von Mai bis August, mit einem H\u00f6hepunkt im Juni. Da es viele verschiedene Gr\u00e4serarten gibt, sind Allergiker oft gegen mehrere sensibilisiert. Gr\u00e4serpollen gelten als Hauptverursacher von <a href=\"https:\/\/www.news.de\/thema\/heuschnupfen\/1\/\" rel=\"nofollow noopener\" target=\"_blank\"><strong>Heuschnupfen<\/strong><\/a> in Mitteleuropa. Heute erwartet Braunschweig eine schwache Belastung durch Gr\u00e4serpollen.  <\/p>\n<p><strong>Ambrosia &#8211; geringe bis mittlere Belastung<\/strong>  <\/p>\n<p>Ambrosia (Ambrosia artemisiifolia) ist ein Neophyt, der sich in Deutschland zunehmend ausbreitet. Ihre Bl\u00fctezeit liegt zwischen August und Oktober, oft dann, wenn andere Pollenbelastungen schon nachgelassen haben. Die Pollen sind extrem allergen: Schon wenige K\u00f6rner pro Kubikmeter Luft k\u00f6nnen Symptome ausl\u00f6sen. Zudem verl\u00e4ngert Ambrosia die Allergiesaison bis in den Herbst. Aktuell herrscht in Braunschweig eine m\u00e4\u00dfige Belastung durch Ambrosia-Pollen.  <\/p>\n<p>Pollen-Wetter aktuell: \u00dcberwiegend bew\u00f6lkt in Braunschweig<\/p>\n<p>Der heutige Tag bringt in <strong>Braunschweig<\/strong> eine <strong>durchschnittliche Temperatur von 24 \u00b0C<\/strong>. Die Tagesh\u00f6chsttemperatur betr\u00e4gt 25 \u00b0C. <strong>Schwacher Wind, m\u00e4\u00dfige Luftfeuchtigkeit und m\u00e4\u00dfige W\u00e4rme<\/strong> bestimmen die Wetterlage am Dienstag.  <\/p>\n<p>Beg\u00fcnstigt wird der Pollenflug vor allem durch trockenes, warmes und windiges Wetter. Derartige Wetterlagen f\u00fchren dazu, dass die Pollen erhebliche Distanzen zur\u00fccklegen und dabei ihre Aktivit\u00e4t \u00fcber einen langen Zeitraum aufrechterhalten. Auch l\u00e4ndliche Regionen mit vielen Wiesen und Feldern k\u00f6nnen die Belastung verst\u00e4rken, da dort mehr Gr\u00e4ser wachsen und bl\u00fchen. Regen hingegen kann die Belastung vor\u00fcbergehend senken, da er Pollen aus der Atmosph\u00e4re w\u00e4scht. Doch bei anschlie\u00dfender W\u00e4rme steigt die Belastung oft schnell wieder an. Mehr dar\u00fcber, wie sich das heutige Wetter auf Kreislauf, Wohlbefinden und weitere Bereiche des K\u00f6rpers auswirkt, lesen Sie in unserem tagesaktuellen <a title=\"Wetterlage leicht belastend - Welche Symptome m\u00f6glich sind\" target=\"_blank\" href=\"https:\/\/www.news.de\/gesundheit\/858671767\/biowetter-braunschweig-heute-wetterfuehligkeit-symptome-am-09-09-2025-wetter-kopfschmerzen-und-einfluss-auf-herz-kreislauf-gelenke-schlaf-psyche\/1\/\" rel=\"nofollow noopener\"><strong>Biowetter-Artikel f\u00fcr Braunschweig<\/strong><\/a>.  <\/p>\n<p>In St\u00e4dten wie Braunschweig ist die Pollenkonzentration morgens oft noch vergleichsweise gering. W\u00e4hrend des Tages dringen Pollen aus den angrenzenden Regionen vor und konzentrieren sich in der warmen Stadtluft. Im Laufe des Abends nehmen die Werte ab, weil die Luft sich abk\u00fchlt und weniger Thermik herrscht. Deshalb gilt: Wer in der Stadt lebt, sollte am besten in den fr\u00fchen Morgenstunden oder abends l\u00fcften und Aktivit\u00e4ten im Freien in diese Zeit legen. Weitere praktische Tipps finden Pollen-Allergiker in diesem <a title=\"Tipps und Tricks f\u00fcr Pollenallergiker - das kann helfen\" target=\"_blank\" href=\"https:\/\/www.news.de\/panorama\/856847877\/heuschnupfen-symptome-lindern-wie-ohne-medikamente-tipps-und-tricks-nasendusche-luftreiniger-pollenschutzgitter-lebensmittel-was-hilft\/1\/\" rel=\"nofollow noopener\"><strong>Heuschnupfen-Ratgeber<\/strong><\/a>.  <\/p>\n<p>+++ Redaktioneller Hinweis: Dieser Text wurde auf Basis von aktuellen Daten von OpenWeather (TM) und dem Deutschen Wetterdienst (DWD) generiert und wird datengetrieben aktualisiert. Bei Anmerkungen oder R\u00fcckfragen wenden Sie sich bitte an hinweis@news.de. +++  <\/p>\n<p>Folgen Sie <a href=\"https:\/\/news.de\/\" target=\"_blank\" rel=\"nofollow noopener\"><strong>News.de<\/strong><\/a> schon bei <a href=\"https:\/\/www.facebook.com\/News.de\" target=\"_blank\" rel=\"nofollow noopener\"><strong>Facebook<\/strong><\/a>, <a href=\"https:\/\/twitter.com\/news_de\" target=\"_blank\" rel=\"nofollow noopener\"><strong>Twitter<\/strong><\/a>, <a href=\"https:\/\/pin.it\/11NQyAf\" target=\"_blank\" rel=\"nofollow noopener\"><strong>Pinterest<\/strong><\/a> und <a href=\"https:\/\/www.youtube.com\/channel\/UCOzsvCb0KteNrzUboTonVYA\" target=\"_blank\" rel=\"nofollow noopener\"><strong>YouTube<\/strong><\/a>? Hier finden Sie brandhei\u00dfe News, aktuelle Videos und den direkten Draht zur Redaktion.  <\/p>\n<p><a href=\"https:\/\/www.news.de\/autor\/Sarah+Knauth\/\" rel=\"author nofollow noopener\" target=\"_blank\">kns<\/a>\/roj\/news.de<\/p>\n<p>                    <script async src=\"https:\/\/platform.twitter.com\/widgets.js\" charset=\"utf-8\"><\/script><\/p>\n","protected":false},"excerpt":{"rendered":"m\u00e4\u00dfige Pollenbelastung in Braunschweig Pollenflug von Ambrosia, Beifu\u00df und Gr\u00e4sern \u00dcberwiegend bew\u00f6lkt, schwacher Wind, m\u00e4\u00dfige Luftfeuchtigkeit Am 09.09.2025&hellip;\n","protected":false},"author":2,"featured_media":382787,"comment_status":"","ping_status":"","sticky":false,"template":"","format":"standard","meta":{"footnotes":""},"categories":[1850],"tags":[6429,3364,29,548,663,3934,30,141,13,14,15,1411,12],"class_list":{"0":"post-410351","1":"post","2":"type-post","3":"status-publish","4":"format-standard","5":"has-post-thumbnail","7":"category-braunschweig","8":"tag-braunschweig","9":"tag-de","10":"tag-deutschland","11":"tag-eu","12":"tag-europa","13":"tag-europe","14":"tag-germany","15":"tag-gesundheit","16":"tag-headlines","17":"tag-nachrichten","18":"tag-news","19":"tag-niedersachsen","20":"tag-schlagzeilen"},"share_on_mastodon":{"url":"https:\/\/pubeurope.com\/@de\/115177158520603706","error":""},"_links":{"self":[{"href":"https:\/\/www.europesays.com\/de\/wp-json\/wp\/v2\/posts\/410351","targetHints":{"allow":["GET"]}}],"collection":[{"href":"https:\/\/www.europesays.com\/de\/wp-json\/wp\/v2\/posts"}],"about":[{"href":"https:\/\/www.europesays.com\/de\/wp-json\/wp\/v2\/types\/post"}],"author":[{"embeddable":true,"href":"https:\/\/www.europesays.com\/de\/wp-json\/wp\/v2\/users\/2"}],"replies":[{"embeddable":true,"href":"https:\/\/www.europesays.com\/de\/wp-json\/wp\/v2\/comments?post=410351"}],"version-history":[{"count":0,"href":"https:\/\/www.europesays.com\/de\/wp-json\/wp\/v2\/posts\/410351\/revisions"}],"wp:featuredmedia":[{"embeddable":true,"href":"https:\/\/www.europesays.com\/de\/wp-json\/wp\/v2\/media\/382787"}],"wp:attachment":[{"href":"https:\/\/www.europesays.com\/de\/wp-json\/wp\/v2\/media?parent=410351"}],"wp:term":[{"taxonomy":"category","embeddable":true,"href":"https:\/\/www.europesays.com\/de\/wp-json\/wp\/v2\/categories?post=410351"},{"taxonomy":"post_tag","embeddable":true,"href":"https:\/\/www.europesays.com\/de\/wp-json\/wp\/v2\/tags?post=410351"}],"curies":[{"name":"wp","href":"https:\/\/api.w.org\/{rel}","templated":true}]}}