{"id":410354,"date":"2025-09-10T00:26:36","date_gmt":"2025-09-10T00:26:36","guid":{"rendered":"https:\/\/www.europesays.com\/de\/410354\/"},"modified":"2025-09-10T00:26:36","modified_gmt":"2025-09-10T00:26:36","slug":"kommunalwahl-in-gelsenkirchen-im-newsblog-wer-folgt-auf-karin-welge","status":"publish","type":"post","link":"https:\/\/www.europesays.com\/de\/410354\/","title":{"rendered":"Kommunalwahl in Gelsenkirchen im Newsblog \u2013 wer folgt auf Karin Welge?"},"content":{"rendered":"\n<p>NRW schreitet zur Urne. Am 14. September entscheiden die Wahlberechtigten bei der Kommunalwahl \u00fcber die Zusammensetzung ihrer Stadt- und Gemeinder\u00e4te. Gelsenkirchen steht dabei besonders im Fokus.<\/p>\n<p>Nicht nur, weil die AfD bei der Bundestagswahl im Februar dieses Jahres die meisten Stimmen in der Ruhrpott-Stadt holte (<a href=\"https:\/\/www.derwesten.de\/staedte\/gelsenkirchen\/afd-gelsenkirchen-bundestagswahl-spd-ergebnis-id301435527.html\" rel=\"nofollow noopener\" target=\"_blank\">mehr dazu hier &gt;&gt;&gt;<\/a>). Sondern auch, weil die amtierende Oberb\u00fcrgermeisterin Karin Welge f\u00fcr eine weitere Amtszeit nicht zur Verf\u00fcgung stehen wird (<a href=\"https:\/\/www.derwesten.de\/staedte\/gelsenkirchen\/gelsenkirchen-karin-welge-oberbuergermeisterin-id301257067.html\" rel=\"nofollow noopener\" target=\"_blank\">hier mehr zu ihren Beweggr\u00fcnden &gt;&gt;&gt;<\/a>). Damit steht schon vor der Kommunalwahl in NRW fest, dass Gelsenkirchen ein neues Stadtoberhaupt bekommt.<\/p>\n<p>Wir halten dich in diesem Newsblog \u00fcber alle Entwicklungen und Ergebnisse bei der Kommunalwahl in NRW auf dem Laufenden.<\/p>\n<p>++ <a href=\"https:\/\/www.derwesten.de\/301784017\" rel=\"nofollow noopener\" target=\"_blank\">Hier kannst du den Newsblog aktualisieren<\/a> ++<\/p>\n<p> Kommunalwahl in Gelsenkirchen: Wer folgt auf Karin Welge? <\/p>\n<p>++\u00a0<a href=\"https:\/\/www.derwesten.de\/region\/kommunalwahl-2025-nrw-wann-termin-id301512950.html\" rel=\"nofollow noopener\" target=\"_blank\">Kommunalwahl 2025 in NRW: Wann, wo, wie? Alles Wichtige zur Wahl\u00a0<\/a>++<\/p>\n<p> Dienstag, 9. September Das sind die OB-Kandidaten f\u00fcr Gelsenkirchen <\/p>\n<p><strong>10 Uhr: <\/strong>Als Nachfolgerin f\u00fcr das Amt zur Oberb\u00fcrgermeisterin hat die SPD Gelsenkirchen Andrea Henze gew\u00e4hlt. Die geb\u00fcrtige Dessauerin wird dabei auch von den Gr\u00fcnen unterst\u00fctzt.<\/p>\n<p><strong>Ergebnis der Kommunalwahlen 2020<\/strong>:\u00a0<\/p>\n<p>Bei der vergangenen Wahl f\u00fcr das OB-Amt in Gelsenkirchen konnte sich SPD-Kandidatin Karin Welge mit 59,4 Prozent vor Malte Stuckmann (CDU) durchsetzen, der 40,6 Prozent der Stimmen holte.\u00a0<\/p>\n<p>Das Endergebnis bei der Ratswahl 2020 in Gelsenkirchen:\u00a0<\/p>\n<ul class=\"wp-block-list\">\n<li>SPD: 35,1 Prozent (-15,2)\u00a0<\/li>\n<li>CDU: 23,2 Prozent (+2,2)\u00a0<\/li>\n<li>AfD: 12,9 Prozent (+7,9)\u00a0<\/li>\n<li>Gr\u00fcne: 12,2 Prozent (+6,4)\u00a0<\/li>\n<li>FDP: 4,0 Prozent (+2,0)\u00a0<\/li>\n<li>Die Linke: 3,5 Prozent (-1,2)\u00a0<\/li>\n<li>WIN: 3,6 Prozent (+0,3)\u00a0<\/li>\n<li>Andere: 5,4 Prozent\u00a0\u00a0<\/li>\n<\/ul>\n<p>Neben Andrea Henze stehen Laura Rosen (CDU), Norbert Emmerich (AfD), Susanne Cichos (FDP), Martin Gatzemeier (Die Linke), Jan Specht (AUF) und Sinan B\u00f6cek (WIN) zur Wahl. <a href=\"https:\/\/www.derwesten.de\/staedte\/gelsenkirchen\/kommunalwahl-nrw-gelsenkirchen-ob-kandidaten-id301673319.html\" rel=\"nofollow noopener\" target=\"_blank\">Mehr Informationen zu den OB-Kandidaten in Gelsenkirchen bekommst du hier &gt;&gt;&gt;<\/a><\/p>\n","protected":false},"excerpt":{"rendered":"NRW schreitet zur Urne. Am 14. September entscheiden die Wahlberechtigten bei der Kommunalwahl \u00fcber die Zusammensetzung ihrer Stadt-&hellip;\n","protected":false},"author":2,"featured_media":410355,"comment_status":"","ping_status":"","sticky":false,"template":"","format":"standard","meta":{"footnotes":""},"categories":[1848],"tags":[3364,29,548,663,3934,3658,30,13,92364,14,15,1209,12],"class_list":{"0":"post-410354","1":"post","2":"type-post","3":"status-publish","4":"format-standard","5":"has-post-thumbnail","7":"category-gelsenkirchen","8":"tag-de","9":"tag-deutschland","10":"tag-eu","11":"tag-europa","12":"tag-europe","13":"tag-gelsenkirchen","14":"tag-germany","15":"tag-headlines","16":"tag-kommunalwahl-in-nrw","17":"tag-nachrichten","18":"tag-news","19":"tag-nordrhein-westfalen","20":"tag-schlagzeilen"},"share_on_mastodon":{"url":"https:\/\/pubeurope.com\/@de\/115177166370699394","error":""},"_links":{"self":[{"href":"https:\/\/www.europesays.com\/de\/wp-json\/wp\/v2\/posts\/410354","targetHints":{"allow":["GET"]}}],"collection":[{"href":"https:\/\/www.europesays.com\/de\/wp-json\/wp\/v2\/posts"}],"about":[{"href":"https:\/\/www.europesays.com\/de\/wp-json\/wp\/v2\/types\/post"}],"author":[{"embeddable":true,"href":"https:\/\/www.europesays.com\/de\/wp-json\/wp\/v2\/users\/2"}],"replies":[{"embeddable":true,"href":"https:\/\/www.europesays.com\/de\/wp-json\/wp\/v2\/comments?post=410354"}],"version-history":[{"count":0,"href":"https:\/\/www.europesays.com\/de\/wp-json\/wp\/v2\/posts\/410354\/revisions"}],"wp:featuredmedia":[{"embeddable":true,"href":"https:\/\/www.europesays.com\/de\/wp-json\/wp\/v2\/media\/410355"}],"wp:attachment":[{"href":"https:\/\/www.europesays.com\/de\/wp-json\/wp\/v2\/media?parent=410354"}],"wp:term":[{"taxonomy":"category","embeddable":true,"href":"https:\/\/www.europesays.com\/de\/wp-json\/wp\/v2\/categories?post=410354"},{"taxonomy":"post_tag","embeddable":true,"href":"https:\/\/www.europesays.com\/de\/wp-json\/wp\/v2\/tags?post=410354"}],"curies":[{"name":"wp","href":"https:\/\/api.w.org\/{rel}","templated":true}]}}