{"id":410363,"date":"2025-09-10T00:31:23","date_gmt":"2025-09-10T00:31:23","guid":{"rendered":"https:\/\/www.europesays.com\/de\/410363\/"},"modified":"2025-09-10T00:31:23","modified_gmt":"2025-09-10T00:31:23","slug":"karlsruhe-steigt-nicht-in-pruefung-ein","status":"publish","type":"post","link":"https:\/\/www.europesays.com\/de\/410363\/","title":{"rendered":"Karlsruhe steigt nicht in Pr\u00fcfung ein"},"content":{"rendered":"<p>Ein Veranstalter hatte in G\u00f6ttingen in der Nacht von Gr\u00fcndonnerstag auf Karfreitag eine Tanzveranstaltung durchgef\u00fchrt \u2013 und daf\u00fcr ein Bu\u00dfgeld kassiert. Das AG G\u00f6ttingen fragt sich, ob die ma\u00dfgeblichen landesrechtlichen Regelungen mit dem Grundgesetz und dem staatlichen Neutralit\u00e4tsgebot vereinbar sind. Es setzte das bei ihm anh\u00e4ngige Bu\u00dfgeldverfahren aus, um die Sache dem BVerfG vorzulegen.\n<\/p>\n<p>Aus Sicht der G\u00f6ttinger Richterinnen und Richter verletzen die nieders\u00e4chsischen Normen unter anderem die negative Religionsfreiheit. Nichtchristen w\u00fcrden durch die Tanzverbote dazu gezwungen, sich an Gr\u00fcndonnerstag und Karfreitag wie gl\u00e4ubige Christen zu verhalten und diese Tage unter Verzicht auf weltliche Vergn\u00fcgungen als &#8222;stille Feiertage&#8220; zu begehen. Auch die Berufsaus\u00fcbungsfreiheit und der allgemeine Gleichheitssatz w\u00fcrden verletzt.\n<\/p>\n<p>Nicht ausreichend mit Rechtsprechung des BVerfG besch\u00e4ftigt<\/p>\n<p>Die Karlsruher Richterinnen und Richter bem\u00e4ngeln jedoch, das AG habe sich nicht hinreichend mit der Rechtsprechung des BVerfG auseinandergesetzt. Insbesondere habe es nicht dargelegt, dass die Tanzverbote \u00fcber die nach Art. <a href=\"https:\/\/beck-online.beck.de\/Default.aspx?typ=reference&amp;y=100&amp;G=GG&amp;A=140\" rel=\"nofollow noopener\" target=\"_blank\">140<\/a> GG in Verbindung mit Art. <a href=\"https:\/\/beck-online.beck.de\/Default.aspx?typ=reference&amp;y=100&amp;G=WRV&amp;A=139\" rel=\"nofollow noopener\" target=\"_blank\">139<\/a> WRV zul\u00e4ssige Sicherung des \u00e4u\u00dferen Feiertagscharakters hinausgingen und inhaltlich orientierte Befolgungspflichten oder eine bestimmte innere Haltung abverlangten (Beschluss vom 11.08.2025 \u2013 <a href=\"https:\/\/beck-online.beck.de\/Default.aspx?typ=reference&amp;y=200&amp;Ge=BVERFG&amp;Az=1BVL225&amp;D=2025-08-11\" rel=\"nofollow noopener\" target=\"_blank\">1 BvL 2\/25<\/a>).<\/p>\n<p>Auch die Ausf\u00fchrungen zur Verletzung der Berufsfreiheit verfehlten die vom BVerfG entwickelten Ma\u00dfst\u00e4be. So seien pauschale Tanzverbote an wenigen stillen Feiertagen grunds\u00e4tzlich zul\u00e4ssig, solange sie nur den \u00e4u\u00dferen Charakter des Tages sichern und keine religi\u00f6sen Bekenntnispflichten auferlegen.<\/p>\n<p>Das AG habe sich auch in Bezug auf eine Verletzung des allgemeinen Gleichheitssatzes nicht hinreichend mit der Rechtslage auseinandergesetzt. Es hat laut BVerfG nicht ausreichend dargelegt, inwieweit es sich bei den von ihm zum Vergleich herangezogenen Veranstaltungen \u2013 etwa der Besuch von Kinos, Theatern oder Restaurants \u2013 bezogen auf den bezweckten Schutz der Ernsthaftigkeit des Gr\u00fcndonnerstags und Karfreitags um im Wesentlichen gleiche Sachverhalte handele wie \u00f6ffentliche Tanzveranstaltungen.<\/p>\n<p class=\"gericht\">BVerfG, Beschluss vom 11.08.2025 &#8211; <a href=\"https:\/\/beck-online.beck.de\/Default.aspx?typ=reference&amp;y=200&amp;Ge=BVERFG&amp;Az=1BVL225&amp;D=2025-08-11\" rel=\"nofollow noopener\" target=\"_blank\">1 BvL 2\/25<\/a><\/p>\n<p>Redaktion beck-aktuell, js, 9. September 2025.<\/p>\n<p>                    Aus der Datenbank beck-online<\/p>\n<p>Rademacher\/Schmidt\/Brohm, &#8222;Heidenspa\u00df am Karfreitag&#8220;, JA 2025, <a href=\"https:\/\/beck-online.beck.de\/Default.aspx?typ=reference&amp;y=300&amp;Z=JA&amp;B=2025&amp;S=566\" rel=\"nofollow noopener\" target=\"_blank\">566<\/a><\/p>\n<p>BVerfG, Befreiungsfestigkeit des besonderen Stilleschutzes am Karfreitag ist mit Grundrechten unvereinbar, NVwZ 2017, <a href=\"https:\/\/beck-online.beck.de\/Default.aspx?typ=reference&amp;y=300&amp;Z=NVwZ&amp;B=2017&amp;S=461\" rel=\"nofollow noopener\" target=\"_blank\">461<\/a><\/p>\n<p>BVerwG, Verbot von \u00f6ffentlichen Tanzveranstaltungen an Gr\u00fcndonnerstag und Karsamstag, BeckRS 2017, <a href=\"https:\/\/beck-online.beck.de\/Default.aspx?typ=reference&amp;y=300&amp;Z=BeckRS&amp;B=2017&amp;N=138152\" rel=\"nofollow noopener\" target=\"_blank\">138152<\/a><\/p>\n","protected":false},"excerpt":{"rendered":"Ein Veranstalter hatte in G\u00f6ttingen in der Nacht von Gr\u00fcndonnerstag auf Karfreitag eine Tanzveranstaltung durchgef\u00fchrt \u2013 und daf\u00fcr&hellip;\n","protected":false},"author":2,"featured_media":410364,"comment_status":"","ping_status":"","sticky":false,"template":"","format":"standard","meta":{"footnotes":""},"categories":[1844],"tags":[1634,3364,29,30,8903],"class_list":{"0":"post-410363","1":"post","2":"type-post","3":"status-publish","4":"format-standard","5":"has-post-thumbnail","7":"category-karlsruhe","8":"tag-baden-wuerttemberg","9":"tag-de","10":"tag-deutschland","11":"tag-germany","12":"tag-karlsruhe"},"share_on_mastodon":{"url":"https:\/\/pubeurope.com\/@de\/115177186201670235","error":""},"_links":{"self":[{"href":"https:\/\/www.europesays.com\/de\/wp-json\/wp\/v2\/posts\/410363","targetHints":{"allow":["GET"]}}],"collection":[{"href":"https:\/\/www.europesays.com\/de\/wp-json\/wp\/v2\/posts"}],"about":[{"href":"https:\/\/www.europesays.com\/de\/wp-json\/wp\/v2\/types\/post"}],"author":[{"embeddable":true,"href":"https:\/\/www.europesays.com\/de\/wp-json\/wp\/v2\/users\/2"}],"replies":[{"embeddable":true,"href":"https:\/\/www.europesays.com\/de\/wp-json\/wp\/v2\/comments?post=410363"}],"version-history":[{"count":0,"href":"https:\/\/www.europesays.com\/de\/wp-json\/wp\/v2\/posts\/410363\/revisions"}],"wp:featuredmedia":[{"embeddable":true,"href":"https:\/\/www.europesays.com\/de\/wp-json\/wp\/v2\/media\/410364"}],"wp:attachment":[{"href":"https:\/\/www.europesays.com\/de\/wp-json\/wp\/v2\/media?parent=410363"}],"wp:term":[{"taxonomy":"category","embeddable":true,"href":"https:\/\/www.europesays.com\/de\/wp-json\/wp\/v2\/categories?post=410363"},{"taxonomy":"post_tag","embeddable":true,"href":"https:\/\/www.europesays.com\/de\/wp-json\/wp\/v2\/tags?post=410363"}],"curies":[{"name":"wp","href":"https:\/\/api.w.org\/{rel}","templated":true}]}}