{"id":410369,"date":"2025-09-10T00:34:28","date_gmt":"2025-09-10T00:34:28","guid":{"rendered":"https:\/\/www.europesays.com\/de\/410369\/"},"modified":"2025-09-10T00:34:28","modified_gmt":"2025-09-10T00:34:28","slug":"rollerfahrer-nutzt-gehweg-radio-bielefeld","status":"publish","type":"post","link":"https:\/\/www.europesays.com\/de\/410369\/","title":{"rendered":"Rollerfahrer nutzt Gehweg &#8211; Radio Bielefeld"},"content":{"rendered":"<p>FR \/ Bielefeld \/ Gellershagen &#8211; Am Montagnachmittag, 08.09.2025, nutzte ein Rollerfahrer den Gehweg an der Koblenzer Stra\u00dfe und kollidierte mit einem geparkten Auto. Die Rollerschl\u00fcssel des Betrunkenen wurden sichergestellt.<\/p>\n<p>Gegen 16:05 Uhr befuhr ein 68-j\u00e4hriger Bielefelder verkehrswidrig mit einem Roller auf dem Gehweg der Koblenzer Stra\u00dfe in entgegengesetzter Richtung. Im Bereich einer langen Linkskurve verlor er dann die Kontrolle \u00fcber sein Kleinkraftrad und kollidierte mit einem geparkten VW Golf.<\/p>\n<p>Die eingesetzten Polizisten bemerkten Alkoholgeruch in der Atemluft des Mannes. Ein vor Ort durchgef\u00fchrter Atemalkoholtest verlief positiv. Ihm wurde anschlie\u00dfend durch einen Arzt eine Blutprobe entnommen.<\/p>\n<p>Der 68-J\u00e4hrige mit deutscher Staatsb\u00fcrgerschaft erlitt durch die Kollision leichte Verletzungen und wurde in ein Krankenhaus gebracht. Es besteht der Verdacht, dass der Fahrer nicht im Besitz einer g\u00fcltigen Fahrerlaubnis ist. Die Beamten stellten die Schl\u00fcssel des Rollers zur Eigentumssicherung sicher. Der Gesamtschaden wurde auf 1200 Euro gesch\u00e4tzt.<\/p>\n<p>R\u00fcckfragen von Journalisten bitte an:<\/p>\n<p>Polizeipr\u00e4sidium Bielefeld Leitungsstab\/ Presse- und \u00d6ffentlichkeitsarbeit Kurt-Schumacher-Stra\u00dfe 46 33615 Bielefeld<\/p>\n<p>Sonja Rehmert (SR), Tel. 0521\/545-3020 Katja K\u00fcster (KK), Tel. 0521\/545-3195 Sarah Siedschlag (SI), Tel. 0521\/545-3021 Michael K\u00f6tter (MK), Tel. 0521\/545-3022 Hella Christoph (HC), Tel. 0521\/545-3023 Fabian Rickel (FR), Tel. 0521\/545-3024 Caroline Steffen (CS), Tel. 0521\/545-3026 Lukas Reker (LR), Tel. 0521\/545-3222 Jan Grote (JG), Tel. 0521\/545-3235<\/p>\n<p>E-Mail: pressestelle.bielefeld@polizei.nrw.de <a href=\"https:\/\/bielefeld.polizei.nrw\/\" target=\"_blank\" rel=\"noreferrer noopener\">bielefeld.polizei.nrw<\/a><\/p>\n<p>Au\u00dferhalb der B\u00fcrodienstzeit: Leitstelle, Tel. 0521\/545-0<\/p>\n<p> Original-Content von: Polizei Bielefeld, \u00fcbermittelt durch news aktuell<\/p>\n","protected":false},"excerpt":{"rendered":"FR \/ Bielefeld \/ Gellershagen &#8211; Am Montagnachmittag, 08.09.2025, nutzte ein Rollerfahrer den Gehweg an der Koblenzer Stra\u00dfe&hellip;\n","protected":false},"author":2,"featured_media":362892,"comment_status":"","ping_status":"","sticky":false,"template":"","format":"standard","meta":{"footnotes":""},"categories":[1841],"tags":[1605,3364,29,30,1209,12925],"class_list":{"0":"post-410369","1":"post","2":"type-post","3":"status-publish","4":"format-standard","5":"has-post-thumbnail","7":"category-bielefeld","8":"tag-bielefeld","9":"tag-de","10":"tag-deutschland","11":"tag-germany","12":"tag-nordrhein-westfalen","13":"tag-polizeimeldungen"},"share_on_mastodon":{"url":"https:\/\/pubeurope.com\/@de\/115177197989892436","error":""},"_links":{"self":[{"href":"https:\/\/www.europesays.com\/de\/wp-json\/wp\/v2\/posts\/410369","targetHints":{"allow":["GET"]}}],"collection":[{"href":"https:\/\/www.europesays.com\/de\/wp-json\/wp\/v2\/posts"}],"about":[{"href":"https:\/\/www.europesays.com\/de\/wp-json\/wp\/v2\/types\/post"}],"author":[{"embeddable":true,"href":"https:\/\/www.europesays.com\/de\/wp-json\/wp\/v2\/users\/2"}],"replies":[{"embeddable":true,"href":"https:\/\/www.europesays.com\/de\/wp-json\/wp\/v2\/comments?post=410369"}],"version-history":[{"count":0,"href":"https:\/\/www.europesays.com\/de\/wp-json\/wp\/v2\/posts\/410369\/revisions"}],"wp:featuredmedia":[{"embeddable":true,"href":"https:\/\/www.europesays.com\/de\/wp-json\/wp\/v2\/media\/362892"}],"wp:attachment":[{"href":"https:\/\/www.europesays.com\/de\/wp-json\/wp\/v2\/media?parent=410369"}],"wp:term":[{"taxonomy":"category","embeddable":true,"href":"https:\/\/www.europesays.com\/de\/wp-json\/wp\/v2\/categories?post=410369"},{"taxonomy":"post_tag","embeddable":true,"href":"https:\/\/www.europesays.com\/de\/wp-json\/wp\/v2\/tags?post=410369"}],"curies":[{"name":"wp","href":"https:\/\/api.w.org\/{rel}","templated":true}]}}