{"id":41037,"date":"2025-04-18T06:43:18","date_gmt":"2025-04-18T06:43:18","guid":{"rendered":"https:\/\/www.europesays.com\/de\/41037\/"},"modified":"2025-04-18T06:43:18","modified_gmt":"2025-04-18T06:43:18","slug":"hier-erledigen-sie-ihre-dringenden-besorgungen-an-den-feiertagen","status":"publish","type":"post","link":"https:\/\/www.europesays.com\/de\/41037\/","title":{"rendered":"Hier erledigen Sie Ihre dringenden Besorgungen an den Feiertagen"},"content":{"rendered":"<p class=\"tspAMgv tspAMgw\">Immerhin, der Karsamstag f\u00e4llt aus der Reihe: An diesem kann berlinweit zu den \u00fcblichen Samstags\u00f6ffnungszeiten eingekauft werden. Doch was ist, wenn man Karfreitag, Ostersonntag beziehungsweise Ostermontag noch dringend etwas ben\u00f6tigt? <\/p>\n<p><a href=\"https:\/\/abo.tagesspiegel.de\/tagesspiegel-app?icid=single-topic_13540183___\" data-gtm-class=\"article-mzt-link\" class=\"tspBZmc\" target=\"_blank\" rel=\"noopener\">Die Tagesspiegel-App Aktuelle Nachrichten, Hintergr\u00fcnde und Analysen direkt auf Ihr Smartphone. Dazu die digitale Zeitung. Hier gratis herunterladen.  <\/a><\/p>\n<p class=\"tspAMgv\">Zahlreiche Superm\u00e4rkte und Drogerien, aber auch Pflanzencenter haben auch an diesen Feiertagen ge\u00f6ffnet. Wo Sie f\u00fcndig werden, zeigt unsere Auflistung, bezirksweise sortiert. <\/p>\n<p> 1  Lichtenberg  Dong Xuan Center <\/p>\n<ul data-qa-hook=\"story-list-ul\" class=\"tspBVl1\">\n<li class=\"tspBVlz tspBVlz\">Am Karfreitag (18. April), Ostersonntag (20. April) und Ostermontag (21. April) jeweils <strong>v<\/strong>on 10 bis 20 Uhr ge\u00f6ffnet<\/li>\n<li class=\"tspBVlz tspBVlz\">Adresse: Herzbergstra\u00dfe 128-139, 10365 Berlin-Lichtenberg<\/li>\n<li class=\"tspBVlz tspBVlz\">Erreichbar per Tram (M10, M13, M4, M5, M8) oder Bus (18, 21): Haltestelle Herzbergstra\u00dfe\/Industriegebiet<\/li>\n<\/ul>\n<p><img decoding=\"async\" src=\"https:\/\/www.europesays.com\/de\/wp-content\/uploads\/2025\/04\/berlin-deutschland-17-06-18-dong-xuan-center-make-city-festival-fur-architektur-und-andersmachen-edi.jpeg\"   alt=\"\" aria-labelledby=\"caption-13541959\" width=\"440\" height=\"330\" loading=\"lazy\" class=\"tspBBjz\"\/> Gro\u00dfe Auswahl auch an den Osterfeiertagen: das Dong Xuan Center in Lichtenberg. <\/p>\n<p class=\"tspAQhg\"> \u00a9 Imago\/Virginia Garfunkel <\/p>\n<p> Bahnhof Lichtenberg: Edeka <\/p>\n<ul data-qa-hook=\"story-list-ul\" class=\"tspBVl1\">\n<li class=\"tspBVlz tspBVlz\">Am Karfreitag, Ostersonntag und Ostermontag jeweils von 8 bis 22 Uhr ge\u00f6ffnet<\/li>\n<li class=\"tspBVlz tspBVlz\">Adresse: Weitlingstra\u00dfe 22, 10317 Berlin-Lichtenberg (Erdgeschoss der Haupthalle)<\/li>\n<li class=\"tspBVlz tspBVlz\">Erreichbar unter anderem \u00fcber U5, S5, S7, S75 und Regionalverkehr<\/li>\n<\/ul>\n<p> Bahnhof Lichtenberg: Rossmann <\/p>\n<ul data-qa-hook=\"story-list-ul\" class=\"tspBVl1\">\n<li class=\"tspBVlz tspBVlz\">Am Karfreitag von 7 bis 21 Uhr, Ostersonntag und Ostermontag jeweils von 8 bis 21 Uhr<\/li>\n<li class=\"tspBVlz tspBVlz\">Adresse und Erreichbarkeit siehe oben<\/li>\n<\/ul>\n<p> 2  Mitte  Hauptbahnhof: Rewe <\/p>\n<ul data-qa-hook=\"story-list-ul\" class=\"tspBVl1\">\n<li class=\"tspBVlz tspBVlz\">Am Karfreitag, Ostersonntag und Ostermontag jeweils <strong>v<\/strong>on 8 bis 22 Uhr ge\u00f6ffnet<\/li>\n<li class=\"tspBVlz tspBVlz\">Adresse: Europaplatz 1, 10557 Berlin-Mitte (1. Untergeschoss)<\/li>\n<li class=\"tspBVlz tspBVlz\">Erreichbar unter anderem \u00fcber die U5 und die S3, S5, S7 und S9 (Vorsicht beim Regionalverkehr: <a href=\"https:\/\/www.tagesspiegel.de\/berlin\/einschrankungen-im-berliner-nahverkehr-diese-strecken-sind-in-den-osterferien-betroffen-13537417.html\" class=\"link link--internal\" data-gtm-class=\"article-text-link\" data-gtm-val=\"internal\" target=\"_blank\" rel=\"noopener\">Bauarbeiten schr\u00e4nken diesen bis 22. April stark ein<\/a>)<\/li>\n<\/ul>\n<p> Hauptbahnhof: Denns Biomarkt <\/p>\n<ul data-qa-hook=\"story-list-ul\" class=\"tspBVl1\">\n<li class=\"tspBVlz tspBVlz\">Am Ostersonntag von 8 bis 22 Uhr ge\u00f6ffnet<\/li>\n<li class=\"tspBVlz tspBVlz\">Adresse: Europaplatz 1, 10557 Berlin-Mitte (Erdgeschoss)<\/li>\n<li class=\"tspBVlz tspBVlz\">Erreichbarkeit siehe oben<\/li>\n<\/ul>\n<p> Hauptbahnhof: Douglas <\/p>\n<ul data-qa-hook=\"story-list-ul\" class=\"tspBVl1\">\n<li class=\"tspBVlz tspBVlz\">Am Karfreitag, Ostersonntag und Ostermontag jeweils von 10 bis 19 Uhr ge\u00f6ffnet<\/li>\n<li class=\"tspBVlz tspBVlz\">Adresse: Europaplatz 1, 10557 Berlin-Mitte (Erdgeschoss)<\/li>\n<li class=\"tspBVlz tspBVlz\">Erreichbarkeit siehe oben<\/li>\n<\/ul>\n<p><img decoding=\"async\" src=\"https:\/\/www.europesays.com\/de\/wp-content\/uploads\/2025\/04\/44prlh44.jpeg\"   alt=\"\" aria-labelledby=\"caption-13541983\" width=\"440\" height=\"330\" loading=\"lazy\" class=\"tspBBjz\"\/> Auch wer noch Bedarf an Wohlger\u00fcchen an Ostern hat, wird beispielsweise am Hauptbahnhof f\u00fcndig (Archivbild).   <\/p>\n<p class=\"tspAQhg\"> \u00a9 Kai-Uwe Heinrich TSP <\/p>\n<p> Hauptbahnhof: Rossmann <\/p>\n<ul data-qa-hook=\"story-list-ul\" class=\"tspBVl1\">\n<li class=\"tspBVlz tspBVlz\">Am Karfreitag von 7 bis 22 Uhr, Ostersonntag und Ostermontag jeweils von 8 bis 22 Uhr ge\u00f6ffnet<\/li>\n<li class=\"tspBVlz tspBVlz\">Adresse: Europaplatz 1, 10557 Berlin-Mitte (1. Untergeschoss)<\/li>\n<li class=\"tspBVlz tspBVlz\">Erreichbarkeit siehe oben<\/li>\n<\/ul>\n<p> Bahnhof Friedrichstra\u00dfe: Edeka <\/p>\n<ul data-qa-hook=\"story-list-ul\" class=\"tspBVl1\">\n<li class=\"tspBVlz tspBVlz\">Am Karfreitag, Ostersonntag und Ostermontag jeweils von 8 bis 22 Uhr ge\u00f6ffnet<\/li>\n<li class=\"tspBVlz tspBVlz\">Adresse: Friedrichstr. 142, 10117 Berlin-Mitte (Erdgeschoss im Bahnhofsgeb\u00e4ude)<\/li>\n<li class=\"tspBVlz tspBVlz\">Erreichbar unter anderem \u00fcber die U6, die S1, S2, S25, S26, S3, S5, S7 und S9 sowie Regionalverkehr<\/li>\n<\/ul>\n<p> Bahnhof Friedrichstra\u00dfe: Rossmann <\/p>\n<ul data-qa-hook=\"story-list-ul\" class=\"tspBVl1\">\n<li class=\"tspBVlz tspBVlz\">Am Karfreitag von 6 bis 21 Uhr, Ostersonntag und Ostermontag jeweils von 8 bis 21 Uhr ge\u00f6ffnet<\/li>\n<li class=\"tspBVlz tspBVlz\">Adresse und Erreichbarkeit siehe oben<\/li>\n<\/ul>\n<p> Bahnhof Alexanderplatz: Rossmann <\/p>\n<ul data-qa-hook=\"story-list-ul\" class=\"tspBVl1\">\n<li class=\"tspBVlz tspBVlz\">Am Karfreitag von 7 bis 21 Uhr, Ostersonntag und Ostermontag jeweils von 9 bis 21 Uhr ge\u00f6ffnet<\/li>\n<li class=\"tspBVlz tspBVlz\">Adresse: Dircksenstra\u00dfe 2, 10178 Berlin-Mitte<\/li>\n<li class=\"tspBVlz tspBVlz\">Erreichbar unter anderem \u00fcber die U2, U5, U8, die S3, S7, S5, S9 sowie RE1, RE2, RE7, RE8, RB23<\/li>\n<\/ul>\n<p> Bahnhof Gesundbrunnen: Denn\u2019s Biomarkt <\/p>\n<ul data-qa-hook=\"story-list-ul\" class=\"tspBVl1\">\n<li class=\"tspBVlz tspBVlz\">Am Karfreitag, Ostersonntag und Ostermontag jeweils von 8 bis 22 Uhr ge\u00f6ffnet<\/li>\n<li class=\"tspBVlz tspBVlz\">Adresse: Hanne-Sobek-Platz, 13357 Berlin-Mitte (am \u00dcbergang zwischen Arcaden und S-Bahngleisen)<\/li>\n<li class=\"tspBVlz tspBVlz\">Erreichbar unter anderem \u00fcber die U8 sowie die S1, S2, S25, S26, S41 und S42 und Regionalverkehr<\/li>\n<\/ul>\n<p> 3  Friedrichshain-Kreuzberg  Ostbahnhof: Rewe <\/p>\n<ul data-qa-hook=\"story-list-ul\" class=\"tspBVl1\">\n<li class=\"tspBVlz tspBVlz\">Am Karfreitag von 6 bis 22 Uhr, Ostersonntag von 6 bis 0 Uhr und Ostermontag von 6 bis 22 Uhr ge\u00f6ffnet<\/li>\n<li class=\"tspBVlz tspBVlz\">Adresse: Am Ostbahnhof 9, 10243 Berlin-Friedrichshain (Untergeschoss)<\/li>\n<li class=\"tspBVlz tspBVlz\">Erreichbar unter anderem \u00fcber S3, S5, S7 und S9 (<a href=\"https:\/\/www.tagesspiegel.de\/berlin\/einschrankungen-im-berliner-nahverkehr-diese-strecken-sind-in-den-osterferien-betroffen-13537417.html\" class=\"link link--internal\" data-gtm-class=\"article-text-link\" data-gtm-val=\"internal\" target=\"_blank\" rel=\"noopener\">Vorsicht, Ersatzverkehr mit Bussen<\/a>) sowie RE1, RE8, RB23, RE2, FEX, RE7<\/li>\n<\/ul>\n<p><img decoding=\"async\" src=\"https:\/\/www.europesays.com\/de\/wp-content\/uploads\/2025\/04\/1744958598_341_bahnsteige-am-ostbahnhof-wieder-frei.jpeg\"   alt=\"\" aria-labelledby=\"caption-13542043\" width=\"440\" height=\"330\" loading=\"lazy\" class=\"tspBBjz\"\/> Im Untergeschoss des Berliner Ostbahnhofs befinden sich Rewe und Penny, die beide an den Osterfeiertagen ge\u00f6ffnet. sind <\/p>\n<p class=\"tspAQhg\"> \u00a9 dpa\/Jens Kalaene <\/p>\n<p> Ostbahnhof: Penny <\/p>\n<ul data-qa-hook=\"story-list-ul\" class=\"tspBVl1\">\n<li class=\"tspBVlz tspBVlz\">Am Karfreitag, Ostersonntag und Ostermontag jeweils von 7 bis 23 Uhr ge\u00f6ffnet<\/li>\n<li class=\"tspBVlz tspBVlz\">Adresse und Erreichbarkeit siehe oben<\/li>\n<\/ul>\n<p> Ostkreuz: Denns Biomarkt <\/p>\n<ul data-qa-hook=\"story-list-ul\" class=\"tspBVl1\">\n<li class=\"tspBVlz tspBVlz\">Am Karfreitag, Ostersonntag und Ostermontag jeweils von 7 bis 22 Uhr ge\u00f6ffnet<\/li>\n<li class=\"tspBVlz tspBVlz\">Adresse: Sonntagstra\u00dfe 37, 10245 Berlin-Friedrichshain (vor dem Bahnhofsgeb\u00e4ude)<\/li>\n<li class=\"tspBVlz tspBVlz\">Erreichbar \u00fcber S3, S41, S42, S5, S7, S75, S8 und S85 sowie den Regionalverkehr<\/li>\n<\/ul>\n<p> 4  Tempelhof-Sch\u00f6neberg  Bahnhof S\u00fcdkreuz: Edeka <\/p>\n<ul data-qa-hook=\"story-list-ul\" class=\"tspBVl1\">\n<li class=\"tspBVlz tspBVlz\">Am Karfreitag, Ostersonntag und Ostermontag jeweils von 8 bis 22 Uhr ge\u00f6ffnet<\/li>\n<li class=\"tspBVlz tspBVlz\">Adresse: Hildegard-Knef-Platz 1, 10829 Berlin-Sch\u00f6neberg (Erdgeschoss der S-Bahnhalle)<\/li>\n<li class=\"tspBVlz tspBVlz\">Erreichbar unter anderem \u00fcber S2, S25, S26, S41, S42, S45 und S46 sowie Regionalverkehr<\/li>\n<\/ul>\n<p> Bahnhof S\u00fcdkreuz: dm Drogeriemarkt <\/p>\n<ul data-qa-hook=\"story-list-ul\" class=\"tspBVl1\">\n<li class=\"tspBVlz tspBVlz\">Am Karfreitag von 8 bis 20 Uhr, Ostersonntag und Ostermontag jeweils von 9 bis 20 Uhr ge\u00f6ffnet<\/li>\n<li class=\"tspBVlz tspBVlz\">Adresse und Erreichbarkeit siehe oben<\/li>\n<\/ul>\n<p> 5  Charlottenburg-Wilmersdorf  Bahnhof Zoologischer Garten: Hit-Supermarkt Ullrich <\/p>\n<ul data-qa-hook=\"story-list-ul\" class=\"tspBVl1\">\n<li class=\"tspBVlz tspBVlz\">Am Karfreitag, Ostersonntag und Ostermontag jeweils von 8 bis 22 Uhr ge\u00f6ffnet<\/li>\n<li class=\"tspBVlz tspBVlz\">Adresse: Kantstra\u00dfe 7, 10623 Berlin-Charlottenburg (Erdgeschoss der S-Bahnhalle am s\u00fcdlichen Ausgang)<\/li>\n<li class=\"tspBVlz tspBVlz\">Erreichbar unter anderem \u00fcber die U-Bahnlinien U2 und U9 sowie die S-Bahnlinien S3, S5, S7 und S9 sowie Regionalverkehr<\/li>\n<\/ul>\n<p> Bahnhof Zoologischer Garten: Denns Biomarkt <\/p>\n<ul data-qa-hook=\"story-list-ul\" class=\"tspBVl1\">\n<li class=\"tspBVlz tspBVlz\">Am Karfreitag, Ostersonntag und Ostermontag jeweils von 8 bis 22 Uhr ge\u00f6ffnet<\/li>\n<li class=\"tspBVlz tspBVlz\">Adresse: Hardenbergplatz 11, 10623 Berlin-Charlottenburg (Fernbahnhalle)<\/li>\n<li class=\"tspBVlz tspBVlz\">Erreichbarkeit siehe oben<\/li>\n<\/ul>\n<p> Mehr zu Ostern in Berlin <a href=\"https:\/\/www.tagesspiegel.de\/berlin\/zoo-museen-schnitzeljagd-das-konnen-sie-in-berlin-und-brandenburg-in-den-osterferien-unternehmen-13536667.html?icid=topic-list_13540183___\" data-gtm-class=\"article-mzt-link\" class=\"tspBZmc\" target=\"_blank\" rel=\"noopener\">Zoo, Museen, Schnitzeljagd Das k\u00f6nnen Sie in Berlin und Brandenburg in den Osterferien unternehmen <\/a><a href=\"https:\/\/www.tagesspiegel.de\/berlin\/schatzsuche-lammchen-und-harry-potter-was-familien-in-den-osterferien-in-berlin-unternehmen-konnen-13522837.html?icid=topic-list_13540183___\" data-gtm-class=\"article-mzt-link\" class=\"tspBZmc\" target=\"_blank\" rel=\"noopener\">Schatzsuche, L\u00e4mmchen und Harry Potter Was Familien in den Osterferien in Berlin unternehmen k\u00f6nnen <\/a><a href=\"https:\/\/www.tagesspiegel.de\/berlin\/beginn-der-osterferien-in-berlin-was-autofahrer-und-flugreisende-beachten-sollten-13517803.html?icid=topic-list_13540183___\" data-gtm-class=\"article-mzt-link\" class=\"tspBZmc\" target=\"_blank\" rel=\"noopener\">Beginn der Osterferien in Berlin Was Autofahrer und Flugreisende beachten sollten <\/a> Pflanzencenter: Der Holl\u00e4nder <\/p>\n<ul data-qa-hook=\"story-list-ul\" class=\"tspBVl1\">\n<li class=\"tspBVlz tspBVlz\">Am Karfreitag, Ostersonntag und Ostermontag jeweils von 10 bis 16 Uhr ge\u00f6ffnet<\/li>\n<li class=\"tspBVlz tspBVlz\">Adresse: Trakehner Allee 1A, 14053 Berlin-Charlottenburg<\/li>\n<li class=\"tspBVlz tspBVlz\">Erreichbar unter anderem \u00fcber die S-Bahnlinien S3 und S9<\/li>\n<\/ul>\n<p> 6  Treptow-K\u00f6penick  Pflanzencenter: Der Holl\u00e4nder <\/p>\n<ul data-qa-hook=\"story-list-ul\" class=\"tspBVl1\">\n<li class=\"tspBVlz tspBVlz\">Am Karfreitag, Ostersonntag und Ostermontag jeweils von 10 bis 16 Uhr ge\u00f6ffnet<\/li>\n<li class=\"tspBVlz tspBVlz\">Adresse: Treptower Park 71-74, 12435 Berlin-Treptow<\/li>\n<li class=\"tspBVlz tspBVlz\">Erreichbar unter anderem \u00fcber die S-Bahnlinien S41, S42, S8, S85 und S9<\/li>\n<\/ul>\n","protected":false},"excerpt":{"rendered":"Immerhin, der Karsamstag f\u00e4llt aus der Reihe: An diesem kann berlinweit zu den \u00fcblichen Samstags\u00f6ffnungszeiten eingekauft werden. Doch&hellip;\n","protected":false},"author":2,"featured_media":41038,"comment_status":"","ping_status":"","sticky":false,"template":"","format":"standard","meta":{"footnotes":""},"categories":[1825],"tags":[9006,296,531,29,1072,527,30,1952,525,2454,528,5917,625],"class_list":{"0":"post-41037","1":"post","2":"type-post","3":"status-publish","4":"format-standard","5":"has-post-thumbnail","7":"category-berlin","8":"tag-alexanderplatz","9":"tag-berlin","10":"tag-charlottenburg-wilmersdorf","11":"tag-deutschland","12":"tag-einzelhandel","13":"tag-friedrichshain-kreuzberg","14":"tag-germany","15":"tag-lichtenberg","16":"tag-mitte","17":"tag-ostern","18":"tag-tempelhof-schoeneberg","19":"tag-treptow-koepenick","20":"tag-verbraucher"},"share_on_mastodon":{"url":"https:\/\/pubeurope.com\/@de\/114357613876034284","error":""},"_links":{"self":[{"href":"https:\/\/www.europesays.com\/de\/wp-json\/wp\/v2\/posts\/41037","targetHints":{"allow":["GET"]}}],"collection":[{"href":"https:\/\/www.europesays.com\/de\/wp-json\/wp\/v2\/posts"}],"about":[{"href":"https:\/\/www.europesays.com\/de\/wp-json\/wp\/v2\/types\/post"}],"author":[{"embeddable":true,"href":"https:\/\/www.europesays.com\/de\/wp-json\/wp\/v2\/users\/2"}],"replies":[{"embeddable":true,"href":"https:\/\/www.europesays.com\/de\/wp-json\/wp\/v2\/comments?post=41037"}],"version-history":[{"count":0,"href":"https:\/\/www.europesays.com\/de\/wp-json\/wp\/v2\/posts\/41037\/revisions"}],"wp:featuredmedia":[{"embeddable":true,"href":"https:\/\/www.europesays.com\/de\/wp-json\/wp\/v2\/media\/41038"}],"wp:attachment":[{"href":"https:\/\/www.europesays.com\/de\/wp-json\/wp\/v2\/media?parent=41037"}],"wp:term":[{"taxonomy":"category","embeddable":true,"href":"https:\/\/www.europesays.com\/de\/wp-json\/wp\/v2\/categories?post=41037"},{"taxonomy":"post_tag","embeddable":true,"href":"https:\/\/www.europesays.com\/de\/wp-json\/wp\/v2\/tags?post=41037"}],"curies":[{"name":"wp","href":"https:\/\/api.w.org\/{rel}","templated":true}]}}