{"id":410377,"date":"2025-09-10T00:41:13","date_gmt":"2025-09-10T00:41:13","guid":{"rendered":"https:\/\/www.europesays.com\/de\/410377\/"},"modified":"2025-09-10T00:41:13","modified_gmt":"2025-09-10T00:41:13","slug":"extremsportler-sofiane-sehili-bei-rekordversuch-in-russland-festgenommen","status":"publish","type":"post","link":"https:\/\/www.europesays.com\/de\/410377\/","title":{"rendered":"Extremsportler Sofiane Sehili bei Rekordversuch in Russland festgenommen"},"content":{"rendered":"<p>Offenbar illegal Grenze \u00fcberquert <\/p>\n<p>Extremsportler bei Rekordversuch in Russland festgenommen<\/p>\n<p>09.09.2025 &#8211; 22:50 UhrLesedauer: 2 Min.<\/p>\n<p><a href=\"#focus-0\" class=\"transition-colors duration-200 focus-within:text-magenta block text-current relative\" data-sctrack=\"FocusGalleryImage.Reference\"><img fetchpriority=\"high\" data-testid=\"Opener.Image\" style=\"--lqipURL:url('https:\/\/images.t-online.de\/2025\/09\/zUoASCQrnd72\/0x185:3543x1993\/fit-in\/150x0\/filters:blur(25)\/mountainbiker-in-action-durchdrehende-raeder-mountain-bikers-in-action-spinning-wheels-copyright-imagebroker-mcphotox-xleoxhimsl-iblbhj10121609-jpg-model-released-symbolfoto-property-released.jpg')\"   loading=\"eager\" src=\"https:\/\/www.europesays.com\/de\/wp-content\/uploads\/2025\/09\/mountainbiker-in-action-durchdrehende-raeder-mountain-bikers-in-action-spinning-wheels-copyright-ima.jpeg\" alt=\"imago images 0823839116\" title=\"imago images 0823839116\" width=\"3543\" height=\"1993\" class=\"bg-[url:var(--lqipURL)] bg-cover bg-center flex h-full w-full max-w-full\" decoding=\"async\"\/><img style=\"--width:32;--height:32\" loading=\"lazy\" src=\"https:\/\/www.t-online.de\/s\/paper\/_next\/static\/media\/zoom-in.f7dae02f.svg\" alt=\"Vergr\u00f6\u00dfern des Bildes\" title=\"Vergr\u00f6\u00dfern des Bildes\" class=\"block h-[calc(var(--height)_\/_16_*_1rem)] w-[calc(var(--width)_\/_16_*_1rem)] max-w-none absolute bottom-8 right-8 rounded-4 bg-snow p-8\" decoding=\"async\"\/><\/a><\/p>\n<p>Mountainbiker in Action (Symbolbild): Ein Extremsportler wurde in Russland festgenommen. (Quelle: IMAGO\/imageBROKER\/McPHOTO \/ Leo Himsl\/imago)<\/p>\n<p class=\"font-bold text-18 leading-17\">Er wollte mit dem Fahrrad von Portugal bis nach Wladiwostok \u2013 schneller als je ein Mensch zuvor. Doch kurz vor dem Ziel wurde der Extremsportler Sofiane Sehili in Russland festgenommen.<\/p>\n<p class=\"text-18 leading-17\">Der franz\u00f6sische Extremsportler Sofiane Sehili ist bei dem Versuch, mit dem Fahrrad Eurasien in Rekordzeit zu durchqueren, in <a class=\"transition-colors duration-200 cursor-pointer text-inherit no-underline text-salemsfur md:hover:text-magenta md:hover:border-magenta md:focus:text-magenta border-current border-b border-solid break-words\" href=\"https:\/\/www.t-online.de\/themen\/russland\/\" data-sctrack=\"BodyAnchor\" target=\"_blank\" rel=\"noopener\">Russland<\/a> festgenommen worden. Nach Informationen der Zeitung &#8222;Le Monde&#8220; wurde der 44-J\u00e4hrige Anfang September in Wladiwostok von russischen Beh\u00f6rden in Gewahrsam genommen. Ihm wird demnach vorgeworfen, illegal die Grenze \u00fcberquert zu haben.<\/p>\n<p class=\"text-18 leading-17\">Sehili hatte Anfang Juli in <a class=\"transition-colors duration-200 cursor-pointer text-inherit no-underline text-salemsfur md:hover:text-magenta md:hover:border-magenta md:focus:text-magenta border-current border-b border-solid break-words\" href=\"https:\/\/www.t-online.de\/themen\/portugal\/\" data-sctrack=\"BodyAnchor\" target=\"_blank\" rel=\"noopener\">Portugal<\/a> seine Tour gestartet, um den Weltrekord f\u00fcr die schnellste Fahrraddurchquerung Eurasiens zu brechen. Der bisherige Bestwert stammt von dem Deutschen Jonas Deichmann, der 2017 die Strecke von Kap Roca bis Wladiwostok in etwas mehr als 64 Tagen bew\u00e4ltigt hatte. Nach Angaben des russischen Nachrichtenportals TASS wurde Sehili nach seiner Ankunft im Fernen Osten vorl\u00e4ufig festgesetzt. Eine offizielle Stellungnahme russischer Beh\u00f6rden steht bislang aus.<\/p>\n<p class=\"text-18 leading-17\">Der Franzose gilt als erfahrener Ultradistanzfahrer und hat seit seinem Berufswechsel vom Dokumentarfilmer zum Extremsportler im Jahr 2012 an rund 20 Radrennen teilgenommen. Elf davon konnte er f\u00fcr sich entscheiden, darunter das prestigetr\u00e4chtige Rennen &#8222;Tour Divide&#8220;, das \u00fcber 4.500 Kilometer von <a class=\"transition-colors duration-200 cursor-pointer text-inherit no-underline text-salemsfur md:hover:text-magenta md:hover:border-magenta md:focus:text-magenta border-current border-b border-solid break-words\" href=\"https:\/\/www.t-online.de\/themen\/kanada\/\" data-sctrack=\"BodyAnchor\" target=\"_blank\" rel=\"noopener\">Kanada<\/a> nach <a class=\"transition-colors duration-200 cursor-pointer text-inherit no-underline text-salemsfur md:hover:text-magenta md:hover:border-magenta md:focus:text-magenta border-current border-b border-solid break-words\" href=\"https:\/\/www.t-online.de\/themen\/mexiko\/\" data-sctrack=\"BodyAnchor\" target=\"_blank\" rel=\"noopener\">Mexiko<\/a> f\u00fchrt.<\/p>\n<p class=\"text-18 leading-17\">Dokumentiert hat Sehili seinen aktuellen Rekordversuch auf sozialen Medien. Seinen Angaben zufolge war er Ende Juli erstmals auf russisches Gebiet gelangt \u2013 \u00fcber die georgisch-tschetschenische Grenze. Nach einem kurzen Aufenthalt verlie\u00df er Russland \u00fcber die Region Astrachan und setzte seine Fahrt durch Zentralasien fort. Die R\u00fcckkehr nach Russland \u00fcber die Grenze zu <a class=\"transition-colors duration-200 cursor-pointer text-inherit no-underline text-salemsfur md:hover:text-magenta md:hover:border-magenta md:focus:text-magenta border-current border-b border-solid break-words\" href=\"https:\/\/www.t-online.de\/themen\/china\/\" data-sctrack=\"BodyAnchor\" target=\"_blank\" rel=\"noopener\">China<\/a> erfolgte offenbar Anfang September, kurz vor seiner Festnahme.<\/p>\n<p class=\"text-18 leading-17\">Bereits zuvor hatte Sehili angedeutet, dass sein Vorhaben zu scheitern drohe. In einer Instagram-Story sprach er von einem &#8222;herzzerrei\u00dfenden&#8220; Moment, so kurz vor dem Ziel zu scheitern. Am 2. September berichtete er, russische Grenzbeamte h\u00e4tten ihn gestoppt. Was danach geschah, ist laut &#8222;Le Monde&#8220; unklar. Die franz\u00f6sischen Konsularbeh\u00f6rden seien derzeit bem\u00fcht, konsularische Unterst\u00fctzung zu leisten.<\/p>\n","protected":false},"excerpt":{"rendered":"Offenbar illegal Grenze \u00fcberquert Extremsportler bei Rekordversuch in Russland festgenommen 09.09.2025 &#8211; 22:50 UhrLesedauer: 2 Min. Mountainbiker in&hellip;\n","protected":false},"author":2,"featured_media":410378,"comment_status":"","ping_status":"","sticky":false,"template":"","format":"standard","meta":{"footnotes":""},"categories":[4013],"tags":[722,326,331,332,90288,1234,13,108556,54663,14,15,7118,108555,4043,4044,850,307,12,108554,72704],"class_list":{"0":"post-410377","1":"post","2":"type-post","3":"status-publish","4":"format-standard","5":"has-post-thumbnail","7":"category-russland","8":"tag-722","9":"tag-326","10":"tag-aktuelle-nachrichten","11":"tag-aktuelle-news","12":"tag-eurasien","13":"tag-fahrrad","14":"tag-headlines","15":"tag-jonas-deichmann","16":"tag-le-monde","17":"tag-nachrichten","18":"tag-news","19":"tag-portugal","20":"tag-rekordversuch","21":"tag-russia","22":"tag-russian-federation","23":"tag-russische-foederation","24":"tag-russland","25":"tag-schlagzeilen","26":"tag-sofiane-sehili","27":"tag-wladiwostok"},"share_on_mastodon":{"url":"https:\/\/pubeurope.com\/@de\/115177225545262756","error":""},"_links":{"self":[{"href":"https:\/\/www.europesays.com\/de\/wp-json\/wp\/v2\/posts\/410377","targetHints":{"allow":["GET"]}}],"collection":[{"href":"https:\/\/www.europesays.com\/de\/wp-json\/wp\/v2\/posts"}],"about":[{"href":"https:\/\/www.europesays.com\/de\/wp-json\/wp\/v2\/types\/post"}],"author":[{"embeddable":true,"href":"https:\/\/www.europesays.com\/de\/wp-json\/wp\/v2\/users\/2"}],"replies":[{"embeddable":true,"href":"https:\/\/www.europesays.com\/de\/wp-json\/wp\/v2\/comments?post=410377"}],"version-history":[{"count":0,"href":"https:\/\/www.europesays.com\/de\/wp-json\/wp\/v2\/posts\/410377\/revisions"}],"wp:featuredmedia":[{"embeddable":true,"href":"https:\/\/www.europesays.com\/de\/wp-json\/wp\/v2\/media\/410378"}],"wp:attachment":[{"href":"https:\/\/www.europesays.com\/de\/wp-json\/wp\/v2\/media?parent=410377"}],"wp:term":[{"taxonomy":"category","embeddable":true,"href":"https:\/\/www.europesays.com\/de\/wp-json\/wp\/v2\/categories?post=410377"},{"taxonomy":"post_tag","embeddable":true,"href":"https:\/\/www.europesays.com\/de\/wp-json\/wp\/v2\/tags?post=410377"}],"curies":[{"name":"wp","href":"https:\/\/api.w.org\/{rel}","templated":true}]}}