{"id":410379,"date":"2025-09-10T00:42:11","date_gmt":"2025-09-10T00:42:11","guid":{"rendered":"https:\/\/www.europesays.com\/de\/410379\/"},"modified":"2025-09-10T00:42:11","modified_gmt":"2025-09-10T00:42:11","slug":"warnung-vor-russischen-drohnen-polen-schlaegt-alarm","status":"publish","type":"post","link":"https:\/\/www.europesays.com\/de\/410379\/","title":{"rendered":"Warnung vor russischen Drohnen \u2013 Polen schl\u00e4gt Alarm"},"content":{"rendered":"<p class=\"text-18 leading-17\">&#8222;Wir sind bereit, starke Ma\u00dfnahmen gegen <a class=\"transition-colors duration-200 cursor-pointer text-inherit no-underline text-salemsfur md:hover:text-magenta md:hover:border-magenta md:focus:text-magenta border-current border-b border-solid break-words\" href=\"https:\/\/www.t-online.de\/themen\/russland\/\" data-sctrack=\"BodyAnchor\" target=\"_blank\" rel=\"noopener\">Russland<\/a> zu ergreifen, aber unsere europ\u00e4ischen Partner m\u00fcssen sich uns dabei vollst\u00e4ndig anschlie\u00dfen, damit wir erfolgreich sind&#8220;, schrieb Bessent, ohne sich inhaltlich zu m\u00f6glichen Sanktionen zu \u00e4u\u00dfern. &#8222;Business as usual hat nicht funktioniert&#8220;, f\u00fcgte er hinzu.<\/p>\n<p class=\"text-18 leading-17\">Drei Jahre nach den Anschl\u00e4gen auf die Nord-Stream-Gaspipelines in der <a class=\"transition-colors duration-200 cursor-pointer text-inherit no-underline text-salemsfur md:hover:text-magenta md:hover:border-magenta md:focus:text-magenta border-current border-b border-solid break-words\" href=\"https:\/\/www.t-online.de\/themen\/ostsee\/\" data-sctrack=\"BodyAnchor\" target=\"_blank\" rel=\"noopener\">Ostsee<\/a> ist die Entscheidung \u00fcber die Auslieferung eines Tatverd\u00e4chtigen aus <a class=\"transition-colors duration-200 cursor-pointer text-inherit no-underline text-salemsfur md:hover:text-magenta md:hover:border-magenta md:focus:text-magenta border-current border-b border-solid break-words\" href=\"https:\/\/www.t-online.de\/themen\/italien\/\" data-sctrack=\"BodyAnchor\" target=\"_blank\" rel=\"noopener\">Italien<\/a> an Deutschland vertagt worden. Ein Berufungsgericht in Bologna kam nach stundenlangen Beratungen noch zu keinem Ergebnis, wie der Verteidiger des Ukrainers der Deutschen Presse-Agentur mitteilte. Damit bleibt der 49-J\u00e4hrige zun\u00e4chst weiter in Italien in Untersuchungshaft.<\/p>\n<p class=\"text-18 leading-17\">Rechtsanwalt Nicola Canestrini zufolge wird das Gericht die Entscheidung in den n\u00e4chsten Tagen schriftlich bekanntgeben. Einen genauen Termin daf\u00fcr gibt es nicht. Der Ukrainer war Ende August an der italienischen Adriak\u00fcste festgenommen worden, wo er zusammen mit seiner Familie Urlaub machte.<\/p>\n<p class=\"text-18 leading-17\">Auch <a class=\"transition-colors duration-200 cursor-pointer text-inherit no-underline text-salemsfur md:hover:text-magenta md:hover:border-magenta md:focus:text-magenta border-current border-b border-solid break-words\" href=\"https:\/\/www.t-online.de\/themen\/litauen\/\" data-sctrack=\"BodyAnchor\" target=\"_blank\" rel=\"noopener\">Litauen<\/a> reagiert auf das russische Milit\u00e4rman\u00f6ver &#8222;Sapad&#8220;. Man werde die Schutzma\u00dfnahme zu Belarus und Russland verst\u00e4rken, teilt der Grenzschutz des baltischen Landes mit.<\/p>\n<p class=\"text-18 leading-17\">Polen schlie\u00dft ab Donnerstag seine Grenze zum \u00f6stlichen Nachbarn Belarus. Das erkl\u00e4rte Ministerpr\u00e4sident Donald Tusk am Dienstag. Die Schlie\u00dfung soll ab Mitternacht erfolgen. Wann die Grenze wieder ge\u00f6ffnet werden soll, ist derzeit nicht bekannt.<\/p>\n<p class=\"text-18 leading-17\">Die polnische Regierung begr\u00fcndet die Ma\u00dfnahme mit dem anstehenden russisch-belarussischen Milit\u00e4rman\u00f6ver &#8222;Sapad 2025&#8220;. Die \u00dcbung beginne am Freitag &#8222;sehr nah an der polnischen Grenze&#8220; und sei aus milit\u00e4rischer Perspektive &#8222;sehr aggressiv&#8220;, so Tusk. <a class=\"transition-colors duration-200 cursor-pointer text-inherit no-underline text-salemsfur md:hover:text-magenta md:hover:border-magenta md:focus:text-magenta border-current border-b border-solid break-words\" href=\"https:\/\/www.t-online.de\/nachrichten\/ausland\/krisen\/id_100906850\/polen-schliesst-grenze-zu-belarus-wegen-sapad-manoever-ab-donnerstag.html\" data-sctrack=\"BodyAnchor\" target=\"_blank\" rel=\"noopener\">Lesen Sie hier mehr dazu.<\/a><\/p>\n<p class=\"text-18 leading-17\">Russland muss zur Deckung seines steigenden Haushaltsdefizits in diesem Jahr mehr Schulden aufnehmen als geplant. Finanzminister Anton Siluanow k\u00fcndigte am Dienstag an, eine Erh\u00f6hung der Schulden sei m\u00f6glich. &#8222;Ich m\u00f6chte gleich sagen, dass dies in einem vern\u00fcnftigen Rahmen geschehen wird&#8220;, sagte Siluanow dem Radiosender RBK.<\/p>\n<p class=\"text-18 leading-17\">&#8222;Es wird keine gro\u00dfen Unwuchten f\u00fcr den Haushalt geben.&#8220; Sein Ressort hatte j\u00fcngst die Defizitprognose f\u00fcr dieses Jahr von urspr\u00fcnglich 0,5 Prozent des Bruttoinlandsprodukts (BIP) auf 1,7 Prozent angehoben. Wegen der hohen Milit\u00e4rausgaben f\u00fcr den Krieg in der Ukraine d\u00fcrfte das Defizit diese Zahl jedoch noch \u00fcbersteigen.<\/p>\n","protected":false},"excerpt":{"rendered":"&#8222;Wir sind bereit, starke Ma\u00dfnahmen gegen Russland zu ergreifen, aber unsere europ\u00e4ischen Partner m\u00fcssen sich uns dabei vollst\u00e4ndig&hellip;\n","protected":false},"author":2,"featured_media":410380,"comment_status":"","ping_status":"","sticky":false,"template":"","format":"standard","meta":{"footnotes":""},"categories":[4012],"tags":[1217,326,6079,522,331,332,26198,85558,108249,916,296,28628,1179,29,106,37829,1478,548,6608,1213,13,355,5793,812,4036,28364,1480,29912,14,1159,15,2852,27298,307,12648,12,14575,14189,184,317,312,64,107,108557],"class_list":{"0":"post-410379","1":"post","2":"type-post","3":"status-publish","4":"format-standard","5":"has-post-thumbnail","7":"category-ukraine","8":"tag-1217","9":"tag-326","10":"tag-6079","11":"tag-522","12":"tag-aktuelle-nachrichten","13":"tag-aktuelle-news","14":"tag-alarm","15":"tag-anflug","16":"tag-anton-siluanow","17":"tag-belarus","18":"tag-berlin","19":"tag-bombenanschlag","20":"tag-boris-pistorius","21":"tag-deutschland","22":"tag-donald-trump","23":"tag-donald-tusk","24":"tag-drohne","25":"tag-eu","26":"tag-finanzhaushalt","27":"tag-gas","28":"tag-headlines","29":"tag-italien","30":"tag-kiew","31":"tag-litauen","32":"tag-london","33":"tag-luftraum","34":"tag-luftwaffe","35":"tag-militaerausgabe","36":"tag-nachrichten","37":"tag-nato","38":"tag-news","39":"tag-ostsee","40":"tag-ostukraine","41":"tag-russland","42":"tag-rzeszow","43":"tag-schlagzeilen","44":"tag-scott-bessent","45":"tag-sergej-lawrow","46":"tag-spd","47":"tag-ukraine","48":"tag-ukrainekrieg","49":"tag-usa","50":"tag-wolodymyr-selenskyj","51":"tag-zamosc"},"share_on_mastodon":{"url":"","error":"Validation failed: Text character limit of 500 exceeded"},"_links":{"self":[{"href":"https:\/\/www.europesays.com\/de\/wp-json\/wp\/v2\/posts\/410379","targetHints":{"allow":["GET"]}}],"collection":[{"href":"https:\/\/www.europesays.com\/de\/wp-json\/wp\/v2\/posts"}],"about":[{"href":"https:\/\/www.europesays.com\/de\/wp-json\/wp\/v2\/types\/post"}],"author":[{"embeddable":true,"href":"https:\/\/www.europesays.com\/de\/wp-json\/wp\/v2\/users\/2"}],"replies":[{"embeddable":true,"href":"https:\/\/www.europesays.com\/de\/wp-json\/wp\/v2\/comments?post=410379"}],"version-history":[{"count":0,"href":"https:\/\/www.europesays.com\/de\/wp-json\/wp\/v2\/posts\/410379\/revisions"}],"wp:featuredmedia":[{"embeddable":true,"href":"https:\/\/www.europesays.com\/de\/wp-json\/wp\/v2\/media\/410380"}],"wp:attachment":[{"href":"https:\/\/www.europesays.com\/de\/wp-json\/wp\/v2\/media?parent=410379"}],"wp:term":[{"taxonomy":"category","embeddable":true,"href":"https:\/\/www.europesays.com\/de\/wp-json\/wp\/v2\/categories?post=410379"},{"taxonomy":"post_tag","embeddable":true,"href":"https:\/\/www.europesays.com\/de\/wp-json\/wp\/v2\/tags?post=410379"}],"curies":[{"name":"wp","href":"https:\/\/api.w.org\/{rel}","templated":true}]}}