{"id":410381,"date":"2025-09-10T00:43:10","date_gmt":"2025-09-10T00:43:10","guid":{"rendered":"https:\/\/www.europesays.com\/de\/410381\/"},"modified":"2025-09-10T00:43:10","modified_gmt":"2025-09-10T00:43:10","slug":"trump-will-mit-indien-ueber-handel-sprechen","status":"publish","type":"post","link":"https:\/\/www.europesays.com\/de\/410381\/","title":{"rendered":"Trump will mit Indien \u00fcber Handel sprechen"},"content":{"rendered":"<p>LiveTicker zur US-Politik unter Trump<\/p>\n<p>Trotz Strafz\u00f6llen: Trump will mit Indien \u00fcber Handel sprechen <\/p>\n<p class=\"Textstyled__Text-sc-1cqv9mi-0 cLyiiX ArticleHeadstyled__ArticleSubHeadline-sc-tdzyy5-11 fXdZot\">Die Migrations- und Zollpolitik von US-Pr\u00e4sident Donald Trump h\u00e4lt die USA weiter in Atem. Verfolgen Sie alle Entwicklungen in unserem Liveblog.<\/p>\n<p>Weiterlesen nach der Anzeige<\/p>\n<p>Weiterlesen nach der Anzeige<\/p>\n<p>Trump sorgt f\u00fcr Chaos nach Amts\u00fcbernahme<\/p>\n<p class=\"Textstyled__Text-sc-1cqv9mi-0 cLyiiX\">Nach der R\u00fcckkehr von Donald Trump ins Pr\u00e4sidentenamt im Januar 2025 krempelt der 78-J\u00e4hrige den bisherigen US-Kurs innen- als auch au\u00dfenpolitisch resolut um. Seiter herrschen Unsicherheit und Besorgnis \u00fcber das weitere Vorgehen Trumps.<\/p>\n<p class=\"Textstyled__Text-sc-1cqv9mi-0 cLyiiX\">Viele Amerikaner, die auf Trumps Versprechen setzten, die Inflation zu bek\u00e4mpfen, sind entt\u00e4uscht, denn die Preise steigen weiter &#8211; und Trump selbst tr\u00e4gt durch seine rigide Zollpolitik dazu weiter bei.<\/p>\n<p>Weiterlesen nach der Anzeige<\/p>\n<p>Weiterlesen nach der Anzeige<\/p>\n<p><img decoding=\"async\" alt=\"\" loading=\"lazy\"  src=\"https:\/\/www.europesays.com\/de\/wp-content\/uploads\/2025\/09\/TTJ3DJHXFBDNZLLXDDNFKU3ZD4.png\" \/>US-Radar<\/p>\n<p class=\"CallToActionBasestyled__Text-sc-1k69918-5 fbjGwD\">Was die Vereinigten Staaten bewegt: Die USA-Experten des RND ordnen ein und liefern Hintergr\u00fcnde. Jeden Dienstag.<\/p>\n<p class=\"Textstyled__Text-sc-1cqv9mi-0 cLyiiX\">Besonders bemerkenswert scheint dabei die wirtschaftliche Entwicklung des Landes. Denn w\u00e4hrend politische Neubeginnphasen in den USA normalerweise zu einem Anstieg der B\u00f6rsen f\u00fchren, hat der Pr\u00e4sident das Gegenteil bewirkt. Experten sprechen bereits vom \u201eTrump-Dump\u201c, einem dramatischen Kurssturz.<\/p>\n<p class=\"Textstyled__Text-sc-1cqv9mi-0 cLyiiX\">Den mit Abstand gr\u00f6\u00dften Schaden richtete Trump auf dem Feld der Au\u00dfenpolitik an. Mit seinem Pro-Russland-Kurs sorgt er in den USA, vor allem aber in Europa, f\u00fcr Entr\u00fcstung und Fassungslosigkeit.<\/p>\n","protected":false},"excerpt":{"rendered":"LiveTicker zur US-Politik unter Trump Trotz Strafz\u00f6llen: Trump will mit Indien \u00fcber Handel sprechen Die Migrations- und Zollpolitik&hellip;\n","protected":false},"author":2,"featured_media":410382,"comment_status":"","ping_status":"","sticky":false,"template":"","format":"standard","meta":{"footnotes":""},"categories":[3977],"tags":[331,332,13,14,15,12,4017,4018,4016,64,4019,4020],"class_list":{"0":"post-410381","1":"post","2":"type-post","3":"status-publish","4":"format-standard","5":"has-post-thumbnail","7":"category-usa","8":"tag-aktuelle-nachrichten","9":"tag-aktuelle-news","10":"tag-headlines","11":"tag-nachrichten","12":"tag-news","13":"tag-schlagzeilen","14":"tag-united-states","15":"tag-united-states-of-america","16":"tag-us","17":"tag-usa","18":"tag-vereinigte-staaten","19":"tag-vereinigte-staaten-von-amerika"},"share_on_mastodon":{"url":"https:\/\/pubeurope.com\/@de\/115177233430458040","error":""},"_links":{"self":[{"href":"https:\/\/www.europesays.com\/de\/wp-json\/wp\/v2\/posts\/410381","targetHints":{"allow":["GET"]}}],"collection":[{"href":"https:\/\/www.europesays.com\/de\/wp-json\/wp\/v2\/posts"}],"about":[{"href":"https:\/\/www.europesays.com\/de\/wp-json\/wp\/v2\/types\/post"}],"author":[{"embeddable":true,"href":"https:\/\/www.europesays.com\/de\/wp-json\/wp\/v2\/users\/2"}],"replies":[{"embeddable":true,"href":"https:\/\/www.europesays.com\/de\/wp-json\/wp\/v2\/comments?post=410381"}],"version-history":[{"count":0,"href":"https:\/\/www.europesays.com\/de\/wp-json\/wp\/v2\/posts\/410381\/revisions"}],"wp:featuredmedia":[{"embeddable":true,"href":"https:\/\/www.europesays.com\/de\/wp-json\/wp\/v2\/media\/410382"}],"wp:attachment":[{"href":"https:\/\/www.europesays.com\/de\/wp-json\/wp\/v2\/media?parent=410381"}],"wp:term":[{"taxonomy":"category","embeddable":true,"href":"https:\/\/www.europesays.com\/de\/wp-json\/wp\/v2\/categories?post=410381"},{"taxonomy":"post_tag","embeddable":true,"href":"https:\/\/www.europesays.com\/de\/wp-json\/wp\/v2\/tags?post=410381"}],"curies":[{"name":"wp","href":"https:\/\/api.w.org\/{rel}","templated":true}]}}