{"id":410383,"date":"2025-09-10T00:44:18","date_gmt":"2025-09-10T00:44:18","guid":{"rendered":"https:\/\/www.europesays.com\/de\/410383\/"},"modified":"2025-09-10T00:44:18","modified_gmt":"2025-09-10T00:44:18","slug":"patria-trackx-das-ultimative-gelaendegaengige-kettenfahrzeug-vorgestellt-auf-der-dsei-uk-in-london","status":"publish","type":"post","link":"https:\/\/www.europesays.com\/de\/410383\/","title":{"rendered":"Patria TRACKX \u2013 das ultimative gel\u00e4ndeg\u00e4ngige Kettenfahrzeug \u2013 vorgestellt auf der DSEI UK in London"},"content":{"rendered":"<p>Patria hat am 9. September 2025 auf der DSEI UK in London ein neues gel\u00e4ndeg\u00e4ngiges Kettenfahrzeug vorgestellt: Patria TRACKX. Es wurde entwickelt, um selbst das schwierigste Gel\u00e4nde leise und schnell zu bew\u00e4ltigen und unter allen Bedingungen einen reibungslosen Einsatz zu gew\u00e4hrleisten.<\/p>\n<p>Die Verbesserung der Mobilit\u00e4t und Leistungsf\u00e4higkeit der Landstreitkr\u00e4fte hat f\u00fcr die EU-L\u00e4nder bei der Weiterentwicklung ihrer langfristigen Verteidigungsstrategien h\u00f6chste Priorit\u00e4t. Als Reaktion auf diesen wachsenden Bedarf an F\u00e4higkeiten hat Patria im Rahmen des multinationalen, von der EDF finanzierten Entwicklungsprogramms FAMOUS, in Zusammenarbeit mit seinen Industriepartnern und den Mitgliedsl\u00e4ndern des Programms, ein neues Kettenfahrzeug namens Patria TRACKX entwickelt.<\/p>\n<p>\u201ePatria ist sehr stolz darauf, dieses neue, au\u00dfergew\u00f6hnliche gel\u00e4ndeg\u00e4ngige Kettenfahrzeug, Patria TRACKX, auf den Markt gebracht zu haben. Dieses Fahrzeug entspricht perfekt den hohen Anforderungen der FAMOUS-Programmteilnehmerl\u00e4nder und bietet eine optimale L\u00f6sung f\u00fcr verschiedene Anwendungen, die hohe Mobilit\u00e4tsstandards f\u00fcr milit\u00e4rische Einheiten erfordern\u201c, sagt <strong>Jussi J\u00e4rvinen<\/strong>, Executive Vice President Protected Mobility bei Patria. \u201eWir haben dieses Fahrzeug bereits ausgiebig getestet und streben an, dass Patria TRACKX im Jahr 2027 f\u00fcr die Serienproduktion bereit ist.\u201c<\/p>\n<p>Verbesserte Mobilit\u00e4t unter allen Bedingungen<\/p>\n<p>Patria hat ein Kettenfahrzeug entwickelt, das sich in seiner Klasse durch hervorragende taktische und operative Mobilit\u00e4t in anspruchsvollen Umgebungen und Gel\u00e4ndearten auszeichnet. Patria TRACKX ist f\u00fcr den Transport von 12 Soldaten mit Ausr\u00fcstung ausgelegt und kann auf Stra\u00dfen, in dichten W\u00e4ldern, auf steilen H\u00fcgeln, in feuchten Mooren und in tiefem Schnee eingesetzt werden, ohne dass seine Schutzfunktion beeintr\u00e4chtigt wird. Patria TRACKX kann reibungslos mit anderen Kettenfahrzeugen zusammenarbeiten und wird in Zukunft als Plattform f\u00fcr verschiedene Einsatzvarianten dienen.<\/p>\n<p>Der Produkteinf\u00fchrung gingen gr\u00fcndliche Forschungs- und Entwicklungsarbeiten voraus, deren Ergebnis ein neuartiges Kettenfahrzeug ist, das den Herausforderungen des modernen Schlachtfelds gewachsen ist und die Integration verschiedener Systeme entsprechend den Bed\u00fcrfnissen der Nutzer erm\u00f6glicht. In den letzten Jahren wurde das Fahrzeug ausgiebig auf Stra\u00dfen, in W\u00e4ldern, Mooren und Schnee getestet. Zu den wichtigsten Konstruktionsprinzipien des Patria TRACKX geh\u00f6ren Masseeffizienz, breite Gummiketten, geringer Bodendruck, ein niedriger und zentral positionierter Schwerpunkt, eine unabh\u00e4ngig einstellbare hydropneumatische Federung f\u00fcr jedes Kettenrad und eine fast flache Unterseite ohne Torsionsst\u00e4be.<\/p>\n<p>Das Kettenfahrzeug Patria TRACKX revolutioniert den Markt als moderne und kosteng\u00fcnstige Alternative zu den derzeit verwendeten leichten Kettenfahrzeugen und zielt insbesondere auf die Gewichtsklasse von 13 bis 18 Tonnen ab.<\/p>\n<p><strong>Pressekontakt:<\/strong>\u00a0<\/p>\n<p><strong>Sirje Ahvenlampi-Hyv\u00f6nen<\/strong>, Vice President, Group Communications, Patria, Tel. +358 50 557 3822, <a class=\"Hyperlink SCXW225535016 BCX8\" href=\"http:\/\/www.patriagroup.com\/cdn-cgi\/l\/email-protection#cdbea4bfa7a8e3aca5bba8a3a1aca0bda4e0a5b4bba2a3a8a38dbdacb9bfa4acaabfa2b8bde3aea2a0\" target=\"_blank\" rel=\"noreferrer noopener nofollow\">[email\u00a0protected]<\/a>\u00a0<\/p>\n<p>Weitere Informationen zum Patria TRACKX: <a href=\"https:\/\/www.patriagroup.com\/patria-trackx\" rel=\"nofollow noopener\" target=\"_blank\">www.patriagroup.com\/patria-trackx<\/a><\/p>\n<p>Weitere Informationen zum FAMOUS-Programm: <a href=\"https:\/\/www.patriagroup.com\/famous-programme\" rel=\"nofollow noopener\" target=\"_blank\">www.patriagroup.com\/famous-programme<\/a><\/p>\n<p><strong>\u00dcber Patria\u202f:<\/strong>\u00a0<\/p>\n<p><strong>Patria<\/strong> ist ein modernes und internationales Verteidigungs- und Technologieunternehmen mit \u00fcber 100 Jahren Erfahrung. Mit unseren erstklassigen Experten und den Gesch\u00e4ftsbereichen Protected Mobility, Defence and Weapon Systems und Sustainment Solutions gew\u00e4hrleisten wir unseren Kunden einen zuverl\u00e4ssigen Betrieb und sind Partner f\u00fcr kritische Missionen zu Land, zu Wasser und in der Luft \u2013 wenn es keine Alternative gibt.\u00a0<br \/>Patria hat Niederlassungen in Finnland, Schweden, Norwegen, Belgien, den Niederlanden, Deutschland, Lettland und Japan. Patria befindet sich im Besitz des finnischen Staates (50,1%) und der norwegischen Kongsberg Defence &amp; Aerospace AS (49,9%). Patria h\u00e4lt 50% an Nammo, und zusammen bilden diese drei Unternehmen eine f\u00fchrende nordische Verteidigungspartnerschaft.<br \/>Weitere Informationen: <a class=\"Hyperlink SCXW166856593 BCX8\" href=\"https:\/\/www.patriagroup.com\/\" target=\"_blank\" rel=\"noreferrer noopener nofollow\">www.patriagroup.com<\/a>\u00a0<\/p>\n","protected":false},"excerpt":{"rendered":"Patria hat am 9. September 2025 auf der DSEI UK in London ein neues gel\u00e4ndeg\u00e4ngiges Kettenfahrzeug vorgestellt: Patria&hellip;\n","protected":false},"author":2,"featured_media":410384,"comment_status":"","ping_status":"","sticky":false,"template":"","format":"standard","meta":{"footnotes":""},"categories":[3976],"tags":[331,332,13,14,15,12,3992,3993,3994,3995,3996,3997],"class_list":{"0":"post-410383","1":"post","2":"type-post","3":"status-publish","4":"format-standard","5":"has-post-thumbnail","7":"category-vereinigtes-koenigreich","8":"tag-aktuelle-nachrichten","9":"tag-aktuelle-news","10":"tag-headlines","11":"tag-nachrichten","12":"tag-news","13":"tag-schlagzeilen","14":"tag-uk","15":"tag-united-kingdom","16":"tag-united-kingdom-of-great-britain-and-northern-ireland","17":"tag-vereinigtes-koenigreich","18":"tag-vereinigtes-koenigreich-grossbritannien-und-nordirland","19":"tag-vereinigtes-koenigreich-von-grossbritannien-und-nordirland"},"share_on_mastodon":{"url":"https:\/\/pubeurope.com\/@de\/115177237261135582","error":""},"_links":{"self":[{"href":"https:\/\/www.europesays.com\/de\/wp-json\/wp\/v2\/posts\/410383","targetHints":{"allow":["GET"]}}],"collection":[{"href":"https:\/\/www.europesays.com\/de\/wp-json\/wp\/v2\/posts"}],"about":[{"href":"https:\/\/www.europesays.com\/de\/wp-json\/wp\/v2\/types\/post"}],"author":[{"embeddable":true,"href":"https:\/\/www.europesays.com\/de\/wp-json\/wp\/v2\/users\/2"}],"replies":[{"embeddable":true,"href":"https:\/\/www.europesays.com\/de\/wp-json\/wp\/v2\/comments?post=410383"}],"version-history":[{"count":0,"href":"https:\/\/www.europesays.com\/de\/wp-json\/wp\/v2\/posts\/410383\/revisions"}],"wp:featuredmedia":[{"embeddable":true,"href":"https:\/\/www.europesays.com\/de\/wp-json\/wp\/v2\/media\/410384"}],"wp:attachment":[{"href":"https:\/\/www.europesays.com\/de\/wp-json\/wp\/v2\/media?parent=410383"}],"wp:term":[{"taxonomy":"category","embeddable":true,"href":"https:\/\/www.europesays.com\/de\/wp-json\/wp\/v2\/categories?post=410383"},{"taxonomy":"post_tag","embeddable":true,"href":"https:\/\/www.europesays.com\/de\/wp-json\/wp\/v2\/tags?post=410383"}],"curies":[{"name":"wp","href":"https:\/\/api.w.org\/{rel}","templated":true}]}}