{"id":410392,"date":"2025-09-10T00:49:12","date_gmt":"2025-09-10T00:49:12","guid":{"rendered":"https:\/\/www.europesays.com\/de\/410392\/"},"modified":"2025-09-10T00:49:12","modified_gmt":"2025-09-10T00:49:12","slug":"basketball-em-tuerkei-erstmals-seit-24-jahren-im-halbfinale","status":"publish","type":"post","link":"https:\/\/www.europesays.com\/de\/410392\/","title":{"rendered":"Basketball-EM: T\u00fcrkei erstmals seit 24 Jahren im Halbfinale"},"content":{"rendered":"<p class=\"metatextline\">Stand: 09.09.2025 18:53 Uhr<\/p>\n<p class=\"textabsatz columns twelve  m-ten  m-offset-one l-eight l-offset-two\">\n        <strong>Die T\u00fcrkei hat zum ersten Mal seit 24 Jahren das Halbfinale der Basketball-EM erreicht. Das Team um NBA-Jungstar Alperen Seng\u00fcn von den Houston Rockets besiegte am Dienstag (09.09.2025) in Riga Polen in der Runde der letzten acht mit 91:77 (46:32).<\/strong>\n    <\/p>\n<p class=\"textabsatz m-ten m-offset-one l-eight l-offset-two columns twelve\">\n2001 hatten es die T\u00fcrken bei ihrer Heim-Europameisterschaft bis ins Finale geschafft, unterlagen dort jedoch gegen Jugoslawien.<\/p>\n<ul class=\"buttongroup buttongroup--copytext\">\n<li class=\"buttongroup__item\">\n<p>    <a class=\"btn btn--text btn--standard-secondary btn--fullwidth\" href=\"https:\/\/www.sportschau.de\/live-und-ergebnisse\/basketball\/fiba-em\/spiele-und-ergebnisse\" rel=\"nofollow noopener\" target=\"_blank\"><br \/>\n        Viertelfinale<br \/>\n        Pfeil rechts<\/p>\n<p>    <\/a>\n<\/li>\n<\/ul>\n<p>    Triple-Double von Seng\u00fcn<\/p>\n<p class=\"textabsatz m-ten m-offset-one l-eight l-offset-two columns twelve\">\nSeng\u00fcn gl\u00e4nzte vor 3-463 Zuschauern mit einem Triple-Double aus 19 Punkten, zw\u00f6lf Rebounds und zehn Assists, f\u00fcr Polen kamen Jordan Loyd und Mateusz Ponitka auf je 19 Z\u00e4hler. Die T\u00fcrkei bekommt es am Freitag in der Vorschlussrunde mit Litauen oder Griechenland zu tun.<\/p>\n<p class=\"textabsatz m-ten m-offset-one l-eight l-offset-two columns twelve\">\nDie Polen verpassten derweil, zum zweiten Mal in Folge in ein EM-Halbfinale einzuziehen. 2022 hatten sie in Berlin letztlich das Spiel um Bronze gegen die Deutschen verloren. Die T\u00fcrken sind damit ein etwaiger Finalgegner der deutschen Nationalmannschaft.<\/p>\n<p>    Deutschland am Mittwoch gegen Slowenien<\/p>\n<p class=\"textabsatz m-ten m-offset-one l-eight l-offset-two columns twelve\">\nDer Weltmeister trifft in seinem Viertelfinale am Mittwoch auf Slowenien und NBA-Superstar Luka Doncic. Zuvor spielen Finnland und Georgien Deutschlands m\u00f6glichen Kontrahenten im Halbfinale aus.<\/p>\n","protected":false},"excerpt":{"rendered":"Stand: 09.09.2025 18:53 Uhr Die T\u00fcrkei hat zum ersten Mal seit 24 Jahren das Halbfinale der Basketball-EM erreicht.&hellip;\n","protected":false},"author":2,"featured_media":410393,"comment_status":"","ping_status":"","sticky":false,"template":"","format":"standard","meta":{"footnotes":""},"categories":[5],"tags":[331,332,2493,3364,29,96907,30,13,14,15,12],"class_list":{"0":"post-410392","1":"post","2":"type-post","3":"status-publish","4":"format-standard","5":"has-post-thumbnail","7":"category-nachrichten","8":"tag-aktuelle-nachrichten","9":"tag-aktuelle-news","10":"tag-basketball","11":"tag-de","12":"tag-deutschland","13":"tag-eurobasket","14":"tag-germany","15":"tag-headlines","16":"tag-nachrichten","17":"tag-news","18":"tag-schlagzeilen"},"share_on_mastodon":{"url":"https:\/\/pubeurope.com\/@de\/115177257005350186","error":""},"_links":{"self":[{"href":"https:\/\/www.europesays.com\/de\/wp-json\/wp\/v2\/posts\/410392","targetHints":{"allow":["GET"]}}],"collection":[{"href":"https:\/\/www.europesays.com\/de\/wp-json\/wp\/v2\/posts"}],"about":[{"href":"https:\/\/www.europesays.com\/de\/wp-json\/wp\/v2\/types\/post"}],"author":[{"embeddable":true,"href":"https:\/\/www.europesays.com\/de\/wp-json\/wp\/v2\/users\/2"}],"replies":[{"embeddable":true,"href":"https:\/\/www.europesays.com\/de\/wp-json\/wp\/v2\/comments?post=410392"}],"version-history":[{"count":0,"href":"https:\/\/www.europesays.com\/de\/wp-json\/wp\/v2\/posts\/410392\/revisions"}],"wp:featuredmedia":[{"embeddable":true,"href":"https:\/\/www.europesays.com\/de\/wp-json\/wp\/v2\/media\/410393"}],"wp:attachment":[{"href":"https:\/\/www.europesays.com\/de\/wp-json\/wp\/v2\/media?parent=410392"}],"wp:term":[{"taxonomy":"category","embeddable":true,"href":"https:\/\/www.europesays.com\/de\/wp-json\/wp\/v2\/categories?post=410392"},{"taxonomy":"post_tag","embeddable":true,"href":"https:\/\/www.europesays.com\/de\/wp-json\/wp\/v2\/tags?post=410392"}],"curies":[{"name":"wp","href":"https:\/\/api.w.org\/{rel}","templated":true}]}}