{"id":410398,"date":"2025-09-10T00:52:14","date_gmt":"2025-09-10T00:52:14","guid":{"rendered":"https:\/\/www.europesays.com\/de\/410398\/"},"modified":"2025-09-10T00:52:14","modified_gmt":"2025-09-10T00:52:14","slug":"anwohner-sollen-fuer-strasse-blechen-die-schon-da-ist","status":"publish","type":"post","link":"https:\/\/www.europesays.com\/de\/410398\/","title":{"rendered":"Anwohner sollen f\u00fcr Stra\u00dfe blechen, die schon da ist"},"content":{"rendered":"<p>Es geht um fast eine Million EuroIrrsinn in Bonn! Anwohner sollen f\u00fcr Stra\u00dfe blechen, die schon da ist9. September 2025 um 17:50 Uhr<\/p>\n<p class=\"AnnotatedMarkup_paragraph__IUT9l\"><strong>Leben die Anwohner auf einer Stra\u00dfe, die es gar nicht gibt?<\/strong><br \/>Uns erreicht ein Hilferuf aus Bonn \u2013 aus einer eigentlich schon ziemlich gr\u00fcnen Gegend am Rande der Stadt. Aber damit es noch gr\u00fcner wird, sollen die Anwohner jetzt zahlen: und zwar \u00fcber 100.000 Euro. Und das ist noch lange nicht alles!<\/p>\n<p>Stra\u00dfen-Irrsinn in Bonn: Neuerschlie\u00dfung oder Ausbauma\u00dfnahme?<\/p>\n<p class=\"AnnotatedMarkup_paragraph__IUT9l\">Insgesamt fast eine Million Euro sollen die Anwohner der beiden Stra\u00dfen Br\u00f6hlweg und Im Bonnet am Rande von Bonn blechen. Denn neben der neuen Begr\u00fcnung meint die Stadt, dass eine sogenannte Ersterschlie\u00dfung n\u00f6tig sei.<\/p>\n<p class=\"AnnotatedMarkup_paragraph__IUT9l\">F\u00fcr die Anwohner, die zum Teil schon seit mehreren Jahrzehnten hier leben, ein Unding. \u201eStra\u00dfendeckel, Kanalisation, Strom \u2013 alles da\u201d, sagt ein Anwohner. \u201eDann ist die Stra\u00dfe f\u00fcr mich erschlossen.\u201d Und dennoch h\u00e4lt die Stadt jetzt die Hand auf.<\/p>\n<p class=\"AnnotatedMarkup_paragraph__IUT9l\"><strong>Lese-Tipp: <\/strong><a href=\"https:\/\/www.rtl.de\/cms\/bad-herrenalb-anwohner-sollen-200-000-euro-fuer-uralte-strasse-zahlen-5038671.html\" target=\"_self\" rel=\"noopener\">Stra\u00dfe rei\u00dft (Schlag)Loch ins Portmonnaie! Anwohner sollen 200.000 Euro blechen<\/a><\/p>\n<p class=\"AnnotatedMarkup_paragraph__IUT9l\">Dass die Stra\u00dfen dringend erneuert werden m\u00fcssten, da sind sich alle einig. <strong>Doch f\u00fcr eine sogenannte reine Stra\u00dfenausbauma\u00dfnahme d\u00fcrfen Anwohner seit 2024 in NRW nicht mehr zur Kasse gebeten werden, bei einer Ersterschlie\u00dfung m\u00fcssen Anwohner hingegen f\u00fcr 90 Prozent der Kosten aufkommen. <\/strong>F\u00fcr die Betroffenen liege genau darin der Knackpunkt.<\/p>\n<p class=\"AnnotatedMarkup_paragraph__IUT9l\">Wir konfrontieren die Verantwortlichen mit den Vorw\u00fcrfen der Anwohner \u2013 wie reagiert die Stadt Bonn? Und was sagt ein Anw\u00e4rter aufs B\u00fcrgermeisteramt zu den kuriosen Pl\u00e4nen, als er sich pl\u00f6tzlich w\u00e4hrend unserer Dreharbeiten f\u00fcr das Anliegen der Anwohner interessiert?<\/p>\n","protected":false},"excerpt":{"rendered":"Es geht um fast eine Million EuroIrrsinn in Bonn! Anwohner sollen f\u00fcr Stra\u00dfe blechen, die schon da ist9.&hellip;\n","protected":false},"author":2,"featured_media":410399,"comment_status":"","ping_status":"","sticky":false,"template":"","format":"standard","meta":{"footnotes":""},"categories":[1842],"tags":[8326,8327,8325,1741,3364,29,5763,553,247,666,30,141,8198,8007,8321,350,1209,1079,1457,1074,634],"class_list":{"0":"post-410398","1":"post","2":"type-post","3":"status-publish","4":"format-standard","5":"has-post-thumbnail","7":"category-bonn","8":"tag-abnehmen","9":"tag-beauty","10":"tag-besser-leben","11":"tag-bonn","12":"tag-de","13":"tag-deutschland","14":"tag-ernaehrung","15":"tag-familie","16":"tag-fitness","17":"tag-geld","18":"tag-germany","19":"tag-gesundheit","20":"tag-haustiere","21":"tag-horoskope","22":"tag-liebe","23":"tag-mode","24":"tag-nordrhein-westfalen","25":"tag-reisen","26":"tag-rezepte","27":"tag-sparen","28":"tag-strassenverkehr"},"share_on_mastodon":{"url":"https:\/\/pubeurope.com\/@de\/115177268739320191","error":""},"_links":{"self":[{"href":"https:\/\/www.europesays.com\/de\/wp-json\/wp\/v2\/posts\/410398","targetHints":{"allow":["GET"]}}],"collection":[{"href":"https:\/\/www.europesays.com\/de\/wp-json\/wp\/v2\/posts"}],"about":[{"href":"https:\/\/www.europesays.com\/de\/wp-json\/wp\/v2\/types\/post"}],"author":[{"embeddable":true,"href":"https:\/\/www.europesays.com\/de\/wp-json\/wp\/v2\/users\/2"}],"replies":[{"embeddable":true,"href":"https:\/\/www.europesays.com\/de\/wp-json\/wp\/v2\/comments?post=410398"}],"version-history":[{"count":0,"href":"https:\/\/www.europesays.com\/de\/wp-json\/wp\/v2\/posts\/410398\/revisions"}],"wp:featuredmedia":[{"embeddable":true,"href":"https:\/\/www.europesays.com\/de\/wp-json\/wp\/v2\/media\/410399"}],"wp:attachment":[{"href":"https:\/\/www.europesays.com\/de\/wp-json\/wp\/v2\/media?parent=410398"}],"wp:term":[{"taxonomy":"category","embeddable":true,"href":"https:\/\/www.europesays.com\/de\/wp-json\/wp\/v2\/categories?post=410398"},{"taxonomy":"post_tag","embeddable":true,"href":"https:\/\/www.europesays.com\/de\/wp-json\/wp\/v2\/tags?post=410398"}],"curies":[{"name":"wp","href":"https:\/\/api.w.org\/{rel}","templated":true}]}}