{"id":410417,"date":"2025-09-10T01:02:16","date_gmt":"2025-09-10T01:02:16","guid":{"rendered":"https:\/\/www.europesays.com\/de\/410417\/"},"modified":"2025-09-10T01:02:16","modified_gmt":"2025-09-10T01:02:16","slug":"geldwaesche-polizei-bremen-sucht-mit-foto-nach-mutmasslicher-taeterin","status":"publish","type":"post","link":"https:\/\/www.europesays.com\/de\/410417\/","title":{"rendered":"Geldw\u00e4sche: Polizei Bremen sucht mit Foto nach mutma\u00dflicher T\u00e4terin"},"content":{"rendered":"<p>\n            Stand: 09.09.2025 18:21 Uhr<\/p>\n<p>                    <a href=\"https:\/\/images.ndr.de\/image\/1f3d8a12-989b-4ddc-b572-972a8c9f2894\/AAABmS9GWOg\/AAABmKJZ-0g\/16x9-big\/geldwaesche-148.webp?width=576\" class=\"zoomimage\" title=\"Bild vergr\u00f6\u00dfern\" rel=\"nofollow noopener\" target=\"_blank\"><\/p>\n<p>        <img decoding=\"async\" src=\"https:\/\/www.europesays.com\/de\/wp-content\/uploads\/2025\/09\/geldwaesche-148.webp\" alt=\"Die Polizei fahndet nach der Frau wegen des Verdachts der Geldw\u00e4sche\" title=\"Die mutma\u00dfliche T\u00e4terin soll mehrere Konten mit falschen Personalien er\u00f6ffnet und Geld transferiert haben. | Polizei Bremen\" class=\"responsive\" loading=\"lazy\"\/><\/p>\n<p>                    <\/a><\/p>\n<p>                    Die mutma\u00dfliche T\u00e4terin soll mehrere Konten mit falschen Personalien er\u00f6ffnet und Geld transferiert haben.<\/p>\n<p class=\"\">\nDie Staatsanwaltschaft und die Polizei Bremen fahnden nach einer Frau wegen des Verdachts der Geldw\u00e4sche. Sie soll 2024 mit falschen Personalien Konten bei verschiedenen Banken er\u00f6ffnet haben. Wie die Polizei mitteilte, wurde \u00fcber diese Konten Geld aus Straftaten transferiert. Insgesamt soll es um einen vierstelligen Betrag gehen. In den bisherigen Ermittlungen konnte die Frau jedoch nicht identifiziert werden, deshalb fahnden Polizei und Staatsanwaltschaft jetzt mit einem Foto nach der mutma\u00dflichen T\u00e4terin. Wer sie erkennt, oder Hinweise geben kann, kann sich beim Kriminaldauerdienst unter der <strong>Telefonnummer (0421) 362 38 88<\/strong> melden.<\/p>\n<p>        <img decoding=\"async\" src=\"https:\/\/www.europesays.com\/de\/wp-content\/uploads\/2025\/08\/1755775123_551_regionalol100.webp\" alt=\"Blick auf den Lappan, das Wahrzeichen der Stadt Oldenburg.\" title=\"Blick auf den Lappan, das Wahrzeichen der Stadt Oldenburg. | NDR, Julius Matuschik\" class=\"responsive\" loading=\"lazy\"\/><\/p>\n<p>\n                                    8 Min<\/p>\n<p>Was in Ihrer Region wichtig ist, h\u00f6ren Sie in dem Mitschnitt der 15.00 Uhr Regional-Nachrichten auf NDR 1 Niedersachsen.<\/p>\n","protected":false},"excerpt":{"rendered":"Stand: 09.09.2025 18:21 Uhr Die mutma\u00dfliche T\u00e4terin soll mehrere Konten mit falschen Personalien er\u00f6ffnet und Geld transferiert haben.&hellip;\n","protected":false},"author":2,"featured_media":393672,"comment_status":"","ping_status":"","sticky":false,"template":"","format":"standard","meta":{"footnotes":""},"categories":[1824],"tags":[590,2420,3364,29,7142,13692,1562,30,14,15,1411,121],"class_list":{"0":"post-410417","1":"post","2":"type-post","3":"status-publish","4":"format-standard","5":"has-post-thumbnail","7":"category-bremen","8":"tag-aktuell","9":"tag-bremen","10":"tag-de","11":"tag-deutschland","12":"tag-fahndung","13":"tag-foto","14":"tag-geldwaesche","15":"tag-germany","16":"tag-nachrichten","17":"tag-news","18":"tag-niedersachsen","19":"tag-polizei"},"share_on_mastodon":{"url":"https:\/\/pubeurope.com\/@de\/115177307923677413","error":""},"_links":{"self":[{"href":"https:\/\/www.europesays.com\/de\/wp-json\/wp\/v2\/posts\/410417","targetHints":{"allow":["GET"]}}],"collection":[{"href":"https:\/\/www.europesays.com\/de\/wp-json\/wp\/v2\/posts"}],"about":[{"href":"https:\/\/www.europesays.com\/de\/wp-json\/wp\/v2\/types\/post"}],"author":[{"embeddable":true,"href":"https:\/\/www.europesays.com\/de\/wp-json\/wp\/v2\/users\/2"}],"replies":[{"embeddable":true,"href":"https:\/\/www.europesays.com\/de\/wp-json\/wp\/v2\/comments?post=410417"}],"version-history":[{"count":0,"href":"https:\/\/www.europesays.com\/de\/wp-json\/wp\/v2\/posts\/410417\/revisions"}],"wp:featuredmedia":[{"embeddable":true,"href":"https:\/\/www.europesays.com\/de\/wp-json\/wp\/v2\/media\/393672"}],"wp:attachment":[{"href":"https:\/\/www.europesays.com\/de\/wp-json\/wp\/v2\/media?parent=410417"}],"wp:term":[{"taxonomy":"category","embeddable":true,"href":"https:\/\/www.europesays.com\/de\/wp-json\/wp\/v2\/categories?post=410417"},{"taxonomy":"post_tag","embeddable":true,"href":"https:\/\/www.europesays.com\/de\/wp-json\/wp\/v2\/tags?post=410417"}],"curies":[{"name":"wp","href":"https:\/\/api.w.org\/{rel}","templated":true}]}}