{"id":410476,"date":"2025-09-10T01:35:11","date_gmt":"2025-09-10T01:35:11","guid":{"rendered":"https:\/\/www.europesays.com\/de\/410476\/"},"modified":"2025-09-10T01:35:11","modified_gmt":"2025-09-10T01:35:11","slug":"wm-qualifikation-irre-haaland-show-und-tuchels-genugtuung","status":"publish","type":"post","link":"https:\/\/www.europesays.com\/de\/410476\/","title":{"rendered":"WM-Qualifikation: Irre Haaland-Show und Tuchels Genugtuung"},"content":{"rendered":"\n<p>Der n\u00e4chste Gro\u00dfkampftag in der europ\u00e4ischen Qualifikation zur Weltmeisterschaft 2026 hatte am Dienstag wieder einiges zu bieten. Vor allem die Top-Torj\u00e4ger lieferten wieder eine Show. Unter anderem sorgten Harry Kane vom FC Bayern und Ex-BVB-Star Erling Haaland von Manchester City f\u00fcr denkw\u00fcrdige Momente.<\/p>\n<p>Thomas Tuchel hat seinen im Vorfeld der Partie gegen Serbien <a href=\"https:\/\/www.sport.de\/news\/ne13263080\/unreif-und-dumm-scharfe-kritik-an-thomas-tuchel\/\" target=\"_blank\" rel=\"noopener\">durchaus lautstarken Kritikern<\/a>\u00a0erst einmal den Wind aus den Segeln genommen:\u00a0Im sechsten Spiel als Trainer der englischen Auswahl feierte Tuchel seinen sechsten Sieg &#8211; <a href=\"https:\/\/www.sport.de\/fussball\/fifa-wm-quali-europa\/ma10799447\/serbien_england\/liveticker\/\" target=\"_blank\" rel=\"noopener\">ein\u00a0ungef\u00e4hrdetes 5:0<\/a>.<\/p>\n<p>Die Three Lions f\u00fchren die Gruppe K mit der Optimalausbeute von 15 Punkten klar an. An Position zwei folgt Albanien, das sich knapp mit 1:0 gegen Lettland durchsetzte.<\/p>\n<p>Das 1:0 (33.) f\u00fcr England erzielte der englische Rekord-Torj\u00e4ger Harry Kane, der auf eine irre Statistik in Qualifikationsspielen blickt. Der St\u00fcrmer des FC Bayern erzielte in seinem 40. Quali-Einsatz (19 Mal WM-Quali, 21 Mal EM-Quali) sein 44. Tor (21 Mal WM-Quali, 23 Mal EM-Quali).<\/p>\n<p>Ex-BVB-Star Haaland trifft f\u00fcnfmal<\/p>\n<p>Die weiteren Treffer gehen auf die Konten von Noni Madueke (35.) vom FC Arsenal, Ezri Konsa (52.) von Aston Villa, Marc Guehi (75.) von Crystal Palace und Marcus Rashford (90.) vom FC Barcelona.<\/p>\n<p>Das torreichste Spiel des Abends stieg allerdings in Oslo, wo Norwegen Moldawien mit <a href=\"https:\/\/www.sport.de\/fussball\/fifa-wm-quali-europa\/ma10799327\/norwegen_moldau\/aufstellung\/\" target=\"_blank\" rel=\"noopener\">11:1 vom Feld fegte<\/a>. Ex-BVB-Star Erling Haaland war allein f\u00fcnfmal (11., 36., 43., 52., 83.) erfolgreich. Der Angreifer von ManCity steht damit bei 48\u00a0Toren in 45 L\u00e4nderspielen. Thelo Aasgaard (67., 76., 78., 90.) vom Rangers FC aus Glasgow knipste viermal\u00a0<\/p>\n<p>Norge liegt in Gruppe I mit 15 Punkten vor Italien (9 Punkte) an der Spitze.<\/p>\n<p>Stars von BVB und FC Bayern lassen \u00d6sterreich jubeln<\/p>\n<p>Deutlich enger geht es in Gruppe H zu. Nach einem 2:1-Sieg im Spitzenspiel gegen Tabellenf\u00fchrer Bosnien-Herzegowina hat \u00d6sterreich nun ebenfalls zw\u00f6lf Z\u00e4hler und aufgeschlossen. F\u00fcr den \u00d6SV trafen Marcel Sabitzer vom BVB und Bayern-Profi Konrad Laimer, f\u00fcr Bosnien glich Altstar Edin Dzeko zwischenzeitlich aus.<\/p>\n<p>Im Parallelspiel der \u00d6sterreich-Gruppe teilten sich Zypern und Rum\u00e4nien beim 2:2 die Punkte.<\/p>\n<p>Unerwartete Schwierigkeiten hatten mit Portugal und Frankreich hingegen zwei Favoriten.\u00a0<\/p>\n<p>Frankreich drehte ein 0:1 gegen Island vor heimischer Kulisse dank Treffern von Kylian Mbapp\u00e9 (Elfmeter\/45.) und Bradley Barcola\u00a0 (62.) in einen 2:1-Erfolg. Aur\u00e9lien Tchouam\u00e9ni schw\u00e4chte die \u00c9quipe, in dem er in der 67. Minute Rot kassierte. <a href=\"https:\/\/www.sport.de\/fussball\/fifa-wm-quali-europa\/ma10798337\/frankreich_island\/tabelle\/\" target=\"_blank\" rel=\"noopener\">Frankreich h\u00e4lt Island dank des Sieges auch in der Tabelle auf Distanz<\/a>. Die Ukraine und Aserbaidschan trennten sich 1:1 und verbleiben am Ende des Rankings.<\/p>\n<p>Portugal setzte sich nach R\u00fcckstand mit <a href=\"https:\/\/www.sport.de\/fussball\/fifa-wm-quali-europa\/ma10798415\/ungarn_portugal\/liveticker\/\" target=\"_blank\" rel=\"noopener\">3:2\u00a0gegen Ungarn durch<\/a> und behauptete die Tabellenf\u00fchrung vor Armenien, das zuvor Irland 2:1 in die Schranken wies. F\u00fcr das 2:1 (58.) Portugals sorgte einmal mehr Superstar Cristiano Ronaldo vom Elfmeterpunkt.<\/p>\n","protected":false},"excerpt":{"rendered":"Der n\u00e4chste Gro\u00dfkampftag in der europ\u00e4ischen Qualifikation zur Weltmeisterschaft 2026 hatte am Dienstag wieder einiges zu bieten. Vor&hellip;\n","protected":false},"author":2,"featured_media":410477,"comment_status":"","ping_status":"","sticky":false,"template":"","format":"standard","meta":{"footnotes":""},"categories":[136],"tags":[9237,4541,4542,29,3058,156,347,30,5300,12937,3188,845,913,7118,5157,265,863,887,317,501,102557],"class_list":{"0":"post-410476","1":"post","2":"type-post","3":"status-publish","4":"format-standard","5":"has-post-thumbnail","7":"category-sport","8":"tag-albanien","9":"tag-armenien","10":"tag-aserbaidschan","11":"tag-deutschland","12":"tag-england","13":"tag-frankreich","14":"tag-fussball","15":"tag-germany","16":"tag-irland","17":"tag-island","18":"tag-lettland","19":"tag-moldau","20":"tag-norwegen","21":"tag-portugal","22":"tag-serbien","23":"tag-sport","24":"tag-sport-allgemein","25":"tag-top-fussball","26":"tag-ukraine","27":"tag-ungarn","28":"tag-wm-quali-europa"},"share_on_mastodon":{"url":"https:\/\/pubeurope.com\/@de\/115177437423679733","error":""},"_links":{"self":[{"href":"https:\/\/www.europesays.com\/de\/wp-json\/wp\/v2\/posts\/410476","targetHints":{"allow":["GET"]}}],"collection":[{"href":"https:\/\/www.europesays.com\/de\/wp-json\/wp\/v2\/posts"}],"about":[{"href":"https:\/\/www.europesays.com\/de\/wp-json\/wp\/v2\/types\/post"}],"author":[{"embeddable":true,"href":"https:\/\/www.europesays.com\/de\/wp-json\/wp\/v2\/users\/2"}],"replies":[{"embeddable":true,"href":"https:\/\/www.europesays.com\/de\/wp-json\/wp\/v2\/comments?post=410476"}],"version-history":[{"count":0,"href":"https:\/\/www.europesays.com\/de\/wp-json\/wp\/v2\/posts\/410476\/revisions"}],"wp:featuredmedia":[{"embeddable":true,"href":"https:\/\/www.europesays.com\/de\/wp-json\/wp\/v2\/media\/410477"}],"wp:attachment":[{"href":"https:\/\/www.europesays.com\/de\/wp-json\/wp\/v2\/media?parent=410476"}],"wp:term":[{"taxonomy":"category","embeddable":true,"href":"https:\/\/www.europesays.com\/de\/wp-json\/wp\/v2\/categories?post=410476"},{"taxonomy":"post_tag","embeddable":true,"href":"https:\/\/www.europesays.com\/de\/wp-json\/wp\/v2\/tags?post=410476"}],"curies":[{"name":"wp","href":"https:\/\/api.w.org\/{rel}","templated":true}]}}