{"id":410498,"date":"2025-09-10T01:49:41","date_gmt":"2025-09-10T01:49:41","guid":{"rendered":"https:\/\/www.europesays.com\/de\/410498\/"},"modified":"2025-09-10T01:49:41","modified_gmt":"2025-09-10T01:49:41","slug":"zaun-steht-in-essen-auf-fahrradweg","status":"publish","type":"post","link":"https:\/\/www.europesays.com\/de\/410498\/","title":{"rendered":"Zaun steht in Essen auf Fahrradweg"},"content":{"rendered":"<p class=\"small date article__date\">Ver\u00f6ffentlicht:\u00a0Dienstag, 09.09.2025 12:02<\/p>\n<p>Viele Fahrradfahrerinnen und Fahrradfahrer sind in Essen sprachlos. Der Weg, den sie immer gefahren sind, ist pl\u00f6tzlich dicht. Ein gro\u00dfer Zaun steht mitten auf dem Radweg.<\/p>\n<p><img decoding=\"async\" alt=\"\" src=\"https:\/\/www.europesays.com\/de\/wp-content\/uploads\/2025\/09\/image.jpg&#038;crop=128x0x2317x1448&#038;resize=1280x799&#038;dt=202509091237290.jpeg\" data-size=\"1280x799\"\/>\u00a9 Radio EssenDeutsche Bahn stellt Zaun auf Fahrradweg in Essen auf <\/p>\n<p>In Essen-R\u00fcttenscheid sind viele Fahrradfahrer und Fahrradfahrerinnen am Montag (08. September) pl\u00f6tzlich von einem Zaun ausgebremst worden. Auf dem <a href=\"https:\/\/www.radioessen.de\/artikel\/neuer-radweg-in-essen-ist-fertig-1849139.html\" rel=\"noopener noreferrer nofollow\" target=\"_blank\">Rommenh\u00f6ller-Gleis<\/a> ging es nicht mehr weiter. In der N\u00e4he der Sabinastra\u00dfe und der Henri-Dunant-Stra\u00dfe sind zwei Br\u00fccken. Eine geh\u00f6rt laut Stadt Essen der Autobahn GmbH und eine der Deutschen Bahn. Die Bahn m\u00f6chte die Br\u00fccke aber abgeben und aus der Versicherungspflicht rauskommen, so die Stadt weiter. Es laufen schon Gespr\u00e4che dazu. Offenbar geht es der Bahn aber nicht schnell genug. Um das Ganze zu beschleunigen, hat sie den Zaun aufgestellt. Denn: Wo niemand her kommt, muss auch nicht f\u00fcr Sicherheit gesorgt werden. F\u00fcr die Firma FrachtRadler ist der Zaun ein Hindernis, was nicht nur f\u00fcr Umwege sorgt, sondern auch Zeit und Geld kostet, erz\u00e4hlt Roman Ebener im Interview mit Radio Essen-Stadtreporter Eden Bimmermann.<\/p>\n<p>\u00a9 Eden Bimmermann \/ Radio EssenStadt Essen setzte Bahn Frist <\/p>\n<p>Die Stadt Essen sieht diesen Zaun als Verkehrshindernis und als Gefahr an. Sie hat nach eigenen Angaben direkt am Montagabend (08. September) Warnbaken aufgestellt, damit Radfahrer den Zaun im Dunkeln rechtzeitig erkennen. Bis Dienstagmittag (09. September) 12 Uhr lief eine Frist, bis dahin hatte die Deutsche Bahn Zeit den Zaun abzubauen. Das hat sie nicht getan, deswegen hat die Stadt den Zaun am sp\u00e4ten Dienstagnachmittag (09. September) selbst abgebaut. Jetzt ist der Durchgang wieder frei. Am Mittwoch (10. September) wird er noch breiter gemacht, sodass auch zwei Fahrr\u00e4der gleichzeitig durch passen. Laut Stadt steht hier das Zivilrecht \u00fcber dem Eigentumsrecht. Eine \u00f6ffentlich gewidmete Verkehrsfl\u00e4che m\u00fcsse auch frei sein f\u00fcr den \u00f6ffentlichen Verkehr. Die Deutsche Bahn aber sieht sich selbst im Recht. Ob sie rechtlich gegen das Handeln der Stadt vorgehen will, ist noch nicht klar.<\/p>\n<p>Mehr Nachrichten aus Essen <\/p>\n","protected":false},"excerpt":{"rendered":"Ver\u00f6ffentlicht:\u00a0Dienstag, 09.09.2025 12:02 Viele Fahrradfahrerinnen und Fahrradfahrer sind in Essen sprachlos. Der Weg, den sie immer gefahren sind,&hellip;\n","protected":false},"author":2,"featured_media":410499,"comment_status":"","ping_status":"","sticky":false,"template":"","format":"standard","meta":{"footnotes":""},"categories":[1848],"tags":[108582,3275,3364,2030,29,548,663,3934,1234,5980,3658,30,13,14,15,1209,12,9851],"class_list":{"0":"post-410498","1":"post","2":"type-post","3":"status-publish","4":"format-standard","5":"has-post-thumbnail","7":"category-gelsenkirchen","8":"tag-bauzaun","9":"tag-lokalnachrichten","10":"tag-de","11":"tag-deutsche-bahn","12":"tag-deutschland","13":"tag-eu","14":"tag-europa","15":"tag-europe","16":"tag-fahrrad","17":"tag-fahrradweg","18":"tag-gelsenkirchen","19":"tag-germany","20":"tag-headlines","21":"tag-nachrichten","22":"tag-news","23":"tag-nordrhein-westfalen","24":"tag-schlagzeilen","25":"tag-zaun"},"share_on_mastodon":{"url":"https:\/\/pubeurope.com\/@de\/115177492665318420","error":""},"_links":{"self":[{"href":"https:\/\/www.europesays.com\/de\/wp-json\/wp\/v2\/posts\/410498","targetHints":{"allow":["GET"]}}],"collection":[{"href":"https:\/\/www.europesays.com\/de\/wp-json\/wp\/v2\/posts"}],"about":[{"href":"https:\/\/www.europesays.com\/de\/wp-json\/wp\/v2\/types\/post"}],"author":[{"embeddable":true,"href":"https:\/\/www.europesays.com\/de\/wp-json\/wp\/v2\/users\/2"}],"replies":[{"embeddable":true,"href":"https:\/\/www.europesays.com\/de\/wp-json\/wp\/v2\/comments?post=410498"}],"version-history":[{"count":0,"href":"https:\/\/www.europesays.com\/de\/wp-json\/wp\/v2\/posts\/410498\/revisions"}],"wp:featuredmedia":[{"embeddable":true,"href":"https:\/\/www.europesays.com\/de\/wp-json\/wp\/v2\/media\/410499"}],"wp:attachment":[{"href":"https:\/\/www.europesays.com\/de\/wp-json\/wp\/v2\/media?parent=410498"}],"wp:term":[{"taxonomy":"category","embeddable":true,"href":"https:\/\/www.europesays.com\/de\/wp-json\/wp\/v2\/categories?post=410498"},{"taxonomy":"post_tag","embeddable":true,"href":"https:\/\/www.europesays.com\/de\/wp-json\/wp\/v2\/tags?post=410498"}],"curies":[{"name":"wp","href":"https:\/\/api.w.org\/{rel}","templated":true}]}}