{"id":410500,"date":"2025-09-10T01:50:15","date_gmt":"2025-09-10T01:50:15","guid":{"rendered":"https:\/\/www.europesays.com\/de\/410500\/"},"modified":"2025-09-10T01:50:15","modified_gmt":"2025-09-10T01:50:15","slug":"region-profitiert-vom-neuen-kita-paket","status":"publish","type":"post","link":"https:\/\/www.europesays.com\/de\/410500\/","title":{"rendered":"Region profitiert vom neuen Kita-Paket"},"content":{"rendered":"<p>                <a class=\"fancybox\" data-fancybox=\"galerie\" data-caption=\"Vom Kita-Paket der Hessischen Landesregierung profitieren die Kommunen  - Symbolbild: pixabay\" rel=\"on_group nofollow noopener\" title=\"Vom Kita-Paket der Hessischen Landesregierung profitieren die Kommunen  - Symbolbild: pixabay\" href=\"https:\/\/oshessen-news.b-cdn.net\/images\/25\/09\/xl\/11781505-kindergarten-2204239-1280.jpg\" target=\"_blank\"><img decoding=\"async\" class=\"img-responsive\" style=\"width: 728px; margin-top: 0; border:0;\" src=\"https:\/\/www.europesays.com\/de\/wp-content\/uploads\/2025\/09\/11781505-kindergarten-2204239-1280.jpg\" title=\"Vom Kita-Paket der Hessischen Landesregierung profitieren die Kommunen\" onerror=\"imgError(this);\"\/><\/p>\n<p>Vom Kita-Paket der Hessischen Landesregierung profitieren die Kommunen &#8211; Symbolbild: pixabay<\/p>\n<p>\n                    <strong>WIESBADEN<\/strong><br \/>\n                    Reformen vorgestellt\n                <\/p>\n<p>09.09.25 &#8211; <strong>&#8222;Das Kita-Paket der Hessischen Landesregierung macht Kommunen und Tr\u00e4gern vor Ort das Leben leichter&#8220; &#8211; so fasst die CDU-Landtagsabgeordnete Stefanie Klee die angek\u00fcndigten Reformen zusammen, die jetzt in Wiesbaden auf den Weg gebracht wurden. Auch Klee hatte als Fachpolitikerin an den Neuerungen mitgearbeitet.<br \/><\/strong><br \/>Im Kern steht eine umfassende \u00c4nderung des Hessischen Kinder- und Jugendhilfegesetzbuchs (HKJGB), die Kommunen und Kitas flexibler agieren l\u00e4sst: So darf der Anteil nicht-p\u00e4dagogischer Fachkr\u00e4fte k\u00fcnftig von 25 Prozent auf 30 Prozent erh\u00f6ht werden. Neu anerkannt werden z. B. Physio-, Ergo-, Logo- und Motop\u00e4den &#8211; jeweils mit entsprechender Weiterbildung.<\/p>\n<p><a class=\"fancybox\" data-fancybox=\"galerie\" data-caption=\"Die CDU-Landtagsabgeordnete Stefanie Klee\" rel=\"on_group nofollow noopener\" title=\"Die CDU-Landtagsabgeordnete Stefanie Klee\" href=\"https:\/\/oshessen-news.b-cdn.net\/images\/25\/09\/xl\/11781505-11780361-11768834-11751380-990a0712.jpg\" target=\"_blank\"><img decoding=\"async\" class=\"img220 imgh159 imgbdr\" src=\"https:\/\/www.europesays.com\/de\/wp-content\/uploads\/2025\/09\/11781505-11780361-11768834-11751380-990a0712.jpg\"\/><\/a><\/p>\n<p class=\"img-text\">Die CDU-Landtagsabgeordnete Stefanie Klee <\/p>\n<p>Absolventen des Studiengangs &#8222;Sozialmanagement&#8220; k\u00f6nnen nach einer entsprechenden Fortbildung k\u00fcnftig als freigestellte Kita-Leitungen anerkannt werden. Damit sollen Kita-Leitungen entlastet werden. Studienleistungen sollen teilweise durch Fort- oder Weiterbildung ersetzt werden k\u00f6nnen, ein wichtiger Schritt, um engagierte Fachkr\u00e4fte trotz formeller H\u00fcrden z\u00fcgig ins System zu integrieren. Kommunen und Tr\u00e4ger erhalten zudem durch die M\u00f6glichkeit von Modellversuchen mehr Vertrauen und Gestaltungsspielraum, so Klee. &#8222;So k\u00f6nnen in Kita-Teams neue Wege erprobt werden, ohne sofort von der B\u00fcrokratie ausgebremst zu werden&#8220;, betont sie.<\/p>\n<p>Als eine wichtige Ma\u00dfnahme werden die Kita-Assistenzen (nicht-p\u00e4dagogische Helfer) fest etabliert: 950 zus\u00e4tzliche Jahresstellen &#8211; kostenfrei f\u00fcr Tr\u00e4ger und Kommunen \u2013 sind ab 2026 zur Entlastung des p\u00e4dagogischen Personals vorgesehen. Davon werden somit eine Vielzahl an Einrichtungen vor Ort konkret profitieren.<\/p>\n<p>Um all diese Ma\u00dfnahmen umzusetzen, werden im Landeshaushalt j\u00e4hrlich zus\u00e4tzlich 10 Millionen Euro f\u00fcr fr\u00fchkindliche Bildung bereitgestellt. Wichtig sei in diesem Zusammenhang auch die Zusage von Bundesbildungsministerin Karin Prien (CDU), dass aus dem Sonderverm\u00f6gen f\u00fcr Infrastruktur in den Jahren 2026 bis 2029 j\u00e4hrlich 70 Millionen Euro f\u00fcr Neubau und Ausbau von Kitas in Hessen zur Verf\u00fcgung stehen.<\/p>\n<p>&#8222;Das Kita-Paket 2025 steht f\u00fcr Vertrauen in unsere Kommunen: Sie bekommen mehr Freiheiten, um lokal passende L\u00f6sungen zu entwickeln und auszuprobieren. Und dazu kommt: Land und Bund st\u00e4rken die Infrastruktur, damit unsere Kinder r\u00e4umlich und p\u00e4dagogisch die beste Betreuung erhalten. Das sind gute Nachrichten f\u00fcr Familien&#8220;, so Klee.+++<\/p>\n<p><\/p>\n","protected":false},"excerpt":{"rendered":"Vom Kita-Paket der Hessischen Landesregierung profitieren die Kommunen &#8211; Symbolbild: pixabay WIESBADEN Reformen vorgestellt 09.09.25 &#8211; &#8222;Das Kita-Paket&hellip;\n","protected":false},"author":2,"featured_media":410501,"comment_status":"","ping_status":"","sticky":false,"template":"","format":"standard","meta":{"footnotes":""},"categories":[1847],"tags":[6193,6195,3364,29,548,663,3934,6197,6192,30,13,2052,1381,14,6196,15,6194,12,4544],"class_list":{"0":"post-410500","1":"post","2":"type-post","3":"status-publish","4":"format-standard","5":"has-post-thumbnail","7":"category-wiesbaden","8":"tag-alsfeld","9":"tag-bad-hersfeld","10":"tag-de","11":"tag-deutschland","12":"tag-eu","13":"tag-europa","14":"tag-europe","15":"tag-flieden","16":"tag-fulda","17":"tag-germany","18":"tag-headlines","19":"tag-hessen","20":"tag-lauterbach","21":"tag-nachrichten","22":"tag-neuhof","23":"tag-news","24":"tag-osthessen","25":"tag-schlagzeilen","26":"tag-wiesbaden"},"share_on_mastodon":{"url":"https:\/\/pubeurope.com\/@de\/115177496768000478","error":""},"_links":{"self":[{"href":"https:\/\/www.europesays.com\/de\/wp-json\/wp\/v2\/posts\/410500","targetHints":{"allow":["GET"]}}],"collection":[{"href":"https:\/\/www.europesays.com\/de\/wp-json\/wp\/v2\/posts"}],"about":[{"href":"https:\/\/www.europesays.com\/de\/wp-json\/wp\/v2\/types\/post"}],"author":[{"embeddable":true,"href":"https:\/\/www.europesays.com\/de\/wp-json\/wp\/v2\/users\/2"}],"replies":[{"embeddable":true,"href":"https:\/\/www.europesays.com\/de\/wp-json\/wp\/v2\/comments?post=410500"}],"version-history":[{"count":0,"href":"https:\/\/www.europesays.com\/de\/wp-json\/wp\/v2\/posts\/410500\/revisions"}],"wp:featuredmedia":[{"embeddable":true,"href":"https:\/\/www.europesays.com\/de\/wp-json\/wp\/v2\/media\/410501"}],"wp:attachment":[{"href":"https:\/\/www.europesays.com\/de\/wp-json\/wp\/v2\/media?parent=410500"}],"wp:term":[{"taxonomy":"category","embeddable":true,"href":"https:\/\/www.europesays.com\/de\/wp-json\/wp\/v2\/categories?post=410500"},{"taxonomy":"post_tag","embeddable":true,"href":"https:\/\/www.europesays.com\/de\/wp-json\/wp\/v2\/tags?post=410500"}],"curies":[{"name":"wp","href":"https:\/\/api.w.org\/{rel}","templated":true}]}}