{"id":410556,"date":"2025-09-10T02:22:11","date_gmt":"2025-09-10T02:22:11","guid":{"rendered":"https:\/\/www.europesays.com\/de\/410556\/"},"modified":"2025-09-10T02:22:11","modified_gmt":"2025-09-10T02:22:11","slug":"deutsche-eishockey-liga-emotionaler-del-start-aufsteiger-dresden-ohne-chance-3","status":"publish","type":"post","link":"https:\/\/www.europesays.com\/de\/410556\/","title":{"rendered":"Deutsche Eishockey Liga: Emotionaler DEL-Start: Aufsteiger Dresden ohne Chance"},"content":{"rendered":"<p class=\"paragraph article__item\">Die Eisb\u00e4ren Berlin sind furios und emotional in die neue Saison der Deutschen <a class=\"rtr-entity\" href=\"https:\/\/www.zeit.de\/thema\/eishockey\" target=\"_blank\" rel=\"noopener\">Eishockey<\/a> Liga (DEL) gestartet. Am Dienstagabend gewann der deutsche Meister gegen Aufsteiger Dresdner Eisl\u00f6wen mit 6:2 (1:0, 2:1, 3:1). Ty Ronning, Korbinian Geibel, Andreas Eder, Marcel Noebels, Liam Kirk und Blaine Byron sorgten mit ihren Toren f\u00fcr den souver\u00e4nen Heimsieg des Titelverteidiger und erneuten Meisterschaftsfavoriten.\n<\/p>\n<p>Aktuelles<\/p>\n<p>                <a href=\"https:\/\/www.zeit.de\/sport\/2025-08\/bundesliga-1-spieltag-mainz-koeln-moenchengladbach-hamburg\" data-ct-label=\"Bundesliga, 1. Spieltag: HSV spielt unentschieden gegen Gladbach\" target=\"_blank\" rel=\"noopener\"><\/p>\n<p>                        Bundesliga, 1. Spieltag:<br \/>\n                        HSV spielt unentschieden gegen Gladbach<\/p>\n<p>                <\/a><\/p>\n<p>                <a href=\"https:\/\/www.zeit.de\/sport\/2025-08\/bundesliga-saison-mannschaften-trainer-thesen\" data-ct-label=\"Bundesliga-Saison: Der neue Torsch\u00fctzenk\u00f6nig, ein Zauberer und das It-Piece der Saison\" target=\"_blank\" rel=\"noopener\"><\/p>\n<p>        Z+ (abopflichtiger Inhalt);<\/p>\n<p>    Bundesliga-Saison:<br \/>\n                        Der neue Torsch\u00fctzenk\u00f6nig, ein Zauberer und das It-Piece der Saison<\/p>\n<p>                <\/a><\/p>\n<p>                <a href=\"https:\/\/www.zeit.de\/sport\/2025-08\/vfb-stuttgart-fc-bayern-franz-beckenbauer-supercup\" data-ct-label=\"Franz-Beckenbauer-Supercup: Bayern M\u00fcnchen gewinnt zum 11. Mal den Supercup\" target=\"_blank\" rel=\"noopener\"><\/p>\n<p>                        Franz-Beckenbauer-Supercup:<br \/>\n                        Bayern M\u00fcnchen gewinnt zum 11. Mal den Supercup<\/p>\n<p>                <\/a><\/p>\n<p class=\"paragraph article__item\">Emotionaler H\u00f6hepunkt des Spiels war das erste DEL-Tor im Eisb\u00e4ren-Trikot f\u00fcr Andreas Eder in der 34. Minute. Der 29-J\u00e4hrige war im Sommer vom EHC Red Bull M\u00fcnchen zu den Eisb\u00e4ren gewechselt, f\u00fcr die sein Bruder Tobias Eder bis zu seinem Krebs-Tod im Januar diesen Jahres gespielt hatte.\n<\/p>\n<p>        Eder-Tor und Meisterbanner sorgen f\u00fcr emotionalen H\u00f6hepunkt        <\/p>\n<p class=\"paragraph article__item\">Kurz nach diesem Treffer wurde das Meisterbanner vom Titelgewinn Berlins im Fr\u00fchjahr unter das Hallendach gezogen. Den Meisterpokal ziert dabei die Nummer 22, die Tobi Eder auf seinem Trikot trug. W\u00e4hrenddessen erhoben sich die 14.200 Zuschauer in der ausverkauften Arena am Ostbahnhof von ihren R\u00e4ngen. \u00abDas ist etwas ganz Besonderes\u00bb, sagte der derzeit verletzte Eisb\u00e4ren-Kapit\u00e4n Kai Wissmann bei MagentaSport.\n<\/p>\n<p class=\"paragraph article__item\">\u00a9 dpa-infocom, dpa:250909-930-17310\/1<\/p>\n","protected":false},"excerpt":{"rendered":"Die Eisb\u00e4ren Berlin sind furios und emotional in die neue Saison der Deutschen Eishockey Liga (DEL) gestartet. Am&hellip;\n","protected":false},"author":2,"featured_media":410557,"comment_status":"","ping_status":"","sticky":false,"template":"","format":"standard","meta":{"footnotes":""},"categories":[1835],"tags":[3364,2097,2091,29,2386,6216,52302,2098,2100,30,20979,15,859,2094],"class_list":{"0":"post-410556","1":"post","2":"type-post","3":"status-publish","4":"format-standard","5":"has-post-thumbnail","7":"category-dresden","8":"tag-de","9":"tag-del","10":"tag-deutsche-eishockey-liga","11":"tag-deutschland","12":"tag-dresden","13":"tag-dresdner-eisloewen","14":"tag-eder","15":"tag-eisbaeren-berlin","16":"tag-eishockey","17":"tag-germany","18":"tag-korbinian-geibel","19":"tag-news","20":"tag-sachsen","21":"tag-ty-ronning"},"share_on_mastodon":{"url":"https:\/\/pubeurope.com\/@de\/115177622485484973","error":""},"_links":{"self":[{"href":"https:\/\/www.europesays.com\/de\/wp-json\/wp\/v2\/posts\/410556","targetHints":{"allow":["GET"]}}],"collection":[{"href":"https:\/\/www.europesays.com\/de\/wp-json\/wp\/v2\/posts"}],"about":[{"href":"https:\/\/www.europesays.com\/de\/wp-json\/wp\/v2\/types\/post"}],"author":[{"embeddable":true,"href":"https:\/\/www.europesays.com\/de\/wp-json\/wp\/v2\/users\/2"}],"replies":[{"embeddable":true,"href":"https:\/\/www.europesays.com\/de\/wp-json\/wp\/v2\/comments?post=410556"}],"version-history":[{"count":0,"href":"https:\/\/www.europesays.com\/de\/wp-json\/wp\/v2\/posts\/410556\/revisions"}],"wp:featuredmedia":[{"embeddable":true,"href":"https:\/\/www.europesays.com\/de\/wp-json\/wp\/v2\/media\/410557"}],"wp:attachment":[{"href":"https:\/\/www.europesays.com\/de\/wp-json\/wp\/v2\/media?parent=410556"}],"wp:term":[{"taxonomy":"category","embeddable":true,"href":"https:\/\/www.europesays.com\/de\/wp-json\/wp\/v2\/categories?post=410556"},{"taxonomy":"post_tag","embeddable":true,"href":"https:\/\/www.europesays.com\/de\/wp-json\/wp\/v2\/tags?post=410556"}],"curies":[{"name":"wp","href":"https:\/\/api.w.org\/{rel}","templated":true}]}}