{"id":410561,"date":"2025-09-10T02:25:19","date_gmt":"2025-09-10T02:25:19","guid":{"rendered":"https:\/\/www.europesays.com\/de\/410561\/"},"modified":"2025-09-10T02:25:19","modified_gmt":"2025-09-10T02:25:19","slug":"tup-theaterfest-in-und-um-aalto-theater-und-philharmonie-theater-und-philharmonie-essen-gmbh-story","status":"publish","type":"post","link":"https:\/\/www.europesays.com\/de\/410561\/","title":{"rendered":"TUP-Theaterfest in und um Aalto-Theater und Philharmonie, Theater und Philharmonie Essen GmbH, Story"},"content":{"rendered":"<p>Zur Er\u00f6ffnung der neuen Spielzeit feiert die Theater und Philharmonie Essen (TUP) wieder das beliebte\u00a0<b>TUP-Theaterfest<\/b>\u00a0mit allen Sparten und nimmt das Publikum mit in die Welt des Theaters, des Balletts und der Musik. Am\u00a0<b>Sonntag, 14. September 2025, ab 13:00 Uhr<\/b>\u00a0in und um\u00a0<b>Aalto-Theater<\/b>\u00a0und\u00a0<b>Philharmonie Essen<\/b>\u00a0bietet der Tag bei\u00a0<b>freiem Eintritt<\/b>\u00a0Einblicke in die Programme des Aalto Musiktheaters, des Aalto Ballett Essen, der Essener Philharmoniker, der Philharmonie Essen und des Schauspiel Essen.<\/p>\n<p>Auf der B\u00fchne des<b>\u00a0Aalto-Theaters<\/b>\u00a0pr\u00e4sentiert sich die Ballett-Compagnie bei einem \u00f6ffentlichen Training, eine Technikshow zeigt die Einsatzm\u00f6glichkeiten der gro\u00dfen Theaterb\u00fchne, und unter dem Motto \u201eSpielzeitfunken\u201c geben das Musiktheater, die Philharmoniker, die Philharmonie und das Schauspiel Einblicke mit kleinen Szenen und musikalischen Beitr\u00e4gen unterhaltsame Einblicke in das Programm der neuen Spielzeit. Im Foyer darf sich das Publikum auf Kammermusik der Essener Philharmoniker, eine \u00f6ffentliche Gesangsprobe, eine Kost\u00fcmausstellung sowie einen Verkauf aus dem Maskenfundus freuen. Einen Blick hinter die Kulissen bietet ein Rundparcours durch das Opernhaus.<\/p>\n<p>In der benachbarten\u00a0<b>Philharmonie<\/b>\u00a0gibt es abwechslungsreiche Konzerte unter anderem mit dem Aalto Kinderchor, mit dem Philharmonischen Chor Essen, dem Schlagzeugensemble SPLASH sowie mit verschiedenen Orchestern der Stadt. Orgelfans haben die Gelegenheit, die gro\u00dfe Konzertorgel im Alfried Krupp Saal kennenzulernen. Live im Gespr\u00e4ch zu erleben sind die Intendant*innen der TUP.<\/p>\n<p>Auf einer\u00a0<b>Au\u00dfenb\u00fchne<\/b>\u00a0<b>im Stadtgarten<\/b>\u00a0folgen nach einem Warm-Up mit Hexe Kleinlaut Jazzkonzerte sowie ein buntes Programm des Musiktheaters und des Schauspiels. Ebenfalls auf dem Au\u00dfengel\u00e4nde pr\u00e4sentiert das Schauspiel die neue Produktion \u201e500 Meter\u201c, und auf dem B\u00fccherflohmarkt l\u00e4sst sich sicher das eine oder andere Schn\u00e4ppchen machen.<\/p>\n<p>Ein vielf\u00e4ltiges und spannendes Angebot wartet auf die\u00a0<b>kleinen G\u00e4ste<\/b>: Kinder sind zu Vorlesestunden mit Schauspieler*innen eingeladen, k\u00f6nnen Instrumente ausprobieren, sich schminken lassen, bei einer Kindermalstation kreativ werden oder bei einem Tanzworkshop und einer Schnitzeljagd mitmachen. Nat\u00fcrlich kommt auch die\u00a0<b>Kulinarik<\/b>\u00a0nicht zu kurz \u2013 unter anderem beim traditionellen Kuchenbuffet der Essener Philharmoniker und allerlei weiteren Speisen und Getr\u00e4nken.<\/p>\n<p>Nur an diesem Tag h\u00e4lt die TUP ein\u00a0<b>exklusives Ticket-Angebot<\/b>\u00a0bereit: F\u00fcr nahezu alle Eigenveranstaltungen bis zum 30. Dezember 2025 sind Eintrittskarten mit einem Rabatt von 20 % erh\u00e4ltlich (Kassen in der Philharmonie und im Aalto-Theater).<\/p>\n<p>Das Theaterfest endet gegen 20:00 Uhr.<\/p>\n","protected":false},"excerpt":{"rendered":"Zur Er\u00f6ffnung der neuen Spielzeit feiert die Theater und Philharmonie Essen (TUP) wieder das beliebte\u00a0TUP-Theaterfest\u00a0mit allen Sparten und&hellip;\n","protected":false},"author":2,"featured_media":410562,"comment_status":"","ping_status":"","sticky":false,"template":"","format":"standard","meta":{"footnotes":""},"categories":[1834],"tags":[52836,108585,16104,3364,29,3688,24336,1221,30,1114,8276,4006,810,1209,4983,40022,13693,94,108586],"class_list":{"0":"post-410561","1":"post","2":"type-post","3":"status-publish","4":"format-standard","5":"has-post-thumbnail","7":"category-essen","8":"tag-aalto","9":"tag-alfried","10":"tag-ballett","11":"tag-de","12":"tag-deutschland","13":"tag-essen","14":"tag-essener","15":"tag-gaeste","16":"tag-germany","17":"tag-kinder","18":"tag-krupp","19":"tag-live","20":"tag-musik","21":"tag-nordrhein-westfalen","22":"tag-philharmonie","23":"tag-philharmoniker","24":"tag-splash","25":"tag-theater","26":"tag-tup"},"share_on_mastodon":{"url":"https:\/\/pubeurope.com\/@de\/115177634192495888","error":""},"_links":{"self":[{"href":"https:\/\/www.europesays.com\/de\/wp-json\/wp\/v2\/posts\/410561","targetHints":{"allow":["GET"]}}],"collection":[{"href":"https:\/\/www.europesays.com\/de\/wp-json\/wp\/v2\/posts"}],"about":[{"href":"https:\/\/www.europesays.com\/de\/wp-json\/wp\/v2\/types\/post"}],"author":[{"embeddable":true,"href":"https:\/\/www.europesays.com\/de\/wp-json\/wp\/v2\/users\/2"}],"replies":[{"embeddable":true,"href":"https:\/\/www.europesays.com\/de\/wp-json\/wp\/v2\/comments?post=410561"}],"version-history":[{"count":0,"href":"https:\/\/www.europesays.com\/de\/wp-json\/wp\/v2\/posts\/410561\/revisions"}],"wp:featuredmedia":[{"embeddable":true,"href":"https:\/\/www.europesays.com\/de\/wp-json\/wp\/v2\/media\/410562"}],"wp:attachment":[{"href":"https:\/\/www.europesays.com\/de\/wp-json\/wp\/v2\/media?parent=410561"}],"wp:term":[{"taxonomy":"category","embeddable":true,"href":"https:\/\/www.europesays.com\/de\/wp-json\/wp\/v2\/categories?post=410561"},{"taxonomy":"post_tag","embeddable":true,"href":"https:\/\/www.europesays.com\/de\/wp-json\/wp\/v2\/tags?post=410561"}],"curies":[{"name":"wp","href":"https:\/\/api.w.org\/{rel}","templated":true}]}}