{"id":410579,"date":"2025-09-10T02:34:14","date_gmt":"2025-09-10T02:34:14","guid":{"rendered":"https:\/\/www.europesays.com\/de\/410579\/"},"modified":"2025-09-10T02:34:14","modified_gmt":"2025-09-10T02:34:14","slug":"tischtennis-sportbund-stuttgart-vorfreude-auf-das-grosse-abenteuer","status":"publish","type":"post","link":"https:\/\/www.europesays.com\/de\/410579\/","title":{"rendered":"Tischtennis: Sportbund Stuttgart: Vorfreude auf das \u201egro\u00dfe Abenteuer\u201c"},"content":{"rendered":"<p>Der DJK Sportbund Stuttgart startet zum ersten Mal mit einem Frauenteam in der zweiten Liga. Wie viel die Saison kostet und auf welchem Neuzugang die gr\u00f6\u00dften Hoffnungen ruhen.<\/p>\n<p>Am Sonntag um 13 Uhr ist es soweit: Mit einem Heimspiel ausgerechnet gegen den sechsmaligen Europapokalsieger, achtmaligen deutschen Meister und haushohen Titelfavoriten TTC Langweid starten die Tischtennis-Frauen des DJK Sportbund Stuttgart in die erste Zweitligasaison ihrer Vereinsgeschichte. Zwar waren die M\u00e4nner des Clubs in den 1950er- und 1960er-Jahren sogar erstklassig und spielten sp\u00e4ter insgesamt sieben Jahre in der zweiten Liga (zuletzt 2012). Im weiblichen Bereich wird nun aber ein ganz neues Kapitel aufgeschlagen, nachdem die Verantwortlichen nach Platz eins in der dritten Liga S\u00fcd und kurzem Z\u00f6gern entschieden haben, das Aufstiegsrecht wahrzunehmen.<\/p>\n<p> \u201eDas wird ein gro\u00dfes Abenteuer, aber eines, auf das wir uns riesig freuen\u201c, sagt Thomas Walter, der sportliche Leiter und seit mehreren Jahrzehnten Macher in der Abteilung. F\u00fcr die Premierensaison im aus zehn Mannschaften von Bayern bis Niedersachsen bundesweit eingleisigen Unterhaus sehen sich er und die Seinen durchaus ger\u00fcstet. Zumindest insofern, dass der angepeilte Klassenverbleib als realistisches Ziel erscheint. Mittelfristig soll eine Etablierung auf dieser Leistungsebene gelingen, die mit einem Etat im unteren f\u00fcnfstelligen Euro-Bereich f\u00fcr den Sportbund auch gut zu finanzieren ist. \u201eWir wollen eine h\u00f6herklassige Anlaufstelle f\u00fcr weibliche Talente aus dem gesamten Gro\u00dfraum Stuttgart sein, die ihre Zukunft im Leistungssport sehen\u201c, sagt Walter. Irgendwann gar in die erste Liga zu kommen, hielte er dabei f\u00fcr Utopie. \u201eDaf\u00fcr m\u00fcssten wir unser Budget vervier- bis verf\u00fcnffachen\u201c, wei\u00df er. Das sei \u201eextrem unrealistisch\u201c und auch gar nicht gewollt. <\/p>\n<p> In seiner jetzigen Spielklasse sollte der Aufsteiger aber gut mithalten k\u00f6nnen, auch wenn sich das Toptalent Elisa Nguyen in der Sommerpause zum Erstligisten TTC Weinheim verabschiedet hat. Die 16-J\u00e4hrige, die im vergangenen Herbst <a href=\"https:\/\/www.stuttgarter-nachrichten.de\/inhalt.tischtennis-talent-elisa-nguyen-schon-mit-15-jahren-bei-der-em-am-start.ec94aef1-ae81-43ae-8043-339a01e7b592.html\" target=\"_blank\" rel=\"nofollow noopener\">sogar schon bei der Europameisterschaft der Frauen im Einsatz war<\/a>, war schlicht nicht zu halten, gleichwohl der Gang in die zweite Liga urspr\u00fcnglich gerade f\u00fcr sie als optimale Entwicklungsm\u00f6glichkeit gedacht war. <\/p>\n<p>\u201eWir werden auch in den n\u00e4chsten Jahren vorwiegend ein Entwicklungsverein sein\u201c, sagt Walter und denkt dabei an Fatme El Haj Ibrahim (16) und Lana Rack (17), die schon zum Aufstiegsteam geh\u00f6rten, Letztere als Einspringerin, wenn aus der Stammvier jemand fehlte. Sie erhalten durch die 19-j\u00e4hrige Amelie Fischer vom bisherigen Ligarivalen TTC S\u00fc\u00dfen nun weiteren jungen Zuwachs.<\/p>\n<p> Allein mit talentierten Teenagern w\u00fcrde es allerdings schwierig werden. Entsprechend wird das vorderen Paarkreuz k\u00fcnftig von zwei erfahrenen Kr\u00e4ften gebildet, die rein altersttechnisch durchaus die M\u00fctter ihrer Teamkolleginnen sein k\u00f6nnten: Alexandra Schankula (vergangene Saison mit 27 Siegen in 33 Drittliga-Einzeln) und Mitsuki Yoshida bringen jede Menge Erstliga-Erfahrung an die Platte. Beide sind 41. Gemeinsam spielten sie mehrere Jahre f\u00fcr die SV B\u00f6blingen im nationalen Oberhaus. Aus dieser Zeit kannte und empfahl Schankula dann auch die Japanerin. Jene war zuletzt in Tschechien aktiv, spielte f\u00fcr Zagreb aber auch schon im Europapokal. \u201eSie lebt schon seit mehreren Jahren in Kornwestheim, und jetzt haben wir es geschafft, sie f\u00fcr die n\u00e4chsten Jahren an unseren Verein zu binden\u201c, sagt Walter.<\/p>\n<p> Yoshida wird beim Sportbund einen 18-monatigen Bundesfreiwilligendienst absolvieren und zudem als Jugendtrainerin t\u00e4tig sein, vorwiegend im weiblichen Bereich. Hei\u00dft: Sie ist die komplette Woche da und reist nicht nur zu den Punktspielen an, wie dies viele ausl\u00e4ndische Spitzenspielerinnen in der Bundesliga praktizieren. <\/p>\n<p>\u201eBeim Blick auf die angegebenen Leistungsst\u00e4rken und auch die finanziellen M\u00f6glichkeiten gibt es mehrere Mannschaften, die definitiv vor uns landen werden. Ein Schicksal wie Sch\u00f6nm\u00fcnzach werden wir aber nicht erleiden; da bin ich mir auch sicher\u201c, sagt Thomas Walter. Die Schwarzw\u00e4lderinnen haben die vergangene Saison in der zweiten Liga mit nur einem Sieg und 17 Niederlagen beendet. <\/p>\n<p> Eckdaten <\/p>\n<p class=\"infobox\"> <strong>Zug\u00e4nge<\/strong><br \/>Mitsuki Yoshida (Tschechien), Amelie Fischer (TTC S\u00fc\u00dfen).<\/p>\n<p class=\"infobox\"> <strong>Abg\u00e4nge<\/strong><br \/>Elisa Nguyen (TTC Weinheim), Rhea Zhu Chen (TTC Bietigheim-Bissingen).<\/p>\n<p class=\"infobox\"> <strong>Kader<\/strong><br \/>1. Alexandra Schankula, 2. Mitsuki Yoshida, 3. Amelie Fischer, 4. Fatme El-Haj Ibrahim, 5. Lana Rack. <\/p>\n<p class=\"infobox\"> <strong>Trainer<\/strong><br \/>Andras Krenhardt (2. Saison).<\/p>\n<p class=\"infobox\"> <strong>Spielst\u00e4tte<\/strong><br \/>Sporthalle Nord, Werner-Siemens-Schule (Heilbronner Stra\u00dfe 157, 70191 Stuttgart).<\/p>\n<p class=\"infobox\"> <strong>Saisonziel<\/strong><br \/>Klassenverbleib (Platzierung in der vergangenen Saison: 1.\u2009dritte Liga S\u00fcd).<\/p>\n<p class=\"infobox\"> <strong>Meistertipp<\/strong><br \/>TTC Langweid.<\/p>\n","protected":false},"excerpt":{"rendered":"Der DJK Sportbund Stuttgart startet zum ersten Mal mit einem Frauenteam in der zweiten Liga. Wie viel die&hellip;\n","protected":false},"author":2,"featured_media":410580,"comment_status":"","ping_status":"","sticky":false,"template":"","format":"standard","meta":{"footnotes":""},"categories":[1830],"tags":[1634,3364,29,108587,30,3377,84597,1441,784,6667],"class_list":{"0":"post-410579","1":"post","2":"type-post","3":"status-publish","4":"format-standard","5":"has-post-thumbnail","7":"category-stuttgart","8":"tag-baden-wuerttemberg","9":"tag-de","10":"tag-deutschland","11":"tag-djk-sportbund-stuttgart","12":"tag-germany","13":"tag-saisonstart","14":"tag-saisonvorschau","15":"tag-stuttgart","16":"tag-zweite-bundesliga","17":"tag-zweite-liga"},"share_on_mastodon":{"url":"https:\/\/pubeurope.com\/@de\/115177669682140955","error":""},"_links":{"self":[{"href":"https:\/\/www.europesays.com\/de\/wp-json\/wp\/v2\/posts\/410579","targetHints":{"allow":["GET"]}}],"collection":[{"href":"https:\/\/www.europesays.com\/de\/wp-json\/wp\/v2\/posts"}],"about":[{"href":"https:\/\/www.europesays.com\/de\/wp-json\/wp\/v2\/types\/post"}],"author":[{"embeddable":true,"href":"https:\/\/www.europesays.com\/de\/wp-json\/wp\/v2\/users\/2"}],"replies":[{"embeddable":true,"href":"https:\/\/www.europesays.com\/de\/wp-json\/wp\/v2\/comments?post=410579"}],"version-history":[{"count":0,"href":"https:\/\/www.europesays.com\/de\/wp-json\/wp\/v2\/posts\/410579\/revisions"}],"wp:featuredmedia":[{"embeddable":true,"href":"https:\/\/www.europesays.com\/de\/wp-json\/wp\/v2\/media\/410580"}],"wp:attachment":[{"href":"https:\/\/www.europesays.com\/de\/wp-json\/wp\/v2\/media?parent=410579"}],"wp:term":[{"taxonomy":"category","embeddable":true,"href":"https:\/\/www.europesays.com\/de\/wp-json\/wp\/v2\/categories?post=410579"},{"taxonomy":"post_tag","embeddable":true,"href":"https:\/\/www.europesays.com\/de\/wp-json\/wp\/v2\/tags?post=410579"}],"curies":[{"name":"wp","href":"https:\/\/api.w.org\/{rel}","templated":true}]}}