{"id":410630,"date":"2025-09-10T03:01:18","date_gmt":"2025-09-10T03:01:18","guid":{"rendered":"https:\/\/www.europesays.com\/de\/410630\/"},"modified":"2025-09-10T03:01:18","modified_gmt":"2025-09-10T03:01:18","slug":"dhl-bote-pruegelte-paerchen-nieder-jetzt-spricht-der-21-jaehrige","status":"publish","type":"post","link":"https:\/\/www.europesays.com\/de\/410630\/","title":{"rendered":"DHL-Bote pr\u00fcgelte P\u00e4rchen nieder \u2013 jetzt spricht der 21-J\u00e4hrige"},"content":{"rendered":"<p>DHL-Fahrer nach Attacke entlassen <\/p>\n<p>Er pr\u00fcgelte auf ein P\u00e4rchen ein \u2013 jetzt bittet er um Spenden<\/p>\n<ul class=\"grid grid-flow-col gap-4\" aria-label=\"Autorenbilder\">\n<li class=\"leading-0\"><img data-tb-author-image=\"\"  loading=\"lazy\" src=\"https:\/\/www.europesays.com\/de\/wp-content\/uploads\/2025\/09\/1757473277_933_image.jpg\" alt=\"\" title=\"\" width=\"40\" height=\"40\" class=\"\" decoding=\"async\"\/><\/li>\n<\/ul>\n<p>09.09.2025 &#8211; 16:54 UhrLesedauer: 3 Min.<\/p>\n<p><a href=\"#focus-0\" class=\"transition-colors duration-200 focus-within:text-magenta block text-current relative\" data-sctrack=\"FocusGalleryImage.Reference\"><img fetchpriority=\"high\" data-testid=\"Opener.Image\" style=\"--lqipURL:url('https:\/\/images.t-online.de\/2025\/09\/8TzgqSr6PgDA\/0x0:720x405\/fit-in\/150x0\/filters:blur(25)\/image.webp')\"   loading=\"eager\" src=\"https:\/\/www.europesays.com\/de\/wp-content\/uploads\/2025\/09\/1757473277_433_image.webp.webp\" alt=\"Koray G.: Der Paketbote wurde nach seiner Pr\u00fcgel-Attacke entlassen. Jetzt meldet er sich via Spendenaufruf zu Wort.\" title=\"Koray G.: Der Paketbote wurde nach seiner Pr\u00fcgel-Attacke entlassen. Jetzt meldet er sich via Spendenaufruf zu Wort.\" width=\"720\" height=\"405\" class=\"bg-[url:var(--lqipURL)] bg-cover bg-center flex h-full w-full max-w-full\" decoding=\"async\"\/><img style=\"--width:32;--height:32\" loading=\"lazy\" src=\"https:\/\/www.t-online.de\/s\/paper\/_next\/static\/media\/zoom-in.f7dae02f.svg\" alt=\"Vergr\u00f6\u00dfern des Bildes\" title=\"Vergr\u00f6\u00dfern des Bildes\" class=\"block h-[calc(var(--height)_\/_16_*_1rem)] w-[calc(var(--width)_\/_16_*_1rem)] max-w-none absolute bottom-8 right-8 rounded-4 bg-snow p-8\" decoding=\"async\"\/><\/a><\/p>\n<p>Koray G.: Der Paketbote wurde nach seiner Pr\u00fcgel-Attacke entlassen. Jetzt meldet er sich via Spendenaufruf zu Wort. (Quelle: Screenshot GoFundMe)<\/p>\n<p class=\"font-bold text-18 leading-17\">Ein Streit wegen eines angeblich falsch geparkten DHL-Autos endete mit Faustschl\u00e4gen. Ein Paketbote verlor deswegen seinen Job. Jetzt \u00e4u\u00dfert sich der Mann zu Wort.<\/p>\n<p class=\"text-18 leading-17\">Nachdem gegen einen pr\u00fcgelnden DHL-Boten aus dem Ruhrgebiet Ermittlungen wegen gef\u00e4hrlicher K\u00f6rperverletzung eingeleitet worden waren, hat sich der Bote nun selbst zu Wort gemeldet \u2013 via Spendenaufruf auf der Seite &#8222;GoFundMe&#8220;. Dem 21-J\u00e4hrigen wird vorgeworfen, Anfang August in <a class=\"transition-colors duration-200 cursor-pointer text-inherit no-underline text-salemsfur md:hover:text-magenta md:hover:border-magenta md:focus:text-magenta border-current border-b border-solid break-words\" href=\"https:\/\/www.t-online.de\/themen\/herne\/\" data-sctrack=\"BodyAnchor\" rel=\"nofollow noopener\" target=\"_blank\">Herne<\/a> auf ein P\u00e4rchen eingeschlagen zu haben. Jetzt bittet der Angreifer um Spenden, um m\u00f6gliche Prozesskosten und etwaige Schmerzensgeldforderungen bezahlen zu k\u00f6nnen.<\/p>\n<p class=\"text-18 leading-17\">&#8222;Hallo, ich bin Koray&#8220;, beginnt der am Montag ver\u00f6ffentlichte Spendenaufruf. Sein Leben habe sich seit dem Vorfall &#8222;komplett ver\u00e4ndert&#8220;. Bisher sind \u00fcber den Spendenlink rund 200 Euro zusammengekommen. Das Geld diene dazu, &#8222;mich in dieser schwierigen Zeit zu unterst\u00fctzen&#8220;, so Koray G. &#8222;Danke an jeden einzelnen von euch&#8220;. Nach t-online-Informationen ist die Kampagne authentisch und als echt einzuordnen. Auch der Polizei ist der Aufruf bekannt.<\/p>\n<p class=\"text-18 leading-17\">Auf TikTok \u00e4u\u00dferte sich der 21-J\u00e4hrige ebenfalls. Allerdings k\u00f6nne er zum Vorfall selbst &#8222;nichts sagen&#8220;. Das Verfahren laufe noch. Er habe viel Unterst\u00fctzung erhalten, das mache ihn &#8222;sprachlos&#8220;. Am Dienstag hatte G. auf TikTok bereits 130.000 Follower.<\/p>\n<p class=\"text-18 leading-17\">Der Fall hatte Ende August in den sozialen Medien Aufsehen erregt: Wie Videoaufnahmen, die auf der Plattform X geteilt wurden, zeigen, gibt es zun\u00e4chst ein Wortgefecht. Das P\u00e4rchen hatte sich laut Polizei \u00fcber das aus seiner Sicht falsch geparkte DHL-Fahrzeug aufgeregt. Nach anhaltenden verbalen Provokationen des Paares versetzt Koray G. der Frau schlie\u00dflich mit voller Wucht einen Faustschlag ins Gesicht, wie auf den Videos zu sehen ist. In den Aufnahmen behauptet er, Boxer zu sein.<\/p>\n<p>Video | NRW: DHL-Fahrer geht auf Paar los<\/p>\n<p><img style=\"--width:32;--height:32\" loading=\"lazy\" src=\"https:\/\/www.t-online.de\/s\/paper\/_next\/static\/media\/loading-indicator-video.1f35d8de.svg\" alt=\"Video l\u00e4dt\" title=\"Video l\u00e4dt\" class=\"block h-[calc(var(--height)_\/_16_*_1rem)] w-[calc(var(--width)_\/_16_*_1rem)] max-w-none undefined\" decoding=\"async\"\/>Player wird geladenQuelle: t-online<\/p>\n<p class=\"text-18 leading-17\">Immer wieder setzt er nach und geht dann auch auf ihren Mann los, der seine Frau sch\u00fctzen will. Die Aufnahmen zeigen, wie der 54-J\u00e4hrige nach Schl\u00e4gen \u00fcber eine Hecke st\u00fcrzt. Auch eine Augenzeugin, die die Eskalation aus einem Dachfenster von der gegen\u00fcberliegenden Stra\u00dfenseite filmt, wird den Bildern zufolge von dem Mann bedroht.<\/p>\n<p class=\"text-18 leading-17\">Das Paar sei durch die Schl\u00e4ge leicht verletzt worden. Der 21-J\u00e4hrige soll laut Polizei bereits wegen K\u00f6rperverletzung, Diebstahls und Sachbesch\u00e4digung polizeibekannt sein.<\/p>\n<p class=\"text-18 leading-17\">Zum aktuellen Stand der Ermittlungen sagte ein Sprecher der zust\u00e4ndigen Bochumer Polizei t-online am Dienstag, das Verfahren laufe noch. Es werde wegen gef\u00e4hrlicher K\u00f6rperverletzung ermittelt. Viele Zeugen m\u00fcssten vernommen werden, das k\u00f6nne &#8222;mehrere Wochen dauern&#8220;. Der DHL-Bote selbst habe sich nach den Informationen des Sprechers bei der Polizei bisher nicht zur Sache ge\u00e4u\u00dfert.<\/p>\n","protected":false},"excerpt":{"rendered":"DHL-Fahrer nach Attacke entlassen Er pr\u00fcgelte auf ein P\u00e4rchen ein \u2013 jetzt bittet er um Spenden 09.09.2025 &#8211;&hellip;\n","protected":false},"author":2,"featured_media":410631,"comment_status":"","ping_status":"","sticky":false,"template":"","format":"standard","meta":{"footnotes":""},"categories":[2],"tags":[1434,513,296,29,10076,24766,30,13,2476,22005,108588,682,474,14,15,18717,121,3856,12,11032,42121,226,151,10,8,9,11,4028],"class_list":{"0":"post-410630","1":"post","2":"type-post","3":"status-publish","4":"format-standard","5":"has-post-thumbnail","7":"category-deutschland","8":"tag-1434","9":"tag-auto","10":"tag-berlin","11":"tag-deutschland","12":"tag-dhl","13":"tag-faustschlag","14":"tag-germany","15":"tag-headlines","16":"tag-heidelberg","17":"tag-herne","18":"tag-koray-g","19":"tag-koerperverletzung","20":"tag-mallorca","21":"tag-nachrichten","22":"tag-news","23":"tag-paerchen","24":"tag-polizei","25":"tag-ruhrgebiet","26":"tag-schlagzeilen","27":"tag-spende","28":"tag-spendenaufruf","29":"tag-t-online","30":"tag-tiktok","31":"tag-top-news","32":"tag-top-meldungen","33":"tag-topmeldungen","34":"tag-topnews","35":"tag-unwetter"},"share_on_mastodon":{"url":"https:\/\/pubeurope.com\/@de\/115177776093259275","error":""},"_links":{"self":[{"href":"https:\/\/www.europesays.com\/de\/wp-json\/wp\/v2\/posts\/410630","targetHints":{"allow":["GET"]}}],"collection":[{"href":"https:\/\/www.europesays.com\/de\/wp-json\/wp\/v2\/posts"}],"about":[{"href":"https:\/\/www.europesays.com\/de\/wp-json\/wp\/v2\/types\/post"}],"author":[{"embeddable":true,"href":"https:\/\/www.europesays.com\/de\/wp-json\/wp\/v2\/users\/2"}],"replies":[{"embeddable":true,"href":"https:\/\/www.europesays.com\/de\/wp-json\/wp\/v2\/comments?post=410630"}],"version-history":[{"count":0,"href":"https:\/\/www.europesays.com\/de\/wp-json\/wp\/v2\/posts\/410630\/revisions"}],"wp:featuredmedia":[{"embeddable":true,"href":"https:\/\/www.europesays.com\/de\/wp-json\/wp\/v2\/media\/410631"}],"wp:attachment":[{"href":"https:\/\/www.europesays.com\/de\/wp-json\/wp\/v2\/media?parent=410630"}],"wp:term":[{"taxonomy":"category","embeddable":true,"href":"https:\/\/www.europesays.com\/de\/wp-json\/wp\/v2\/categories?post=410630"},{"taxonomy":"post_tag","embeddable":true,"href":"https:\/\/www.europesays.com\/de\/wp-json\/wp\/v2\/tags?post=410630"}],"curies":[{"name":"wp","href":"https:\/\/api.w.org\/{rel}","templated":true}]}}