{"id":410647,"date":"2025-09-10T03:10:35","date_gmt":"2025-09-10T03:10:35","guid":{"rendered":"https:\/\/www.europesays.com\/de\/410647\/"},"modified":"2025-09-10T03:10:35","modified_gmt":"2025-09-10T03:10:35","slug":"vero-moda-filiale-in-mainz-geschlossen-nachfolger-steht-bereits-fest","status":"publish","type":"post","link":"https:\/\/www.europesays.com\/de\/410647\/","title":{"rendered":"\u201eVero Moda\u201c-Filiale in Mainz geschlossen \u2013 Nachfolger steht bereits fest"},"content":{"rendered":"<p>Die Damenmode-Filiale \u201eVero Moda\u201c in der Mainzer Schusterstra\u00dfe hat ihre T\u00fcren geschlossen. Wie die Allgemeine Zeitung berichtet, steht bereits fest, welche Marke in die R\u00e4umlichkeiten einziehen wird.<\/p>\n<p>Das Gesch\u00e4ft hatte sich eine Ladenfl\u00e4che \u00fcber zwei Etagen mit der M\u00e4nnermarke \u201eJack &amp; Jones\u201c geteilt, die aktuell ebenfalls wegen Umbauarbeiten geschlossen ist. \u201eJack &amp; Jones\u201c soll am Donnerstag, 23. Oktober, in der unteren Etage wiederer\u00f6ffnen. Das teilt Lorena Naradko, Regionalleiterin bei \u201eJack &amp; Jones\u201c, auf Anfrage der Zeitung mit. In die obere Etage ziehe dann die Marke \u201eJJXX\u201c ein, die Damenlinie von \u201eJack &amp; Jones\u201c. Alle drei Marken geh\u00f6ren zur d\u00e4nischen Unternehmensgruppe \u201eBestseller\u201c.<\/p>\n<p>\u201eVero Moda\u201c bleibt in Mainz<\/p>\n<p>Trotz der Schlie\u00dfung in der Schusterstra\u00dfe bleibt \u201eVero Moda\u201c der Mainzer Innenstadt erhalten. Bereits vor knapp einem Jahr hatte eine weitere Filiale \u201eAm Brand\u201c er\u00f6ffnet. Laut Naradko war mit der Er\u00f6ffnung des neuen Standorts bereits geplant, dass \u201eVero Moda\u201c aus der Schusterstra\u00dfe auszieht. Da der Mietvertrag dort aber erst im September auslief, habe es sich bei den zwei Standorten um eine \u00dcbergangsl\u00f6sung gehandelt.<\/p>\n","protected":false},"excerpt":{"rendered":"Die Damenmode-Filiale \u201eVero Moda\u201c in der Mainzer Schusterstra\u00dfe hat ihre T\u00fcren geschlossen. Wie die Allgemeine Zeitung berichtet, steht&hellip;\n","protected":false},"author":2,"featured_media":410648,"comment_status":"","ping_status":"","sticky":false,"template":"","format":"standard","meta":{"footnotes":""},"categories":[1847],"tags":[3364,29,548,663,3934,30,13,2052,14,15,12,4544],"class_list":{"0":"post-410647","1":"post","2":"type-post","3":"status-publish","4":"format-standard","5":"has-post-thumbnail","7":"category-wiesbaden","8":"tag-de","9":"tag-deutschland","10":"tag-eu","11":"tag-europa","12":"tag-europe","13":"tag-germany","14":"tag-headlines","15":"tag-hessen","16":"tag-nachrichten","17":"tag-news","18":"tag-schlagzeilen","19":"tag-wiesbaden"},"share_on_mastodon":{"url":"https:\/\/pubeurope.com\/@de\/115177811340840953","error":""},"_links":{"self":[{"href":"https:\/\/www.europesays.com\/de\/wp-json\/wp\/v2\/posts\/410647","targetHints":{"allow":["GET"]}}],"collection":[{"href":"https:\/\/www.europesays.com\/de\/wp-json\/wp\/v2\/posts"}],"about":[{"href":"https:\/\/www.europesays.com\/de\/wp-json\/wp\/v2\/types\/post"}],"author":[{"embeddable":true,"href":"https:\/\/www.europesays.com\/de\/wp-json\/wp\/v2\/users\/2"}],"replies":[{"embeddable":true,"href":"https:\/\/www.europesays.com\/de\/wp-json\/wp\/v2\/comments?post=410647"}],"version-history":[{"count":0,"href":"https:\/\/www.europesays.com\/de\/wp-json\/wp\/v2\/posts\/410647\/revisions"}],"wp:featuredmedia":[{"embeddable":true,"href":"https:\/\/www.europesays.com\/de\/wp-json\/wp\/v2\/media\/410648"}],"wp:attachment":[{"href":"https:\/\/www.europesays.com\/de\/wp-json\/wp\/v2\/media?parent=410647"}],"wp:term":[{"taxonomy":"category","embeddable":true,"href":"https:\/\/www.europesays.com\/de\/wp-json\/wp\/v2\/categories?post=410647"},{"taxonomy":"post_tag","embeddable":true,"href":"https:\/\/www.europesays.com\/de\/wp-json\/wp\/v2\/tags?post=410647"}],"curies":[{"name":"wp","href":"https:\/\/api.w.org\/{rel}","templated":true}]}}